{"id":998,"date":"2011-10-19T18:49:00","date_gmt":"2011-10-19T16:49:00","guid":{"rendered":"http:\/\/wptestsite.tecnavia.com\/chiesedisicilia_clientsite\/news\/2011\/10\/19\/acireale-mons-sciacca-celebra-messa-nella-sua-citta\/"},"modified":"2018-11-09T10:52:50","modified_gmt":"2018-01-13T10:52:50","slug":"acireale-mons-sciacca-celebra-messa-nella-sua-citta","status":"publish","type":"post","link":"https:\/\/www.chiesedisicilia.org\/2011\/10\/19\/acireale-mons-sciacca-celebra-messa-nella-sua-citta\/","title":{"rendered":"ACIREALE. MONS. SCIACCA CELEBRA MESSA NELLA SUA CITTA&#8217;"},"content":{"rendered":"<div style=\"text-align: justify\">Oggi, luned\u00ec 31 Ottobre, alle 18:30 nella Basilica Cattedrale di Acireale, mons. Giuseppe Sciacca, Segretario generale della Citt\u00e0 dello Stato del Vaticano, elevato all&#8217;Ordine Episcopale l&#8217;otto Ottobre scorso nella Basilica papale di S. Pietro in Vaticano, celebrer\u00e0 una messa di ringraziamento nella citt\u00e0 che per tanti anni lo ha visto ricoprire incarichi di notevole responsabilit\u00e0. [01]<\/div>\n<div style=\"text-align: justify\">\u00a0<\/div>\n<div>\u00a0<\/div>\n","protected":false},"excerpt":{"rendered":"","protected":false},"author":1,"featured_media":0,"comment_status":"open","ping_status":"open","sticky":false,"template":"","format":"standard","meta":[],"categories":[30],"tags":[],"news-destination":[],"news-source":[],"is_homepage":[],"ta_other":[],"_links":{"self":[{"href":"https:\/\/www.chiesedisicilia.org\/chiesedisicilia\/news\/wp-json\/wp\/v2\/posts\/998"}],"collection":[{"href":"https:\/\/www.chiesedisicilia.org\/chiesedisicilia\/news\/wp-json\/wp\/v2\/posts"}],"about":[{"href":"https:\/\/www.chiesedisicilia.org\/chiesedisicilia\/news\/wp-json\/wp\/v2\/types\/post"}],"author":[{"embeddable":true,"href":"https:\/\/www.chiesedisicilia.org\/chiesedisicilia\/news\/wp-json\/wp\/v2\/users\/1"}],"replies":[{"embeddable":true,"href":"https:\/\/www.chiesedisicilia.org\/chiesedisicilia\/news\/wp-json\/wp\/v2\/comments?post=998"}],"version-history":[{"count":1,"href":"https:\/\/www.chiesedisicilia.org\/chiesedisicilia\/news\/wp-json\/wp\/v2\/posts\/998\/revisions"}],"predecessor-version":[{"id":19504,"href":"https:\/\/www.chiesedisicilia.org\/chiesedisicilia\/news\/wp-json\/wp\/v2\/posts\/998\/revisions\/19504"}],"wp:attachment":[{"href":"https:\/\/www.chiesedisicilia.org\/chiesedisicilia\/news\/wp-json\/wp\/v2\/media?parent=998"}],"wp:term":[{"taxonomy":"category","embeddable":true,"href":"https:\/\/www.chiesedisicilia.org\/chiesedisicilia\/news\/wp-json\/wp\/v2\/categories?post=998"},{"taxonomy":"post_tag","embeddable":true,"href":"https:\/\/www.chiesedisicilia.org\/chiesedisicilia\/news\/wp-json\/wp\/v2\/tags?post=998"},{"taxonomy":"news-destination","embeddable":true,"href":"https:\/\/www.chiesedisicilia.org\/chiesedisicilia\/news\/wp-json\/wp\/v2\/news-destination?post=998"},{"taxonomy":"news-source","embeddable":true,"href":"https:\/\/www.chiesedisicilia.org\/chiesedisicilia\/news\/wp-json\/wp\/v2\/news-source?post=998"},{"taxonomy":"is_homepage","embeddable":true,"href":"https:\/\/www.chiesedisicilia.org\/chiesedisicilia\/news\/wp-json\/wp\/v2\/is_homepage?post=998"},{"taxonomy":"ta_other","embeddable":true,"href":"https:\/\/www.chiesedisicilia.org\/chiesedisicilia\/news\/wp-json\/wp\/v2\/ta_other?post=998"}],"curies":[{"name":"wp","href":"https:\/\/api.w.org\/{rel}","templated":true}]}}