{"id":9889,"date":"2019-06-24T13:13:32","date_gmt":"2019-06-24T11:13:32","guid":{"rendered":"http:\/\/www.chiesedisicilia.org\/chiesedisicilia\/?p=9889"},"modified":"2019-06-24T13:16:19","modified_gmt":"2018-08-28T13:16:19","slug":"ufficio-regionale-per-la-cultura-e-le-comunicazioni-sociali-incontro-di-commissione-del-26-giugno-2019","status":"publish","type":"post","link":"https:\/\/www.chiesedisicilia.org\/2019\/06\/24\/ufficio-regionale-per-la-cultura-e-le-comunicazioni-sociali-incontro-di-commissione-del-26-giugno-2019\/","title":{"rendered":"UFFICIO REGIONALE PER LA CULTURA E LE COMUNICAZIONI SOCIALI: INCONTRO DI COMMISSIONE DEL 26 GIUGNO 2019"},"content":{"rendered":"<p>La Commissione dell&#8217;Ufficio regionale per la Cultura e le Comunicazioni Sociali si riunir\u00e0 mercoled\u00ec 26 giugno 2019, a partire dalle ore 10, ad Enna, presso l\u2019Hotel Federico II.<\/p>\n<p>All&#8217;incontro prender\u00e0 parte anche Vincenzo Corrado, nominato di recente vicedirettore dell&#8217;Ufficio nazionale per la Comunicazione e la Cultura della CEI.<\/p>\n<p>&#8220;Dal like all&#8217;amen: la relazione di reciprocit\u00e0 si nutre di verit\u00e0&#8221; e &#8220;Dopo Assisi quali impulsi e strategie?&#8221; sono alcuni degli argomenti che verranno approfonditi. Si parler\u00e0 anche delle possibilit\u00e0 di visibilit\u00e0 offerte oggi alle realt\u00e0 locali.<\/p>\n<p>L&#8217;incontro di Commissione \u00e8 aperto anche ai collaboratori dei vari uffici diocesani di settore.<\/p>\n","protected":false},"excerpt":{"rendered":"","protected":false},"author":4,"featured_media":706,"comment_status":"closed","ping_status":"closed","sticky":false,"template":"","format":"standard","meta":[],"categories":[7],"tags":[331],"news-destination":[],"news-source":[],"is_homepage":[],"ta_other":[],"_links":{"self":[{"href":"https:\/\/www.chiesedisicilia.org\/chiesedisicilia\/news\/wp-json\/wp\/v2\/posts\/9889"}],"collection":[{"href":"https:\/\/www.chiesedisicilia.org\/chiesedisicilia\/news\/wp-json\/wp\/v2\/posts"}],"about":[{"href":"https:\/\/www.chiesedisicilia.org\/chiesedisicilia\/news\/wp-json\/wp\/v2\/types\/post"}],"author":[{"embeddable":true,"href":"https:\/\/www.chiesedisicilia.org\/chiesedisicilia\/news\/wp-json\/wp\/v2\/users\/4"}],"replies":[{"embeddable":true,"href":"https:\/\/www.chiesedisicilia.org\/chiesedisicilia\/news\/wp-json\/wp\/v2\/comments?post=9889"}],"version-history":[{"count":1,"href":"https:\/\/www.chiesedisicilia.org\/chiesedisicilia\/news\/wp-json\/wp\/v2\/posts\/9889\/revisions"}],"predecessor-version":[{"id":9890,"href":"https:\/\/www.chiesedisicilia.org\/chiesedisicilia\/news\/wp-json\/wp\/v2\/posts\/9889\/revisions\/9890"}],"wp:featuredmedia":[{"embeddable":true,"href":"https:\/\/www.chiesedisicilia.org\/chiesedisicilia\/news\/wp-json\/wp\/v2\/media\/706"}],"wp:attachment":[{"href":"https:\/\/www.chiesedisicilia.org\/chiesedisicilia\/news\/wp-json\/wp\/v2\/media?parent=9889"}],"wp:term":[{"taxonomy":"category","embeddable":true,"href":"https:\/\/www.chiesedisicilia.org\/chiesedisicilia\/news\/wp-json\/wp\/v2\/categories?post=9889"},{"taxonomy":"post_tag","embeddable":true,"href":"https:\/\/www.chiesedisicilia.org\/chiesedisicilia\/news\/wp-json\/wp\/v2\/tags?post=9889"},{"taxonomy":"news-destination","embeddable":true,"href":"https:\/\/www.chiesedisicilia.org\/chiesedisicilia\/news\/wp-json\/wp\/v2\/news-destination?post=9889"},{"taxonomy":"news-source","embeddable":true,"href":"https:\/\/www.chiesedisicilia.org\/chiesedisicilia\/news\/wp-json\/wp\/v2\/news-source?post=9889"},{"taxonomy":"is_homepage","embeddable":true,"href":"https:\/\/www.chiesedisicilia.org\/chiesedisicilia\/news\/wp-json\/wp\/v2\/is_homepage?post=9889"},{"taxonomy":"ta_other","embeddable":true,"href":"https:\/\/www.chiesedisicilia.org\/chiesedisicilia\/news\/wp-json\/wp\/v2\/ta_other?post=9889"}],"curies":[{"name":"wp","href":"https:\/\/api.w.org\/{rel}","templated":true}]}}