{"id":9734,"date":"2019-06-04T13:27:01","date_gmt":"2019-06-04T11:27:01","guid":{"rendered":"http:\/\/www.chiesedisicilia.org\/chiesedisicilia\/?p=9734"},"modified":"2019-06-06T20:17:14","modified_gmt":"2018-08-10T20:17:14","slug":"centenario-don-sturzo-presentazione-de-lattualita-di-un-impegno-nuovo","status":"publish","type":"post","link":"https:\/\/www.chiesedisicilia.org\/2019\/06\/04\/centenario-don-sturzo-presentazione-de-lattualita-di-un-impegno-nuovo\/","title":{"rendered":"CENTENARIO DON STURZO: PRESENTAZIONE DE \u201cL\u2019ATTUALIT\u00c0 DI UN IMPEGNO NUOVO\u201d"},"content":{"rendered":"<p>In occasione del centenario dell\u2019\u201cAppello ai liberi e forti\u201d di don Luigi Sturzo un Convegno internazionale evidenzier\u00e0 \u201cL\u2019attualit\u00e0 di un impegno nuovo\u201d. Si svolger\u00e0 a Caltagirone dal 14 al 16 giugno prossimi. \u201cRileggeremo insieme i 12 punti dell\u2019Appello in altrettante distinte sessioni tematiche, dialogando &#8211; si legge nella brochure &#8211; con prestigiosi esperti e testimoni del nostro tempo, onorando e spirito sinodale l\u2019anniversario del centenario nella citt\u00e0 del sacerdote e statista Don Luigi Sturzo.\u00a0Un dialogo \u2018culturale e sociale\u2019 &#8211; continuano gli organizzatori &#8211; che vedr\u00e0 impegnati istituzioni, enti, associazioni pubbliche e private e che \u00e8 rivolto principalmente alle nostre comunit\u00e0 e alle nuove generazioni\u201d.<\/p>\n<p>L\u2019iniziativa ha un comitato promotore scientifico composto da: Salvatore Martinez, presidente del Polo di eccellenza della Promozione umana e della solidariet\u00e0 \u201cMario e Luigi Sturzo\u201d e della Fondazione \u201cCasa museo Sturzo\u201d in Caltagirone; Matteo Truffelli, presidente dell\u2019Azione Cattolica Italiana; Nicola Antonetti, presidente dell\u2019\u201cIstituto Don Luigi Sturzo\u201d di Roma; Gaspare Sturzo, presidente del \u201cCentro internazionale studi Sturzo\u201d di Roma; Francesco Bonini, rettore dell\u2019Universit\u00e0 LUMSA di Roma; Lorenzo Ornaghi, presidente del Comitato scientifico della \u201cFondazione De Gasperi\u201d; \u00a0mons. Michele Pennisi, arcivescovo di Monreale e presidente della Commissione storica per la causa di canonizzazione di don Luigi Sturzo.<\/p>\n<p>Del comitato organizzatore fanno parte la diocesi di Caltagirone, il Comune di Caltagirone e la regione siciliana.<\/p>\n","protected":false},"excerpt":{"rendered":"<p>Sar\u00e0 presentato gioved\u00ec 6 giugno, alle ore 10, presso la Sala Alessi della sede della Regione Siciliana, a Palazzo d\u2019Orleans, il convegno internazionale \u201cL\u2019attualit\u00e0 di un impegno nuovo\u201d che si terr\u00e0 a Caltagirone dal 14 al 16 giugno 2019.<\/p>\n","protected":false},"author":4,"featured_media":8625,"comment_status":"closed","ping_status":"closed","sticky":false,"template":"","format":"standard","meta":[],"categories":[30],"tags":[222,498],"news-destination":[],"news-source":[],"is_homepage":[],"ta_other":[],"_links":{"self":[{"href":"https:\/\/www.chiesedisicilia.org\/chiesedisicilia\/news\/wp-json\/wp\/v2\/posts\/9734"}],"collection":[{"href":"https:\/\/www.chiesedisicilia.org\/chiesedisicilia\/news\/wp-json\/wp\/v2\/posts"}],"about":[{"href":"https:\/\/www.chiesedisicilia.org\/chiesedisicilia\/news\/wp-json\/wp\/v2\/types\/post"}],"author":[{"embeddable":true,"href":"https:\/\/www.chiesedisicilia.org\/chiesedisicilia\/news\/wp-json\/wp\/v2\/users\/4"}],"replies":[{"embeddable":true,"href":"https:\/\/www.chiesedisicilia.org\/chiesedisicilia\/news\/wp-json\/wp\/v2\/comments?post=9734"}],"version-history":[{"count":1,"href":"https:\/\/www.chiesedisicilia.org\/chiesedisicilia\/news\/wp-json\/wp\/v2\/posts\/9734\/revisions"}],"predecessor-version":[{"id":9735,"href":"https:\/\/www.chiesedisicilia.org\/chiesedisicilia\/news\/wp-json\/wp\/v2\/posts\/9734\/revisions\/9735"}],"wp:featuredmedia":[{"embeddable":true,"href":"https:\/\/www.chiesedisicilia.org\/chiesedisicilia\/news\/wp-json\/wp\/v2\/media\/8625"}],"wp:attachment":[{"href":"https:\/\/www.chiesedisicilia.org\/chiesedisicilia\/news\/wp-json\/wp\/v2\/media?parent=9734"}],"wp:term":[{"taxonomy":"category","embeddable":true,"href":"https:\/\/www.chiesedisicilia.org\/chiesedisicilia\/news\/wp-json\/wp\/v2\/categories?post=9734"},{"taxonomy":"post_tag","embeddable":true,"href":"https:\/\/www.chiesedisicilia.org\/chiesedisicilia\/news\/wp-json\/wp\/v2\/tags?post=9734"},{"taxonomy":"news-destination","embeddable":true,"href":"https:\/\/www.chiesedisicilia.org\/chiesedisicilia\/news\/wp-json\/wp\/v2\/news-destination?post=9734"},{"taxonomy":"news-source","embeddable":true,"href":"https:\/\/www.chiesedisicilia.org\/chiesedisicilia\/news\/wp-json\/wp\/v2\/news-source?post=9734"},{"taxonomy":"is_homepage","embeddable":true,"href":"https:\/\/www.chiesedisicilia.org\/chiesedisicilia\/news\/wp-json\/wp\/v2\/is_homepage?post=9734"},{"taxonomy":"ta_other","embeddable":true,"href":"https:\/\/www.chiesedisicilia.org\/chiesedisicilia\/news\/wp-json\/wp\/v2\/ta_other?post=9734"}],"curies":[{"name":"wp","href":"https:\/\/api.w.org\/{rel}","templated":true}]}}