{"id":9728,"date":"2019-05-28T13:05:16","date_gmt":"2019-05-28T11:05:16","guid":{"rendered":"http:\/\/www.chiesedisicilia.org\/chiesedisicilia\/?p=9728"},"modified":"2019-06-11T20:26:13","modified_gmt":"2018-08-15T20:26:13","slug":"giornata-sacerdotale-regionale-mariana","status":"publish","type":"post","link":"https:\/\/www.chiesedisicilia.org\/2019\/05\/28\/giornata-sacerdotale-regionale-mariana\/","title":{"rendered":"GIORNATA SACERDOTALE REGIONALE MARIANA"},"content":{"rendered":"<p>Sar\u00e0 il santuario mariano di Santa Maria della Stella, a Militello in Val di Catania, territorio di Catania e diocesi di Caltagirone, ad ospitare la Giornata sacerdotale regionale marina del 2019. L&#8217;evento, organizzato dalla Commissione presbiterale siciliana per marted\u00ec 11 giugno, \u00e8 occasione di incontro, riflessione e preghiera per tutti i sacerdoti impegnati nelle diciotto diocesi dell&#8217;Isola.<\/p>\n<p>Il Santuario, che \u00e8 patrimonio Unesco, \u00e8 stato scelto perch\u00e9 &#8220;si ricordano i 50 anni della sua erezione. Dal punto di vista artistico &#8211; si legge nel pieghevole che annuncia la Giornata &#8211; \u00e8 una perla del barocco siciliano, costruito dopo il terremoto del 1693 che ha devastato tutta la Sicilia della valle di Noto&#8221;.<\/p>\n<p>Il programma prevede l&#8217;arrivo e l&#8217;accoglienza dei presbiteri partecipanti alle ore 9.15, presso il Palazzo municipale, ex Monastero dei Benedettini. Fino alle 11 sar\u00e0 possibile la visita guidata della Citt\u00e0.<\/p>\n<p>Alle 11.15 avr\u00e0 inizio il pellegrinaggio verso il Santuario, dove sar\u00e0 concelebrata la messa.<\/p>\n<p>&#8220;<em>Insieme al presbiterio e a tutta la Chiesa calatina, ho la gioia di accogliervi nella nostra diocesi sotto la sguardo di Maria Madre di Dio e Madre nostra. Il titolo di Santa Maria della Stella<\/em> &#8211; scrive<strong> mons. Calogero Peri, vescovo di Caltagirone<\/strong>, ai confratelli presbiteri di Sicilia &#8211; <em>evoca il posto che la Vergine Maria occupa nella storia della salvezza e, dunque, nella nostra esperienza di fede. A lei vogliamo guardare come stella nella notte del male e del peccato, come stella del mare nella grande traversata della vita verso l&#8217;altra riva, come stella del mattino che annuncia, quale aurora della salvezza, l&#8217;arrivo di Ges\u00f9 Cristo, sole che sorge dall&#8217;alto per illuminare ogni uomo che viene in questo mondo<\/em>&#8220;.<\/p>\n","protected":false},"excerpt":{"rendered":"","protected":false},"author":4,"featured_media":9729,"comment_status":"closed","ping_status":"closed","sticky":false,"template":"","format":"standard","meta":[],"categories":[7],"tags":[480,497],"news-destination":[],"news-source":[],"is_homepage":[],"ta_other":[],"_links":{"self":[{"href":"https:\/\/www.chiesedisicilia.org\/chiesedisicilia\/news\/wp-json\/wp\/v2\/posts\/9728"}],"collection":[{"href":"https:\/\/www.chiesedisicilia.org\/chiesedisicilia\/news\/wp-json\/wp\/v2\/posts"}],"about":[{"href":"https:\/\/www.chiesedisicilia.org\/chiesedisicilia\/news\/wp-json\/wp\/v2\/types\/post"}],"author":[{"embeddable":true,"href":"https:\/\/www.chiesedisicilia.org\/chiesedisicilia\/news\/wp-json\/wp\/v2\/users\/4"}],"replies":[{"embeddable":true,"href":"https:\/\/www.chiesedisicilia.org\/chiesedisicilia\/news\/wp-json\/wp\/v2\/comments?post=9728"}],"version-history":[{"count":1,"href":"https:\/\/www.chiesedisicilia.org\/chiesedisicilia\/news\/wp-json\/wp\/v2\/posts\/9728\/revisions"}],"predecessor-version":[{"id":9730,"href":"https:\/\/www.chiesedisicilia.org\/chiesedisicilia\/news\/wp-json\/wp\/v2\/posts\/9728\/revisions\/9730"}],"wp:featuredmedia":[{"embeddable":true,"href":"https:\/\/www.chiesedisicilia.org\/chiesedisicilia\/news\/wp-json\/wp\/v2\/media\/9729"}],"wp:attachment":[{"href":"https:\/\/www.chiesedisicilia.org\/chiesedisicilia\/news\/wp-json\/wp\/v2\/media?parent=9728"}],"wp:term":[{"taxonomy":"category","embeddable":true,"href":"https:\/\/www.chiesedisicilia.org\/chiesedisicilia\/news\/wp-json\/wp\/v2\/categories?post=9728"},{"taxonomy":"post_tag","embeddable":true,"href":"https:\/\/www.chiesedisicilia.org\/chiesedisicilia\/news\/wp-json\/wp\/v2\/tags?post=9728"},{"taxonomy":"news-destination","embeddable":true,"href":"https:\/\/www.chiesedisicilia.org\/chiesedisicilia\/news\/wp-json\/wp\/v2\/news-destination?post=9728"},{"taxonomy":"news-source","embeddable":true,"href":"https:\/\/www.chiesedisicilia.org\/chiesedisicilia\/news\/wp-json\/wp\/v2\/news-source?post=9728"},{"taxonomy":"is_homepage","embeddable":true,"href":"https:\/\/www.chiesedisicilia.org\/chiesedisicilia\/news\/wp-json\/wp\/v2\/is_homepage?post=9728"},{"taxonomy":"ta_other","embeddable":true,"href":"https:\/\/www.chiesedisicilia.org\/chiesedisicilia\/news\/wp-json\/wp\/v2\/ta_other?post=9728"}],"curies":[{"name":"wp","href":"https:\/\/api.w.org\/{rel}","templated":true}]}}