{"id":9721,"date":"2019-05-28T11:02:54","date_gmt":"2019-05-28T09:02:54","guid":{"rendered":"http:\/\/www.chiesedisicilia.org\/chiesedisicilia\/?p=9721"},"modified":"2019-07-27T17:57:35","modified_gmt":"2018-09-30T17:57:35","slug":"come-se-vedessero-linvisibile-maria-chiara-mangiacavallo-testimonial-del-6-percorso-per-animatori-vocazionali","status":"publish","type":"post","link":"https:\/\/www.chiesedisicilia.org\/2019\/05\/28\/come-se-vedessero-linvisibile-maria-chiara-mangiacavallo-testimonial-del-6-percorso-per-animatori-vocazionali\/","title":{"rendered":"&#8220;COME SE VEDESSERO l&#8217;INVISIBILE&#8221;: MARIA CHIARA MANGIACAVALLO TESTIMONIAL DEL 6\u00b0 PERCORSO PER ANIMATORI VOCAZIONALI"},"content":{"rendered":"<p>Come ogni anno, gli educatori, le equipe vocazionali e di Pastorale giovanile, i catechisti, ma anche i presbiteri e i diaconi, i consacrati e le consacrate di Sicilia, i seminaristi e i novizi, le coppie di sposi, i giovani che prenderanno parte al <a href=\"http:\/\/chiesedisiciliase.ita.newsmemory.com\/?pSetup=chiesedisiciliase&amp;editionStart=PAV+2019+Programma&amp;date=20190528\">Percorso per animatori vocazionali 2019<\/a> saranno accompagnati da una figura di riferimento. In questa sesta edizione, la testimonial scelta nell&#8217;ambito dell&#8217;appuntamento dal titolo &#8220;Come se vedessero l&#8217;invisibile&#8221; sar\u00e0 Maria Chiara Mangiacavallo (1985 &#8211; 2015).<\/p>\n<p><img alt=\"\"COME SE VEDESSERO l'INVISIBILE\": MARIA CHIARA MANGIACAVALLO TESTIMONIAL DEL 6\u00b0 PERCORSO PER ANIMATORI VOCAZIONALI\" title=\"\"COME SE VEDESSERO l'INVISIBILE\": MARIA CHIARA MANGIACAVALLO TESTIMONIAL DEL 6\u00b0 PERCORSO PER ANIMATORI VOCAZIONALI\" loading=\"lazy\" class=\"wp-image-9335 alignleft\" src=\"https:\/\/www.chiesedisicilia.org\/chiesedisicilia\/news\/wp-content\/uploads\/sites\/2\/2019\/04\/8C6C5312-E40E-494A-B0FB-F5E131B36E30.jpeg\" alt=\"\" width=\"213\" height=\"213\" srcset=\"https:\/\/euwps05.newsmemory.com\/chiesedisicilia\/news\/wp-content\/uploads\/sites\/2\/2019\/04\/8C6C5312-E40E-494A-B0FB-F5E131B36E30.jpeg 480w, https:\/\/euwps05.newsmemory.com\/chiesedisicilia\/news\/wp-content\/uploads\/sites\/2\/2019\/04\/8C6C5312-E40E-494A-B0FB-F5E131B36E30-150x150.jpeg 150w, https:\/\/euwps05.newsmemory.com\/chiesedisicilia\/news\/wp-content\/uploads\/sites\/2\/2019\/04\/8C6C5312-E40E-494A-B0FB-F5E131B36E30-300x300.jpeg 300w, https:\/\/euwps05.newsmemory.com\/chiesedisicilia\/news\/wp-content\/uploads\/sites\/2\/2019\/04\/8C6C5312-E40E-494A-B0FB-F5E131B36E30-32x32.jpeg 32w, https:\/\/euwps05.newsmemory.com\/chiesedisicilia\/news\/wp-content\/uploads\/sites\/2\/2019\/04\/8C6C5312-E40E-494A-B0FB-F5E131B36E30-50x50.jpeg 50w, https:\/\/euwps05.newsmemory.com\/chiesedisicilia\/news\/wp-content\/uploads\/sites\/2\/2019\/04\/8C6C5312-E40E-494A-B0FB-F5E131B36E30-64x64.jpeg 64w, https:\/\/euwps05.newsmemory.com\/chiesedisicilia\/news\/wp-content\/uploads\/sites\/2\/2019\/04\/8C6C5312-E40E-494A-B0FB-F5E131B36E30-96x96.jpeg 96w, https:\/\/euwps05.newsmemory.com\/chiesedisicilia\/news\/wp-content\/uploads\/sites\/2\/2019\/04\/8C6C5312-E40E-494A-B0FB-F5E131B36E30-128x128.jpeg 128w\" sizes=\"(max-width: 213px) 100vw, 213px\" \/>La sua \u00e8 quella che <strong>mons. Guglielmo Giombanco, vescovo di Patti e delegato CESi per le Vocazioni<\/strong>, definisce una &#8220;<em>forte\u00a0testimonianza di fedelt\u00e0 a Cristo e al Vangelo<\/em>&#8220;: Maria Chiara era una giovane siciliana della Chiesa di Agrigento che &#8220;<em>con la sua vita breve e intensa ha fatto risplendere la luce di Dio nel mondo. \u00c8\u00a0la luce dell&#8217;amore\u00a0che dona nuove ragioni di vita<\/em> &#8211; continua mons. Giombanco &#8211; <em>, che motiva le scelte e orienta l&#8217;esistenza verso nuovi orizzonti<\/em>&#8220;.<\/p>\n<p>In sintonia con il ritratto offerto dal vescovo delegato, il sottotitolo dell&#8217;evento: &#8220;Vuoi risplendere?&#8221;.<\/p>\n<p>La presentazione dell'&#8221;<em>esempio di speranza custodita nel cuore, perch\u00e9 suscitata dalla fede e dell&#8217;amore per vivere la vita come cammino di libert\u00e0 verso il dono di s\u00e9<\/em>&#8221; \u00e8 importante ed utile, secondo gli organizzatori, per quanti intendono formarsi alla cultura vocazionale per essere, nei propri ambienti, &#8220;<em>promotori delle vocazioni e accompagnatori spirituali per un serio discernimento<\/em>&#8220;.<\/p>\n<p>&#8220;<em>La consapevolezza che Qualcuno ci ha chiamati all&#8217;esistenza per un atto di amore<\/em> &#8211; per mons. Giombanco &#8211; <em>crea in noi la capacit\u00e0 di amare e di donarci. Tale capacit\u00e0 \u00e8 il riflesso del Suo essere intimo ed \u00e8 il segno della nostra misteriosa appartenenza a Lui<\/em>&#8220;.<\/p>\n","protected":false},"excerpt":{"rendered":"<p>&#8220;Come se vedessero l&#8217;infinito&#8221; \u00e8 il titolo della sesta edizione del Pav, il Percorso per animatori vocazionali che si svolger\u00e0 a Mascalucia (CT) dal 26 al 28 luglio 2019. Ad organizzarlo \u00e8 il Centro regionale per le Vocazioni della Conferenza episcopale siciliana.<\/p>\n","protected":false},"author":4,"featured_media":9722,"comment_status":"closed","ping_status":"closed","sticky":false,"template":"","format":"standard","meta":[],"categories":[40],"tags":[213,496,495],"news-destination":[],"news-source":[],"is_homepage":[],"ta_other":[],"_links":{"self":[{"href":"https:\/\/www.chiesedisicilia.org\/chiesedisicilia\/news\/wp-json\/wp\/v2\/posts\/9721"}],"collection":[{"href":"https:\/\/www.chiesedisicilia.org\/chiesedisicilia\/news\/wp-json\/wp\/v2\/posts"}],"about":[{"href":"https:\/\/www.chiesedisicilia.org\/chiesedisicilia\/news\/wp-json\/wp\/v2\/types\/post"}],"author":[{"embeddable":true,"href":"https:\/\/www.chiesedisicilia.org\/chiesedisicilia\/news\/wp-json\/wp\/v2\/users\/4"}],"replies":[{"embeddable":true,"href":"https:\/\/www.chiesedisicilia.org\/chiesedisicilia\/news\/wp-json\/wp\/v2\/comments?post=9721"}],"version-history":[{"count":3,"href":"https:\/\/www.chiesedisicilia.org\/chiesedisicilia\/news\/wp-json\/wp\/v2\/posts\/9721\/revisions"}],"predecessor-version":[{"id":9726,"href":"https:\/\/www.chiesedisicilia.org\/chiesedisicilia\/news\/wp-json\/wp\/v2\/posts\/9721\/revisions\/9726"}],"wp:featuredmedia":[{"embeddable":true,"href":"https:\/\/www.chiesedisicilia.org\/chiesedisicilia\/news\/wp-json\/wp\/v2\/media\/9722"}],"wp:attachment":[{"href":"https:\/\/www.chiesedisicilia.org\/chiesedisicilia\/news\/wp-json\/wp\/v2\/media?parent=9721"}],"wp:term":[{"taxonomy":"category","embeddable":true,"href":"https:\/\/www.chiesedisicilia.org\/chiesedisicilia\/news\/wp-json\/wp\/v2\/categories?post=9721"},{"taxonomy":"post_tag","embeddable":true,"href":"https:\/\/www.chiesedisicilia.org\/chiesedisicilia\/news\/wp-json\/wp\/v2\/tags?post=9721"},{"taxonomy":"news-destination","embeddable":true,"href":"https:\/\/www.chiesedisicilia.org\/chiesedisicilia\/news\/wp-json\/wp\/v2\/news-destination?post=9721"},{"taxonomy":"news-source","embeddable":true,"href":"https:\/\/www.chiesedisicilia.org\/chiesedisicilia\/news\/wp-json\/wp\/v2\/news-source?post=9721"},{"taxonomy":"is_homepage","embeddable":true,"href":"https:\/\/www.chiesedisicilia.org\/chiesedisicilia\/news\/wp-json\/wp\/v2\/is_homepage?post=9721"},{"taxonomy":"ta_other","embeddable":true,"href":"https:\/\/www.chiesedisicilia.org\/chiesedisicilia\/news\/wp-json\/wp\/v2\/ta_other?post=9721"}],"curies":[{"name":"wp","href":"https:\/\/api.w.org\/{rel}","templated":true}]}}