{"id":964,"date":"2018-11-09T09:39:44","date_gmt":"2018-11-09T08:39:44","guid":{"rendered":"http:\/\/euwps02.tecnavia.com\/chiesedisicilia\/news\/?p=964"},"modified":"2018-11-09T09:40:13","modified_gmt":"2018-01-13T09:40:13","slug":"la-chiesa-e-i-giovani-un-seminario-di-studio-in-memoria-di-luigi-di-forti","status":"publish","type":"post","link":"https:\/\/www.chiesedisicilia.org\/2018\/11\/09\/la-chiesa-e-i-giovani-un-seminario-di-studio-in-memoria-di-luigi-di-forti\/","title":{"rendered":"\u201cLA CHIESA E I GIOVANI\u201d: UN SEMINARIO DI STUDIO IN MEMORIA DI LUIGI DI FORTI"},"content":{"rendered":"<p>Un seminario di studio dell\u2019Istituto Teologico \u201cMons. Guttadauro\u201d dedicato ai giovani, in sintonia con la Missione Giovani, che si sta svolgendo nella diocesi di Caltanissetta, e con il Sinodo dei vescovi recentemente terminato si svolger\u00e0 venerd\u00ec 9 novembre, alle 18, nel Museo diocesano del Seminario. Il tema \u00e8 \u201cLa Chiesa e i giovani: la testimonianza di Luigi Di Forti\u201d. Quella che sar\u00e0 ricordata nell\u2019occasione \u00e8 una figura particolarmente significativa della storia del territorio nisseno: Luigi Di Forti, giovane laico di San Cataldo e dirigente di Azione cattolica, vissuto tra il 1900 e il 1934, animatore dell\u2019impegno culturale e civile della giovent\u00f9 cattolica nel momento pi\u00f9 difficile della dittatura fascista. Di Forti aveva fondato a San Cataldo il Circolo cattolico \u201cAlessandro Manzoni\u201d, dove veniva curata la formazione spirituale e civile dei giovani, in autonomia rispetto al regime. All\u2019iniziativa interverranno Salvatore Rumeo, docente dell\u2019Istituto Teologico, che guider\u00e0 la riflessione sul tema \u201cI giovani e la fede nel cammino della Chiesa italiana e nissena\u201d e Luigi Bont\u00e0, docente del Liceo artistico Manzoni-Juvara che relazioner\u00e0 sul tema \u201cUn giovane esemplare: Luigi Di Forti\u201d.<\/p>\n","protected":false},"excerpt":{"rendered":"<p>Giovane laico e dirigente di Azione cattolica, animatore dell\u2019impegno culturale e civile della giovent\u00f9 cattolica nel momento pi\u00f9 difficile della dittatura fascista<\/p>\n","protected":false},"author":4,"featured_media":0,"comment_status":"closed","ping_status":"closed","sticky":false,"template":"","format":"standard","meta":[],"categories":[30],"tags":[52,51],"news-destination":[],"news-source":[],"is_homepage":[],"ta_other":[],"_links":{"self":[{"href":"https:\/\/www.chiesedisicilia.org\/chiesedisicilia\/news\/wp-json\/wp\/v2\/posts\/964"}],"collection":[{"href":"https:\/\/www.chiesedisicilia.org\/chiesedisicilia\/news\/wp-json\/wp\/v2\/posts"}],"about":[{"href":"https:\/\/www.chiesedisicilia.org\/chiesedisicilia\/news\/wp-json\/wp\/v2\/types\/post"}],"author":[{"embeddable":true,"href":"https:\/\/www.chiesedisicilia.org\/chiesedisicilia\/news\/wp-json\/wp\/v2\/users\/4"}],"replies":[{"embeddable":true,"href":"https:\/\/www.chiesedisicilia.org\/chiesedisicilia\/news\/wp-json\/wp\/v2\/comments?post=964"}],"version-history":[{"count":2,"href":"https:\/\/www.chiesedisicilia.org\/chiesedisicilia\/news\/wp-json\/wp\/v2\/posts\/964\/revisions"}],"predecessor-version":[{"id":966,"href":"https:\/\/www.chiesedisicilia.org\/chiesedisicilia\/news\/wp-json\/wp\/v2\/posts\/964\/revisions\/966"}],"wp:attachment":[{"href":"https:\/\/www.chiesedisicilia.org\/chiesedisicilia\/news\/wp-json\/wp\/v2\/media?parent=964"}],"wp:term":[{"taxonomy":"category","embeddable":true,"href":"https:\/\/www.chiesedisicilia.org\/chiesedisicilia\/news\/wp-json\/wp\/v2\/categories?post=964"},{"taxonomy":"post_tag","embeddable":true,"href":"https:\/\/www.chiesedisicilia.org\/chiesedisicilia\/news\/wp-json\/wp\/v2\/tags?post=964"},{"taxonomy":"news-destination","embeddable":true,"href":"https:\/\/www.chiesedisicilia.org\/chiesedisicilia\/news\/wp-json\/wp\/v2\/news-destination?post=964"},{"taxonomy":"news-source","embeddable":true,"href":"https:\/\/www.chiesedisicilia.org\/chiesedisicilia\/news\/wp-json\/wp\/v2\/news-source?post=964"},{"taxonomy":"is_homepage","embeddable":true,"href":"https:\/\/www.chiesedisicilia.org\/chiesedisicilia\/news\/wp-json\/wp\/v2\/is_homepage?post=964"},{"taxonomy":"ta_other","embeddable":true,"href":"https:\/\/www.chiesedisicilia.org\/chiesedisicilia\/news\/wp-json\/wp\/v2\/ta_other?post=964"}],"curies":[{"name":"wp","href":"https:\/\/api.w.org\/{rel}","templated":true}]}}