{"id":9593,"date":"2019-05-16T14:44:31","date_gmt":"2019-05-16T12:44:31","guid":{"rendered":"http:\/\/www.chiesedisicilia.org\/chiesedisicilia\/?p=9593"},"modified":"2020-10-14T15:43:14","modified_gmt":"2019-12-19T15:43:14","slug":"accoglienza-dialogo-annuncio-le-caritas-di-sicilia-si-ritrovano-alle-querce-di-mamre","status":"publish","type":"post","link":"https:\/\/www.chiesedisicilia.org\/2019\/05\/16\/accoglienza-dialogo-annuncio-le-caritas-di-sicilia-si-ritrovano-alle-querce-di-mamre\/","title":{"rendered":"\u201cACCOGLIENZA, DIALOGO, ANNUNCIO\u201d: LE CARITAS DI SICILIA SI RITROVANO \u201cALLE QUERCE DI MAMRE\u201d"},"content":{"rendered":"<p>Per <strong>mons. Giovanni Accolla, arcivescovo di Messina e delegato CESi per la Carit\u00e0,\u00a0<\/strong>\u201c<em>in un tempo in cui spopola la cultura dell\u2019appropriazione, a noi cristiani e, soprattutto, a noi cristiani impegnati nella carit\u00e0 spetta ricordare che l\u2019accoglienza \u00e8 il primo approccio del cristiano, ed \u00e8 esperienza a di misericordia. Significa fare l\u2019opera di Dio che \u00e8 misericordia. Quella misericordia<\/em> \u2013 ha aggiunto il presule \u2013 <em>che \u00e8 parola ed atteggiamento scandaloso, oggi; certamente lontano dal modo si relazionarsi degli uomini<\/em>\u201d.\u00a0Indicando ai partecipanti al convegno regionale l\u2019esempio di Annibale Maria di Francia, santo messinese di cui si fa memoria oggi, mons. Accolla ha incoraggiato: \u201c<em>Se quella fetta del popolo di Dio che vuole annunciare il Vangelo non vive la misericordia, fa annuncio monco, manchevole, perch\u00e9 Lui \u00e8 misericordia e la misericordia, che \u00e8 il suo modo, deve essere il nostro<\/em>\u201d.<\/p>\n<p><img alt=\"\u201cACCOGLIENZA, DIALOGO, ANNUNCIO\u201d: LE CARITAS DI SICILIA SI RITROVANO \u201cALLE QUERCE DI MAMRE\u201d\" title=\"\u201cACCOGLIENZA, DIALOGO, ANNUNCIO\u201d: LE CARITAS DI SICILIA SI RITROVANO \u201cALLE QUERCE DI MAMRE\u201d\" loading=\"lazy\" class=\"size-medium wp-image-9598 alignleft\" src=\"https:\/\/www.chiesedisicilia.org\/chiesedisicilia\/news\/wp-content\/uploads\/sites\/2\/2019\/05\/Caritas-Alle-querce-di-Mamre-1.jpg\" alt=\"\" width=\"300\" height=\"225\" srcset=\"https:\/\/euwps05.newsmemory.com\/chiesedisicilia\/news\/wp-content\/uploads\/sites\/2\/2019\/05\/Caritas-Alle-querce-di-Mamre-1.jpg 4032w, https:\/\/euwps05.newsmemory.com\/chiesedisicilia\/news\/wp-content\/uploads\/sites\/2\/2019\/05\/Caritas-Alle-querce-di-Mamre-1-300x225.jpg 300w, https:\/\/euwps05.newsmemory.com\/chiesedisicilia\/news\/wp-content\/uploads\/sites\/2\/2019\/05\/Caritas-Alle-querce-di-Mamre-1-768x576.jpg 768w, https:\/\/euwps05.newsmemory.com\/chiesedisicilia\/news\/wp-content\/uploads\/sites\/2\/2019\/05\/Caritas-Alle-querce-di-Mamre-1-1024x768.jpg 1024w, https:\/\/euwps05.newsmemory.com\/chiesedisicilia\/news\/wp-content\/uploads\/sites\/2\/2019\/05\/Caritas-Alle-querce-di-Mamre-1-750x563.jpg 750w\" sizes=\"(max-width: 300px) 100vw, 300px\" \/>Il convegno delle Caritas diocesane di Sicilia \u00e8 allora pensato come \u201c<em>occasione per ascoltare e ascoltarci, e per ricordare l\u2019obiettivo<\/em>\u201d. Cos\u00ec nelle parole di <strong>Giuseppe Paruzzo, direttore dell\u2019Ufficio regionale per la Carit\u00e0<\/strong>, per il quale \u201c<em>il conoscersi conoscendo la comunit\u00e0 nella quale operiamo, \u00e8 via maestra del cammino sinodale che dobbiamo compiere<\/em>\u201d. Per questo sono state \u201c<em>raccontate, prima ancora che presentate<\/em>\u201d alcune \u201c<em>storie di Caritas siciliana<\/em>\u201d: il progetto \u201cRifugiato a casa mia\u201d dell\u2019arcidiocesi di Catania, il progetto \u201cPresidio\u201d di Ragusa e \u201cLiberi di partire, liberi di restare\u201d realizzato a Caltanissetta. Ad introdurre le testimonianze, con in mano la lettera &#8220;Convertitevi!&#8221;, scritta dai vescovi di Sicilia in occasione del 25\u00b0 dell&#8217;appello di Giovanni Paolo II contro la mafia e le ingiustizie, \u00e8 stato <strong>don Antonino Basile, della Caritas di Messina<\/strong>. &#8220;<em>Parlare dei piccoli successi, delle buone prassi, delle Caritas diocesane di Sicilia<\/em> &#8211; ha detto &#8211; <em>\u00e8 mostrare i segni di una conversione concreta e attuale: non si tratta di non fare alcune cose, ma di farne altre, di fare le cose giuste, buone<\/em>&#8220;.<\/p>\n<p>Sul <strong>progetto Presidio, Vincenzo Lamonica<\/strong>, ha spiegato che &#8220;<em>\u00e8 nato per garantire il diritto alla salute, al lavoro dignitoso, all\u2019assistenza. Si \u00e8 pensato inizialmente ai lavoratori stagionali, ma non siamo certo noi a fare differenze o a mettere limiti e restrizioni. Il luogo naturale in cui far sede ci \u00e8 sembrato essere proprio la parrocchia<\/em> &#8211; ha aggiunto &#8211;<em>, anche se siamo arrivati fin dove chi ha bisogno di noi vive e l\u00ec siamo rimasti: accanto a loro<\/em>&#8220;. Un appello, il suo, alla \u201c<em>prevenzione e sensibilizzazione, che deve raggiungere tutti: istituzioni, enti, partiti, parrocchie. Perch\u00e9 non si tratta di fenomeni o, come si dice spesso, di problemi lontani da noi e che non ci riguardano, ma che anzi interpellano ciascuno di noi<\/em>\u201d.<\/p>\n<p>Il <strong>Progetto \u201cRifugiato a casa mia\u201d<\/strong> \u00e8 conosciuto come esperienza di corridoi umanitari. <strong>Salvatore Pappalardo<\/strong> ha presentato &#8220;l<em>e difficolt\u00e0 grandi che l\u2019accoglienza ha presentato ma, con esse, anche la gioia immensa che ha portato; non solo a chi ha trovato casa, ma anche a chi ha accompagnato<\/em>&#8220;. Riportando anche le testimonianze di chi \u00e8 stato accolto, Pappalardo ha spiegato come &#8220;<em>il dare casa\u00a0significa dare dignit\u00e0, come fa il lavoro. Ti permette di essere parte attiva della comunit\u00e0 e d\u00e0 un\u2019opportunit\u00e0 vera di rinascita. Ma con questo progetto<\/em> &#8211; ha detto &#8211; <em>la Chiesa d\u00e0 qualcosa di pi\u00f9:\u00a0la dimensione umana, di persone, degna di attenzione e importante agli occhi di altri<\/em>&#8220;.<\/p>\n<p><img alt=\"\u201cACCOGLIENZA, DIALOGO, ANNUNCIO\u201d: LE CARITAS DI SICILIA SI RITROVANO \u201cALLE QUERCE DI MAMRE\u201d\" title=\"\u201cACCOGLIENZA, DIALOGO, ANNUNCIO\u201d: LE CARITAS DI SICILIA SI RITROVANO \u201cALLE QUERCE DI MAMRE\u201d\" loading=\"lazy\" class=\"size-medium wp-image-9609 alignleft\" src=\"https:\/\/www.chiesedisicilia.org\/chiesedisicilia\/news\/wp-content\/uploads\/sites\/2\/2019\/05\/Caritas-Alle-querce-di-Mamre-12.jpg\" alt=\"\" width=\"300\" height=\"225\" srcset=\"https:\/\/euwps05.newsmemory.com\/chiesedisicilia\/news\/wp-content\/uploads\/sites\/2\/2019\/05\/Caritas-Alle-querce-di-Mamre-12.jpg 4032w, https:\/\/euwps05.newsmemory.com\/chiesedisicilia\/news\/wp-content\/uploads\/sites\/2\/2019\/05\/Caritas-Alle-querce-di-Mamre-12-300x225.jpg 300w, https:\/\/euwps05.newsmemory.com\/chiesedisicilia\/news\/wp-content\/uploads\/sites\/2\/2019\/05\/Caritas-Alle-querce-di-Mamre-12-768x576.jpg 768w, https:\/\/euwps05.newsmemory.com\/chiesedisicilia\/news\/wp-content\/uploads\/sites\/2\/2019\/05\/Caritas-Alle-querce-di-Mamre-12-1024x768.jpg 1024w, https:\/\/euwps05.newsmemory.com\/chiesedisicilia\/news\/wp-content\/uploads\/sites\/2\/2019\/05\/Caritas-Alle-querce-di-Mamre-12-750x563.jpg 750w\" sizes=\"(max-width: 300px) 100vw, 300px\" \/>Il <strong>Progetto Betlemme, &#8220;La casa del pane&#8221;<\/strong>, realizzato a Caltanissetta, nell\u2019ambito di \u201cLiberi di partire, liberi di restare\u201d ha preso il via per aiutare chi vive in condizioni disagiate, sotto un ponte, di fronte il centro d\u2019accoglienza di Pian del Lago. <strong>Don Marco Patern\u00f2<\/strong>\u00a0ha spiegato che &#8220;<em>agli aspetti pratici, fatti di assistenza quotidiana e scolarizzazione, hanno fatto seguito aspetti pastorali: a partire dalla celebrazione della messa in inglese in parrocchia, fino alla richiesta di catechizzazione, avanzata dagli stessi fruitori del servizio<\/em>&#8220;. Ma \u00e8 il &#8220;pasto condiviso&#8221; ad essere diventato segno di misericordia e grazia: &#8220;<em>Le famiglie immigrate, supportate dalla Caritas, fanno a loro volta accoglienza dei connazionali pi\u00f9 poveri: gli preparano il pranzo<\/em> &#8211; ha spiegato il sacerdote &#8211;<em>, e in certi casi aprono le porte delle loro abitazioni e mettono in tavola un posto in pi\u00f9. Un esempio che si \u00e8 fatto strada anche tra i nisseni che aderiscono, sempre pi\u00f9 numerosi all&#8217;iniziativa<\/em>&#8220;.<\/p>\n<p>Il <strong>biblista messinese don Carmelo Russo<\/strong> ha guidato <a href=\"http:\/\/chiesedisiciliase.ita.newsmemory.com\/?pSetup=chiesedisiciliase&amp;editionStart=CARITAS+-+Alle+querce+di+Mamre+-+Lectio+biblica&amp;date=20190520\">la riflessione biblica<\/a> su due momenti della pagina che, nel libro della Genesi, narra dell\u2019incontro a Mamre tra Dio e tre misteriosi ospiti, soffermandosi prima su \u201cLa quercia, come occasione dell\u2019incontro\u201d (Gn 18,1-8) e poi su \u201cLa tenda, quale situazione dell\u2019ospitalit\u00e0\u201d (Gn 18,9-15). Ha presentato ai partecipanti al convegno tre \u201c<em>presupposti dell\u2019ospitalit\u00e0<\/em>\u201d. Innanzitutto la \u201c<em>circoncisione come memoria della ferita che crea lo spazio dell\u2019accoglienza e della generazione: \u00e8 il perdere, simbolicamente, qualcosa di nostro che lascia a Dio spazio in noi, che gli d\u00e0 una feritoia in cui venire a innestarsi e a completarci<\/em>\u201d. Gli altri due presupposto sono poi la \u201c<em>prossimit\u00e0 nella distanza<\/em>\u201d e \u201c<i>la quercia e la sua ombra nel nostro contesto<\/i>\u201d. \u201c<i>Il contesto siamo noi<\/i> \u2013 ha detto don Carmelo -, <i>siamo noi siciliani ora, in questo momento storico e in questa terra che viviamo e nella quale viviamo<\/i>\u201d. A questi tre presupposti fanno seguito altrettanti doni che la pagina di Mamre &#8211; nella sua seconda parte, quella che fa spostare lo sguardo dalle querce alla tenda \u2013 consegna. \u201c<i>Il primo dono dell\u2019ospitalit\u00e0 \u00e8 l\u2019essere ri-conosciuti, conosciuti per quello che siamo realmente. L\u2019ospite, infatti<\/i> \u2013 ha detto don Russo -, <i>conferma e approfondisce la nostra vera identit\u00e0<\/i>\u201d. Il secondo dono \u00e8 Isacco: \u201c<i>\u00e8 il dono della vita, \u00e8 la concretizzazione della promessa. L\u2019annuncio di Isacco realizza nella famiglia di Abramo l\u2019imago Trinitatis<\/i>\u201d. Il terzo \u201c<i>e pi\u00f9 grande dono<\/i>\u201d \u00e8 Dio stesso, perch\u00e9 \u201c<i>pi\u00f9 importante del dono<\/i> \u2013 ha detto don Carmelo &#8211; <i>\u00e8 il donante. Per creare tempi e spazi di accoglienza occorre solo una cosa: mettere Dio davanti ad ogni nostra attesa<\/i>\u201d. <img alt=\"\u201cACCOGLIENZA, DIALOGO, ANNUNCIO\u201d: LE CARITAS DI SICILIA SI RITROVANO \u201cALLE QUERCE DI MAMRE\u201d\" title=\"\u201cACCOGLIENZA, DIALOGO, ANNUNCIO\u201d: LE CARITAS DI SICILIA SI RITROVANO \u201cALLE QUERCE DI MAMRE\u201d\" loading=\"lazy\" class=\"size-medium wp-image-9605 alignleft\" src=\"https:\/\/www.chiesedisicilia.org\/chiesedisicilia\/news\/wp-content\/uploads\/sites\/2\/2019\/05\/Caritas-Alle-querce-di-Mamre-8.jpg\" alt=\"\" width=\"300\" height=\"225\" srcset=\"https:\/\/euwps05.newsmemory.com\/chiesedisicilia\/news\/wp-content\/uploads\/sites\/2\/2019\/05\/Caritas-Alle-querce-di-Mamre-8.jpg 4032w, https:\/\/euwps05.newsmemory.com\/chiesedisicilia\/news\/wp-content\/uploads\/sites\/2\/2019\/05\/Caritas-Alle-querce-di-Mamre-8-300x225.jpg 300w, https:\/\/euwps05.newsmemory.com\/chiesedisicilia\/news\/wp-content\/uploads\/sites\/2\/2019\/05\/Caritas-Alle-querce-di-Mamre-8-768x576.jpg 768w, https:\/\/euwps05.newsmemory.com\/chiesedisicilia\/news\/wp-content\/uploads\/sites\/2\/2019\/05\/Caritas-Alle-querce-di-Mamre-8-1024x768.jpg 1024w, https:\/\/euwps05.newsmemory.com\/chiesedisicilia\/news\/wp-content\/uploads\/sites\/2\/2019\/05\/Caritas-Alle-querce-di-Mamre-8-750x563.jpg 750w\" sizes=\"(max-width: 300px) 100vw, 300px\" \/>Il biblista messinese ha spiegato la necessit\u00e0 di inframezzare la lectio divina con una lectio humana che, \u201c<i>non sono cose diverse: affinch\u00e9 la nostra lettura della rivelazione trasformi l\u2019esistenza, bisogna permettere a Dio di leggere, Lui, la nostra condizione. Non siamo noi a leggere la Parola, ma la Parola che legge noi. Allora<\/i> \u2013 ha aggiunto &#8211; <i>\u00e8 necessario avere il coraggio di mettergli davanti una descrizione spietata e vera di quello che noi siamo. Diversamente, come possiamo fare un passo verso Dio e verso i fratelli?<\/i>\u201d. In fondo alla prima scena, quella sotto le querce, resta aperta una domanda: \u201c<i>Abramo, alla fine, ha riconosciuto che i suoi visitatori erano Dio? Non c\u2019\u00e8 una risposta chiara a questa domanda. La narrazione<\/i> \u2013 ha detto il sacerdote nella sua sua riflessione biblica &#8211; <i>\u00e8 aperta, forse perch\u00e9 anche noi dobbiamo confrontarci con questa domanda: saremo capaci di riconoscere il volto di Dio nel fratello che ospitiamo?<\/i>\u201d. E ancora: \u201c<i>L\u2019ospitalit\u00e0 \u00e8 solo dare? Cosa riceviamo accogliendo? O meglio: che cosa stiamo costruendo nell\u2019accoglienza insieme ai nostri ospitati? Come si fa a passare dall\u2019occasione delle querce alla situazione della tenda dove viene gestato il figlio Isacco?<\/i>\u201d. Per don Carmelo Russo \u201c<i>l\u2019ospitalit\u00e0 parte dal riconoscimento della propria storia e richiede una condivisione del poco che si ha, senza aspettare che l\u2019identit\u00e0 dell\u2019altro sia riconosciuta. \u00c8 commovente<\/i> \u2013 spiega &#8211; <i>che Dio abbia accettato da Abramo poca roba e non \u2018a buon rendere\u2019, ma come simbolo disinteressato di una comunione<\/i>\u201d. Sotto le querce di Mamre in Sicilia, \u201c<i>fare accoglienza non pu\u00f2 essere la stessa cosa che farlo altrove. Fare Caritas in Sicilia ha delle peculiarit\u00e0 che dovrebbero essere esplorate guardando dentro la sua storia, anche quando si tratta di storie di dolorose. Non possiamo fare a meno di leggere insieme il fenomeno dell\u2019immigrazione in Sicilia col fenomeno della emigrazione della Sicilia <\/i>\u2013 ha detto don Russo -, <i>smettendola di fare sentire traditori i nostri figli che decidono di lasciarla<\/i>\u201d. Se le domande relative all\u2019accoglienza e all\u2019ospitalit\u00e0, soprattutto oggi, restano aperte, \u201c<i>occorre, dunque, andare a sedersi pi\u00f9 spesso e pi\u00f9 volentieri all\u2019ombra delle querce di Mamre, nelle ore pi\u00f9 calde; sostare in attesa, pronti ad alzarci per accettare chi compare all\u2019orizzonte e far festa per il suo avere incrociato il nostro cammino; farlo nonostante il nostro poter essere feriti, circoncisi delle nostre certezze e, talvolta delle nostre speranze. Perch\u00e9 Dio arriva, arriva sempre; ci incontra e si fa incontrare; si fa ospitare e ci ospita; ci fa dono di Lui<\/i>\u201d.<\/p>\n<p><img alt=\"\u201cACCOGLIENZA, DIALOGO, ANNUNCIO\u201d: LE CARITAS DI SICILIA SI RITROVANO \u201cALLE QUERCE DI MAMRE\u201d\" title=\"\u201cACCOGLIENZA, DIALOGO, ANNUNCIO\u201d: LE CARITAS DI SICILIA SI RITROVANO \u201cALLE QUERCE DI MAMRE\u201d\" loading=\"lazy\" class=\"size-medium wp-image-9643 alignright\" src=\"https:\/\/www.chiesedisicilia.org\/chiesedisicilia\/news\/wp-content\/uploads\/sites\/2\/2019\/05\/Caritas-Alle-querce-di-Mamre-32.jpg\" alt=\"\" width=\"300\" height=\"225\" srcset=\"https:\/\/euwps05.newsmemory.com\/chiesedisicilia\/news\/wp-content\/uploads\/sites\/2\/2019\/05\/Caritas-Alle-querce-di-Mamre-32.jpg 4032w, https:\/\/euwps05.newsmemory.com\/chiesedisicilia\/news\/wp-content\/uploads\/sites\/2\/2019\/05\/Caritas-Alle-querce-di-Mamre-32-300x225.jpg 300w, https:\/\/euwps05.newsmemory.com\/chiesedisicilia\/news\/wp-content\/uploads\/sites\/2\/2019\/05\/Caritas-Alle-querce-di-Mamre-32-768x576.jpg 768w, https:\/\/euwps05.newsmemory.com\/chiesedisicilia\/news\/wp-content\/uploads\/sites\/2\/2019\/05\/Caritas-Alle-querce-di-Mamre-32-1024x768.jpg 1024w, https:\/\/euwps05.newsmemory.com\/chiesedisicilia\/news\/wp-content\/uploads\/sites\/2\/2019\/05\/Caritas-Alle-querce-di-Mamre-32-750x563.jpg 750w\" sizes=\"(max-width: 300px) 100vw, 300px\" \/>Nello spirito sinodale del convegno, la seconda giornata di convegno ha avuto il suo centro nella relazione di <strong>mons. Rosario Gisana, vescovo di Piazza Armerina e delegato CESi per la Cooperazione missionaria tra le Chiese<\/strong>. Il suo intervento (<a href=\"http:\/\/chiesedisiciliase.ita.newsmemory.com\/?pSetup=chiesedisiciliase&amp;editionStart=CARITAS+-+Alle+querce+di+Mamre+-+mons+Gisana&amp;date=20190520\">QUI<\/a> il testo integrale) ha permesso di riflettere sullo \u201c<em>stile di vita ecclesiale<\/em>\u201d necessario ad una \u201c<em>pastorale conforme al Vangelo<\/em>\u201d. \u201c<em>C\u2019\u00e8 bisogno di conversione<\/em> \u2013\u00a0 ha detto il presule \u2013<em>, di intendere, accogliere ed assimilare quanto ha raccomandato Ges\u00f9 ai suoi discepoli. Il Vangelo \u00e8 esigente: esso reclama un\u2019adesione al modo di vivere di Ges\u00f9, sunteggiato dall\u2019espressione perdere la vita per salvarla<\/em>\u201d ed \u201cispira, propone e struttura l\u2019organizzazione delle attivit\u00e0 pastorali\u201d. Porta a \u201c<em>scelte ponderate, gesti solidali, obiettivi trasparenti, testimonianze sincere, accoglienze aperte<\/em>\u201d; e, ancora, \u201c<em>incoraggia il mondo alla conversione<\/em>\u201d. Nell\u2019intervento di \u00a0mons. Gisana anche una provocazione: \u201c<em>\u00c8 il momento giusto per superare questo iato che si sta verificando nella Chiesa, ormai da qualche decennio, tra vangelo e atto di fede<\/em>\u201d. E ancora: \u201c<em>\u00c8 a rischio quello che \u00e8 la Chiesa per diritto divino, quello cio\u00e8 che la definisce santa e testimone del suo sposo: la comunione fraterna. Quanto \u00e8 difficile per i membri della Chiesa<\/em> &#8211; ha detto il presule &#8211; <em>porre gesti di aperta collaborazione nelle attivit\u00e0 pastorali: con l\u2019accettazione vicendevole, nel superamento tempestivo dei pregiudizi, con il venirsi incontro in spirito di riconciliazione, nel disciplinare le forze occulte del narcisismo e soprattutto nel fare spazio all\u2019altro, al di l\u00e0 della sua condizione sociale, culturale o spirituale. Questa nota di santit\u00e0, essenziale per l\u2019identit\u00e0 della Chiesa, \u00e8 legata alla centralit\u00e0 dei poveri<\/em>\u201d. Una logica che induce a porre una domanda sul ruolo che hanno i poveri nella vita della Chiesa e sulla dimensione ecclesiale della povert\u00e0\u201d.<\/p>\n<div id=\"gallery_5043_1777317463277_expanded\" class=\"TA_gallery_element\"><style style_tmpl='expanded' style='display:none'>\/*EXTENDED*\/\r\n.main_tmpl .content #gallery_5043_1777317463277_expanded li.li_0 {\r\n    display: block;\r\n}\r\n\r\n.main_tmpl .content #gallery_5043_1777317463277_expanded li {\r\n    display: block;\r\n}\r\n\r\n\/* IN ARTICLE START*\/\r\n.main_tmpl .content #gallery_5043_1777317463277_expanded {\r\n    all:unset;\r\n    position: relative;\r\n    display:flex;\r\n    flex-direction:row;\r\n    font-family:inherit;\r\n}\r\n\r\n.main_tmpl .content #gallery_5043_1777317463277_expanded * {  \r\n    all:unset;\r\n}\r\n\r\n.main_tmpl .content #gallery_5043_1777317463277_expanded * {\r\n    --image_height:150px;\r\n    --image_width:150px;\r\n}\r\n\r\n.main_tmpl .content #gallery_5043_1777317463277_expanded div {\r\n    position:relative;\r\n    display:flex;\r\n    flex-direction:row;\r\n    flex-wrap: wrap;\r\n}\r\n\r\n.main_tmpl .content #gallery_5043_1777317463277_expanded div li {\r\n    list-style-type: none;\r\n    margin-left:5px;\r\n    margin-right:5px;\r\n    cursor: pointer;\r\n}\r\n\r\n.main_tmpl .content #gallery_5043_1777317463277_expanded div li img {\r\n    display:inline-block;\r\n    height: var(--image_height);\r\n    width: var(--image_width);\r\n    object-fit: cover;\r\n    overflow: hidden;\r\n    transition: transform 1s ease-in-out;\r\n}\r\n\r\n.main_tmpl .content #gallery_5043_1777317463277_expanded div li span.gallery-caption {\r\n    display:none;\r\n    padding:10px;\r\n    width: auto;\r\n    text-align: center;\r\n    background-color: white;\r\n    margin:0px;\r\n}\r\n\r\n.main_tmpl .content #gallery_5043_1777317463277_expanded #gallery_5043_1777317463277_expandedclose_image {\r\n    display:none;\r\n}\r\n\r\n.main_tmpl .content #gallery_5043_1777317463277_expanded #gallery_5043_1777317463277_expanded_ads_top {\r\n    \/* display:none; *\/\r\n    visibility: hidden;\r\n    height: 0;\r\n}\r\n\r\n.main_tmpl .content #gallery_5043_1777317463277_expanded #gallery_5043_1777317463277_expanded_ads_bottom {\r\n    display:none;\r\n}\r\n\r\n.main_tmpl .content #gallery_5043_1777317463277_expanded #gallery_5043_1777317463277_expandedprev {\r\n    display:none;\r\n}\r\n\r\n.main_tmpl .content #gallery_5043_1777317463277_expanded #gallery_5043_1777317463277_expandednext {\r\n    display:none;\r\n}\r\n\/* IN ARTICLE END*\/\r\n\r\n\r\n\/* OVERLAY START *\/\r\n.main_tmpl .content #gallery_5043_1777317463277_expanded #gallery_5043_1777317463277_expanded_overlay {\r\n    width: 100vw;\r\n    height:100vh;\r\n    position: fixed;\r\n    z-index: 999;\r\n    top: 0;\r\n    left: 0;\r\n}\r\n\r\n.main_tmpl .content #gallery_5043_1777317463277_expanded #gallery_5043_1777317463277_expanded_overlay>div {\r\n    width: inherit;\r\n    height: inherit;\r\n    background-color: rgba(100,100,100,0.9);\r\n    flex-direction: column;\r\n    align-items: center;\r\n    justify-content: center;\r\n}\r\n\r\n.main_tmpl .content #gallery_5043_1777317463277_expanded #gallery_5043_1777317463277_expanded_overlay li {\r\n    height: auto;\r\n    width: auto;\r\n    display: none;\r\n    justify-content: center;\r\n    align-items: center;\r\n    flex-direction: column;\r\n    height: auto;\r\n    background-color: rgba(0,0,0,0);\r\n    align-items: stretch;\r\n}\r\n\r\n.main_tmpl .content #gallery_5043_1777317463277_expanded #gallery_5043_1777317463277_expanded_overlay li.li_0 {\r\n    display: flex;\r\n}\r\n\r\n.main_tmpl .content #gallery_5043_1777317463277_expanded #gallery_5043_1777317463277_expanded_overlay  li img{\r\n    height: auto;\r\n    width: 100%;\r\n    margin:auto;\r\n}\r\n\r\n@media screen and (min-width:1000px){\r\n    .main_tmpl .content #gallery_5043_1777317463277_expanded #gallery_5043_1777317463277_expanded_overlay  li{\r\n        max-height: 90vh;\r\n        max-width: 60vw;\r\n    }\r\n}\r\n\r\n@media screen and (max-width:999px){\r\n    .main_tmpl .content #gallery_5043_1777317463277_expanded #gallery_5043_1777317463277_expanded_overlay div li{\r\n        max-height: 80vh;\r\n        max-width: 90vw;\r\n    }\r\n}\r\n\r\n.main_tmpl .content #gallery_5043_1777317463277_expanded #gallery_5043_1777317463277_expanded_overlay div li span.gallery-caption {\r\n    display:block;\r\n}\r\n\r\n\/* BUTTONS START *\/\r\n.main_tmpl .content #gallery_5043_1777317463277_expanded #gallery_5043_1777317463277_expanded_overlay #gallery_5043_1777317463277_expandedclose_image {\r\n    display: flex;\r\n    cursor: pointer;\r\n    justify-content: center; \/* Align horizontal *\/\r\n    align-items: center;\r\n    position:absolute;\r\n    background-color: rgba(210,0,0,1);\r\n    width: 60px;\r\n    height: 60px;\r\n    top: 0;\r\n    right: 0;\r\n    z-index: 2;\r\n    text-align: center;\r\n}\r\n\r\n.main_tmpl .content #gallery_5043_1777317463277_expanded #gallery_5043_1777317463277_expanded_overlay #gallery_5043_1777317463277_expanded_ads_top {\r\n    display: block;\r\n    position:absolute;      \r\n    top: 0;\r\n    z-index: 1;\r\n    text-align: center;\r\n    visibility: visible;\r\n    height: auto;\r\n}\r\n\r\n.main_tmpl .content #gallery_5043_1777317463277_expanded #gallery_5043_1777317463277_expanded_overlay #gallery_5043_1777317463277_expanded_ads_top * {\r\n    display: block;\r\n}\r\n\r\n.main_tmpl .content #gallery_5043_1777317463277_expanded #gallery_5043_1777317463277_expanded_overlay #gallery_5043_1777317463277_expanded_ads_top script {\r\n    display: none;\r\n}\r\n\r\n.main_tmpl .content #gallery_5043_1777317463277_expanded #gallery_5043_1777317463277_expanded_overlay #gallery_5043_1777317463277_expanded_ads_top a {\r\n    margin: 0;\r\n}\r\n\r\n.main_tmpl .content #gallery_5043_1777317463277_expanded #gallery_5043_1777317463277_expanded_overlay #gallery_5043_1777317463277_expanded_ads_top img {\r\n    object-fit: contain;\r\n}\r\n\r\n.main_tmpl .content #gallery_5043_1777317463277_expanded #gallery_5043_1777317463277_expanded_overlay #gallery_5043_1777317463277_expanded_ads_bottom {\r\n    display: flex;\r\n    position:absolute;      \r\n    bottom: 0;\r\n    z-index: 1;\r\n    text-align: center;\r\n}\r\n\r\n.main_tmpl .content #gallery_5043_1777317463277_expanded #gallery_5043_1777317463277_expanded_overlay #gallery_5043_1777317463277_expandedprev {\r\n    left:0px;\r\n}\r\n\r\n.main_tmpl .content #gallery_5043_1777317463277_expanded #gallery_5043_1777317463277_expanded_overlay #gallery_5043_1777317463277_expandednext {\r\n    right:0px;\r\n}\r\n\r\n\/*.main_tmpl .content #gallery_5043_1777317463277_expanded #gallery_5043_1777317463277_expanded_overlay #gallery_5043_1777317463277_expandednext, .main_tmpl .content #gallery_5043_1777317463277_expanded #gallery_5043_1777317463277_expanded_overlay #gallery_5043_1777317463277_expandedprev {\r\n    display:block;  \r\n    cursor: pointer;\r\n    position: absolute;\r\n    top: 50%;\r\n    width: auto;\r\n    padding: 16px;\r\n    margin-top: -22px;\r\n    color: white;\r\n    font-weight: bold;\r\n    font-size: 18px;\r\n    transition: 0.6s ease;\r\n    border-radius: 0 3px 3px 0;\r\n    user-select: none;\r\n    background-color: rgba(200,200,200,0.3);\r\n\r\n    z-index: 1;\r\n    text-align: center;\r\n}*\/\r\n\r\n.main_tmpl .content #gallery_5043_1777317463277_expanded #gallery_5043_1777317463277_expanded_overlay #gallery_5043_1777317463277_expandeddots {\r\n    height: auto;\r\n    width: auto;\r\n    background-color: rgba(0,0,0,0);\r\n    margin-top: 10px;\r\n}\r\n\/* \/\/\/\/\/\/\/\/\/\/\/\/\/\/\/\/\/\/\/\/\/\/\/\/\/\/\/\/\/\/\/*\/\r\n    \r\n#gallery_5043_1777317463277_expanded #gallery_5043_1777317463277_expanded_overlay .prev, #gallery_5043_1777317463277_expanded #gallery_5043_1777317463277_expanded_overlay .next {\r\n    cursor: pointer;\r\n    position: absolute;\r\n    top: 50%;\r\n    width: auto;\r\n    padding: 16px;\r\n    margin-top: -22px;\r\n    color: white;\r\n    font-weight: bold;\r\n    font-size: 18px;\r\n    transition: 0.6s ease;\r\n    border-radius: 0 3px 3px 0;\r\n    user-select: none;\r\n    background-color: rgba(200,200,200,0.3);\r\n}\r\n\r\n\/* Position the \"next button\" to the right *\/\r\n#gallery_5043_1777317463277_expanded #gallery_5043_1777317463277_expanded_overlay .next {\r\n    right: 0;\r\n    border-radius: 3px 0 0 3px;\r\n}\r\n\r\n\/* On hover, add a black background color with a little bit see-through *\/\r\n#gallery_5043_1777317463277_expanded #gallery_5043_1777317463277_expanded_overlay .prev:hover, #gallery_5043_1777317463277_expanded #gallery_5043_1777317463277_expanded_overlay .next:hover {\r\n    background-color: rgba(100,100,100,0.8);\r\n}\r\n\t\r\n\/* The dots\/bullets\/indicators *\/\r\n#gallery_5043_1777317463277_expanded #gallery_5043_1777317463277_expanded_overlay .dot {\r\n    cursor: pointer;\r\n    height: 15px;\r\n    width: 15px;\r\n    margin: 0 2px;\r\n    background-color: rgba(200,200,200,0.8);\r\n    border-radius: 80%;\r\n    display: inline-block;\r\n    transition: background-color 0.6s ease;\r\n}\r\n\r\n#gallery_5043_1777317463277_expanded #gallery_5043_1777317463277_expanded_overlay .active, #gallery_5043_1777317463277_expanded #gallery_5043_1777317463277_expanded_overlay .active .dot:hover {\r\n    background-color: rgba(33,33,33,0.8);\r\n}\r\n\r\n\/* Fading animation *\/\r\n#gallery_5043_1777317463277_expanded #gallery_5043_1777317463277_expanded_overlay li {\r\n    animation-name: fade;\r\n    animation-duration: 2.5s;\r\n}\r\n\r\n#gallery_5043_1777317463277_expanded #gallery_5043_1777317463277_expanded_overlay #dots {\r\n    padding:5px;\r\n    border-bottom: 1px solid rgb(172, 171, 171);\r\n}\r\n\r\n#gallery_5043_1777317463277_expanded #gallery_5043_1777317463277_expanded_overlay #prev {\r\n    display:none;\r\n}\r\n\r\n#gallery_5043_1777317463277_expanded #gallery_5043_1777317463277_expanded_overlay #next {\r\n    display:none;\r\n}\r\n\r\n#gallery_5043_1777317463277_expanded #gallery_5043_1777317463277_expanded_overlay #dots {\r\n    display:none;\r\n}\r\n\/* BUTTONS END *\/\r\n\r\n\/* OVERLAY START *\/\r\n<\/style><div class=\"imglist img-gal expanded \" ><li class=\"li_0\" onclick=\"gallery_5043_1777317463277_expandedmy_action_on_click(0)\" ><img src=\"https:\/\/www.chiesedisicilia.org\/chiesedisicilia\/news\/wp-content\/uploads\/sites\/2\/2020\/10\/Caritas-Alle-querce-di-Mamre-1-300x225.jpg\" srcset=\"https:\/\/euwps05.newsmemory.com\/chiesedisicilia\/news\/wp-content\/uploads\/sites\/2\/2020\/10\/Caritas-Alle-querce-di-Mamre-1-300x225.jpg 300w, https:\/\/euwps05.newsmemory.com\/chiesedisicilia\/news\/wp-content\/uploads\/sites\/2\/2020\/10\/Caritas-Alle-querce-di-Mamre-1-768x576.jpg 768w, https:\/\/euwps05.newsmemory.com\/chiesedisicilia\/news\/wp-content\/uploads\/sites\/2\/2020\/10\/Caritas-Alle-querce-di-Mamre-1-1024x768.jpg 1024w, https:\/\/euwps05.newsmemory.com\/chiesedisicilia\/news\/wp-content\/uploads\/sites\/2\/2020\/10\/Caritas-Alle-querce-di-Mamre-1-750x563.jpg 750w\" sizes=\" 300px\" style=\"max-width:4032px; max-height:min(3024px,600px);\"\/><\/li><li class=\"li_1\" onclick=\"gallery_5043_1777317463277_expandedmy_action_on_click(1)\" ><img src=\"https:\/\/www.chiesedisicilia.org\/chiesedisicilia\/news\/wp-content\/uploads\/sites\/2\/2020\/10\/Caritas-Alle-querce-di-Mamre-2-300x225.jpg\" srcset=\"https:\/\/euwps05.newsmemory.com\/chiesedisicilia\/news\/wp-content\/uploads\/sites\/2\/2020\/10\/Caritas-Alle-querce-di-Mamre-2-300x225.jpg 300w, https:\/\/euwps05.newsmemory.com\/chiesedisicilia\/news\/wp-content\/uploads\/sites\/2\/2020\/10\/Caritas-Alle-querce-di-Mamre-2-768x576.jpg 768w, https:\/\/euwps05.newsmemory.com\/chiesedisicilia\/news\/wp-content\/uploads\/sites\/2\/2020\/10\/Caritas-Alle-querce-di-Mamre-2-1024x768.jpg 1024w, https:\/\/euwps05.newsmemory.com\/chiesedisicilia\/news\/wp-content\/uploads\/sites\/2\/2020\/10\/Caritas-Alle-querce-di-Mamre-2-750x563.jpg 750w\" sizes=\" 300px\" style=\"max-width:4032px; max-height:min(3024px,600px);\"\/><\/li><li class=\"li_2\" onclick=\"gallery_5043_1777317463277_expandedmy_action_on_click(2)\" ><img src=\"https:\/\/www.chiesedisicilia.org\/chiesedisicilia\/news\/wp-content\/uploads\/sites\/2\/2020\/10\/Caritas-Alle-querce-di-Mamre-3-300x225.jpg\" srcset=\"https:\/\/euwps05.newsmemory.com\/chiesedisicilia\/news\/wp-content\/uploads\/sites\/2\/2020\/10\/Caritas-Alle-querce-di-Mamre-3-300x225.jpg 300w, https:\/\/euwps05.newsmemory.com\/chiesedisicilia\/news\/wp-content\/uploads\/sites\/2\/2020\/10\/Caritas-Alle-querce-di-Mamre-3-768x576.jpg 768w, https:\/\/euwps05.newsmemory.com\/chiesedisicilia\/news\/wp-content\/uploads\/sites\/2\/2020\/10\/Caritas-Alle-querce-di-Mamre-3-1024x768.jpg 1024w, https:\/\/euwps05.newsmemory.com\/chiesedisicilia\/news\/wp-content\/uploads\/sites\/2\/2020\/10\/Caritas-Alle-querce-di-Mamre-3-750x563.jpg 750w\" sizes=\" 300px\" style=\"max-width:4032px; max-height:min(3024px,600px);\"\/><\/li><li class=\"li_3\" onclick=\"gallery_5043_1777317463277_expandedmy_action_on_click(3)\" ><img src=\"https:\/\/www.chiesedisicilia.org\/chiesedisicilia\/news\/wp-content\/uploads\/sites\/2\/2020\/10\/Caritas-Alle-querce-di-Mamre-4-300x225.jpg\" srcset=\"https:\/\/euwps05.newsmemory.com\/chiesedisicilia\/news\/wp-content\/uploads\/sites\/2\/2020\/10\/Caritas-Alle-querce-di-Mamre-4-300x225.jpg 300w, https:\/\/euwps05.newsmemory.com\/chiesedisicilia\/news\/wp-content\/uploads\/sites\/2\/2020\/10\/Caritas-Alle-querce-di-Mamre-4-768x576.jpg 768w, https:\/\/euwps05.newsmemory.com\/chiesedisicilia\/news\/wp-content\/uploads\/sites\/2\/2020\/10\/Caritas-Alle-querce-di-Mamre-4-1024x768.jpg 1024w, https:\/\/euwps05.newsmemory.com\/chiesedisicilia\/news\/wp-content\/uploads\/sites\/2\/2020\/10\/Caritas-Alle-querce-di-Mamre-4-750x563.jpg 750w\" sizes=\" 300px\" style=\"max-width:4032px; max-height:min(3024px,600px);\"\/><\/li><li class=\"li_4\" onclick=\"gallery_5043_1777317463277_expandedmy_action_on_click(4)\" ><img src=\"https:\/\/www.chiesedisicilia.org\/chiesedisicilia\/news\/wp-content\/uploads\/sites\/2\/2020\/10\/Caritas-Alle-querce-di-Mamre-5-300x225.jpg\" srcset=\"https:\/\/euwps05.newsmemory.com\/chiesedisicilia\/news\/wp-content\/uploads\/sites\/2\/2020\/10\/Caritas-Alle-querce-di-Mamre-5-300x225.jpg 300w, https:\/\/euwps05.newsmemory.com\/chiesedisicilia\/news\/wp-content\/uploads\/sites\/2\/2020\/10\/Caritas-Alle-querce-di-Mamre-5-768x576.jpg 768w, https:\/\/euwps05.newsmemory.com\/chiesedisicilia\/news\/wp-content\/uploads\/sites\/2\/2020\/10\/Caritas-Alle-querce-di-Mamre-5-1024x768.jpg 1024w, https:\/\/euwps05.newsmemory.com\/chiesedisicilia\/news\/wp-content\/uploads\/sites\/2\/2020\/10\/Caritas-Alle-querce-di-Mamre-5-750x563.jpg 750w\" sizes=\" 300px\" style=\"max-width:4032px; max-height:min(3024px,600px);\"\/><\/li><li class=\"li_5\" onclick=\"gallery_5043_1777317463277_expandedmy_action_on_click(5)\" ><img src=\"https:\/\/www.chiesedisicilia.org\/chiesedisicilia\/news\/wp-content\/uploads\/sites\/2\/2020\/10\/Caritas-Alle-querce-di-Mamre-6-300x225.jpg\" srcset=\"https:\/\/euwps05.newsmemory.com\/chiesedisicilia\/news\/wp-content\/uploads\/sites\/2\/2020\/10\/Caritas-Alle-querce-di-Mamre-6-300x225.jpg 300w, https:\/\/euwps05.newsmemory.com\/chiesedisicilia\/news\/wp-content\/uploads\/sites\/2\/2020\/10\/Caritas-Alle-querce-di-Mamre-6-768x576.jpg 768w, https:\/\/euwps05.newsmemory.com\/chiesedisicilia\/news\/wp-content\/uploads\/sites\/2\/2020\/10\/Caritas-Alle-querce-di-Mamre-6-1024x768.jpg 1024w, https:\/\/euwps05.newsmemory.com\/chiesedisicilia\/news\/wp-content\/uploads\/sites\/2\/2020\/10\/Caritas-Alle-querce-di-Mamre-6-750x563.jpg 750w\" sizes=\" 300px\" style=\"max-width:4032px; max-height:min(3024px,600px);\"\/><\/li><li class=\"li_6\" onclick=\"gallery_5043_1777317463277_expandedmy_action_on_click(6)\" ><img src=\"https:\/\/www.chiesedisicilia.org\/chiesedisicilia\/news\/wp-content\/uploads\/sites\/2\/2020\/10\/Caritas-Alle-querce-di-Mamre-7-300x225.jpg\" srcset=\"https:\/\/euwps05.newsmemory.com\/chiesedisicilia\/news\/wp-content\/uploads\/sites\/2\/2020\/10\/Caritas-Alle-querce-di-Mamre-7-300x225.jpg 300w, https:\/\/euwps05.newsmemory.com\/chiesedisicilia\/news\/wp-content\/uploads\/sites\/2\/2020\/10\/Caritas-Alle-querce-di-Mamre-7-768x576.jpg 768w, https:\/\/euwps05.newsmemory.com\/chiesedisicilia\/news\/wp-content\/uploads\/sites\/2\/2020\/10\/Caritas-Alle-querce-di-Mamre-7-1024x768.jpg 1024w, https:\/\/euwps05.newsmemory.com\/chiesedisicilia\/news\/wp-content\/uploads\/sites\/2\/2020\/10\/Caritas-Alle-querce-di-Mamre-7-750x563.jpg 750w\" sizes=\" 300px\" style=\"max-width:4032px; max-height:min(3024px,600px);\"\/><\/li><li class=\"li_7\" onclick=\"gallery_5043_1777317463277_expandedmy_action_on_click(7)\" ><img src=\"https:\/\/www.chiesedisicilia.org\/chiesedisicilia\/news\/wp-content\/uploads\/sites\/2\/2020\/10\/Caritas-Alle-querce-di-Mamre-8-300x225.jpg\" srcset=\"https:\/\/euwps05.newsmemory.com\/chiesedisicilia\/news\/wp-content\/uploads\/sites\/2\/2020\/10\/Caritas-Alle-querce-di-Mamre-8-300x225.jpg 300w, https:\/\/euwps05.newsmemory.com\/chiesedisicilia\/news\/wp-content\/uploads\/sites\/2\/2020\/10\/Caritas-Alle-querce-di-Mamre-8-768x576.jpg 768w, https:\/\/euwps05.newsmemory.com\/chiesedisicilia\/news\/wp-content\/uploads\/sites\/2\/2020\/10\/Caritas-Alle-querce-di-Mamre-8-1024x768.jpg 1024w, https:\/\/euwps05.newsmemory.com\/chiesedisicilia\/news\/wp-content\/uploads\/sites\/2\/2020\/10\/Caritas-Alle-querce-di-Mamre-8-750x563.jpg 750w\" sizes=\" 300px\" style=\"max-width:4032px; max-height:min(3024px,600px);\"\/><\/li><li class=\"li_8\" onclick=\"gallery_5043_1777317463277_expandedmy_action_on_click(8)\" ><img src=\"https:\/\/www.chiesedisicilia.org\/chiesedisicilia\/news\/wp-content\/uploads\/sites\/2\/2020\/10\/Caritas-Alle-querce-di-Mamre-9-300x225.jpg\" srcset=\"https:\/\/euwps05.newsmemory.com\/chiesedisicilia\/news\/wp-content\/uploads\/sites\/2\/2020\/10\/Caritas-Alle-querce-di-Mamre-9-300x225.jpg 300w, https:\/\/euwps05.newsmemory.com\/chiesedisicilia\/news\/wp-content\/uploads\/sites\/2\/2020\/10\/Caritas-Alle-querce-di-Mamre-9-768x576.jpg 768w, https:\/\/euwps05.newsmemory.com\/chiesedisicilia\/news\/wp-content\/uploads\/sites\/2\/2020\/10\/Caritas-Alle-querce-di-Mamre-9-1024x768.jpg 1024w, https:\/\/euwps05.newsmemory.com\/chiesedisicilia\/news\/wp-content\/uploads\/sites\/2\/2020\/10\/Caritas-Alle-querce-di-Mamre-9-750x563.jpg 750w\" sizes=\" 300px\" style=\"max-width:4032px; max-height:min(3024px,600px);\"\/><\/li><li class=\"li_9\" onclick=\"gallery_5043_1777317463277_expandedmy_action_on_click(9)\" ><img src=\"https:\/\/www.chiesedisicilia.org\/chiesedisicilia\/news\/wp-content\/uploads\/sites\/2\/2020\/10\/Caritas-Alle-querce-di-Mamre-10-300x225.jpg\" srcset=\"https:\/\/euwps05.newsmemory.com\/chiesedisicilia\/news\/wp-content\/uploads\/sites\/2\/2020\/10\/Caritas-Alle-querce-di-Mamre-10-300x225.jpg 300w, https:\/\/euwps05.newsmemory.com\/chiesedisicilia\/news\/wp-content\/uploads\/sites\/2\/2020\/10\/Caritas-Alle-querce-di-Mamre-10-768x576.jpg 768w, https:\/\/euwps05.newsmemory.com\/chiesedisicilia\/news\/wp-content\/uploads\/sites\/2\/2020\/10\/Caritas-Alle-querce-di-Mamre-10-1024x768.jpg 1024w, https:\/\/euwps05.newsmemory.com\/chiesedisicilia\/news\/wp-content\/uploads\/sites\/2\/2020\/10\/Caritas-Alle-querce-di-Mamre-10-750x563.jpg 750w\" sizes=\" 300px\" style=\"max-width:4032px; max-height:min(3024px,600px);\"\/><\/li><li class=\"li_10\" onclick=\"gallery_5043_1777317463277_expandedmy_action_on_click(10)\" ><img src=\"https:\/\/www.chiesedisicilia.org\/chiesedisicilia\/news\/wp-content\/uploads\/sites\/2\/2020\/10\/Caritas-Alle-querce-di-Mamre-13-225x300.jpg\" srcset=\"https:\/\/euwps05.newsmemory.com\/chiesedisicilia\/news\/wp-content\/uploads\/sites\/2\/2020\/10\/Caritas-Alle-querce-di-Mamre-13-225x300.jpg 225w, https:\/\/euwps05.newsmemory.com\/chiesedisicilia\/news\/wp-content\/uploads\/sites\/2\/2020\/10\/Caritas-Alle-querce-di-Mamre-13-768x1024.jpg 768w, https:\/\/euwps05.newsmemory.com\/chiesedisicilia\/news\/wp-content\/uploads\/sites\/2\/2020\/10\/Caritas-Alle-querce-di-Mamre-13-750x1000.jpg 750w\" sizes=\" 300px\" style=\"max-width:3024px; max-height:min(4032px,600px);\"\/><\/li><li class=\"li_11\" onclick=\"gallery_5043_1777317463277_expandedmy_action_on_click(11)\" ><img src=\"https:\/\/www.chiesedisicilia.org\/chiesedisicilia\/news\/wp-content\/uploads\/sites\/2\/2020\/10\/Caritas-Alle-querce-di-Mamre-11-300x225.jpg\" srcset=\"https:\/\/euwps05.newsmemory.com\/chiesedisicilia\/news\/wp-content\/uploads\/sites\/2\/2020\/10\/Caritas-Alle-querce-di-Mamre-11-300x225.jpg 300w, https:\/\/euwps05.newsmemory.com\/chiesedisicilia\/news\/wp-content\/uploads\/sites\/2\/2020\/10\/Caritas-Alle-querce-di-Mamre-11-768x576.jpg 768w, https:\/\/euwps05.newsmemory.com\/chiesedisicilia\/news\/wp-content\/uploads\/sites\/2\/2020\/10\/Caritas-Alle-querce-di-Mamre-11-1024x768.jpg 1024w, https:\/\/euwps05.newsmemory.com\/chiesedisicilia\/news\/wp-content\/uploads\/sites\/2\/2020\/10\/Caritas-Alle-querce-di-Mamre-11-750x563.jpg 750w\" sizes=\" 300px\" style=\"max-width:4032px; max-height:min(3024px,600px);\"\/><\/li><li class=\"li_12\" onclick=\"gallery_5043_1777317463277_expandedmy_action_on_click(12)\" ><img src=\"https:\/\/www.chiesedisicilia.org\/chiesedisicilia\/news\/wp-content\/uploads\/sites\/2\/2020\/10\/Caritas-Alle-querce-di-Mamre-12-300x225.jpg\" srcset=\"https:\/\/euwps05.newsmemory.com\/chiesedisicilia\/news\/wp-content\/uploads\/sites\/2\/2020\/10\/Caritas-Alle-querce-di-Mamre-12-300x225.jpg 300w, https:\/\/euwps05.newsmemory.com\/chiesedisicilia\/news\/wp-content\/uploads\/sites\/2\/2020\/10\/Caritas-Alle-querce-di-Mamre-12-768x576.jpg 768w, https:\/\/euwps05.newsmemory.com\/chiesedisicilia\/news\/wp-content\/uploads\/sites\/2\/2020\/10\/Caritas-Alle-querce-di-Mamre-12-1024x768.jpg 1024w, https:\/\/euwps05.newsmemory.com\/chiesedisicilia\/news\/wp-content\/uploads\/sites\/2\/2020\/10\/Caritas-Alle-querce-di-Mamre-12-750x563.jpg 750w\" sizes=\" 300px\" style=\"max-width:4032px; max-height:min(3024px,600px);\"\/><\/li><li class=\"li_13\" onclick=\"gallery_5043_1777317463277_expandedmy_action_on_click(13)\" ><img src=\"https:\/\/www.chiesedisicilia.org\/chiesedisicilia\/news\/wp-content\/uploads\/sites\/2\/2020\/10\/Caritas-Alle-querce-di-Mamre-14-300x225.jpg\" srcset=\"https:\/\/euwps05.newsmemory.com\/chiesedisicilia\/news\/wp-content\/uploads\/sites\/2\/2020\/10\/Caritas-Alle-querce-di-Mamre-14-300x225.jpg 300w, https:\/\/euwps05.newsmemory.com\/chiesedisicilia\/news\/wp-content\/uploads\/sites\/2\/2020\/10\/Caritas-Alle-querce-di-Mamre-14-768x576.jpg 768w, https:\/\/euwps05.newsmemory.com\/chiesedisicilia\/news\/wp-content\/uploads\/sites\/2\/2020\/10\/Caritas-Alle-querce-di-Mamre-14-1024x768.jpg 1024w, https:\/\/euwps05.newsmemory.com\/chiesedisicilia\/news\/wp-content\/uploads\/sites\/2\/2020\/10\/Caritas-Alle-querce-di-Mamre-14-750x563.jpg 750w\" sizes=\" 300px\" style=\"max-width:4032px; max-height:min(3024px,600px);\"\/><\/li><li class=\"li_14\" onclick=\"gallery_5043_1777317463277_expandedmy_action_on_click(14)\" ><img src=\"https:\/\/www.chiesedisicilia.org\/chiesedisicilia\/news\/wp-content\/uploads\/sites\/2\/2020\/10\/Caritas-Alle-querce-di-Mamre-15-300x225.jpg\" srcset=\"https:\/\/euwps05.newsmemory.com\/chiesedisicilia\/news\/wp-content\/uploads\/sites\/2\/2020\/10\/Caritas-Alle-querce-di-Mamre-15-300x225.jpg 300w, https:\/\/euwps05.newsmemory.com\/chiesedisicilia\/news\/wp-content\/uploads\/sites\/2\/2020\/10\/Caritas-Alle-querce-di-Mamre-15-768x576.jpg 768w, https:\/\/euwps05.newsmemory.com\/chiesedisicilia\/news\/wp-content\/uploads\/sites\/2\/2020\/10\/Caritas-Alle-querce-di-Mamre-15-1024x768.jpg 1024w, https:\/\/euwps05.newsmemory.com\/chiesedisicilia\/news\/wp-content\/uploads\/sites\/2\/2020\/10\/Caritas-Alle-querce-di-Mamre-15-750x563.jpg 750w\" sizes=\" 300px\" style=\"max-width:4032px; max-height:min(3024px,600px);\"\/><\/li><li class=\"li_15\" onclick=\"gallery_5043_1777317463277_expandedmy_action_on_click(15)\" ><img src=\"https:\/\/www.chiesedisicilia.org\/chiesedisicilia\/news\/wp-content\/uploads\/sites\/2\/2020\/10\/Caritas-Alle-querce-di-Mamre-16-300x225.jpg\" srcset=\"https:\/\/euwps05.newsmemory.com\/chiesedisicilia\/news\/wp-content\/uploads\/sites\/2\/2020\/10\/Caritas-Alle-querce-di-Mamre-16-300x225.jpg 300w, https:\/\/euwps05.newsmemory.com\/chiesedisicilia\/news\/wp-content\/uploads\/sites\/2\/2020\/10\/Caritas-Alle-querce-di-Mamre-16-768x576.jpg 768w, https:\/\/euwps05.newsmemory.com\/chiesedisicilia\/news\/wp-content\/uploads\/sites\/2\/2020\/10\/Caritas-Alle-querce-di-Mamre-16-1024x768.jpg 1024w, https:\/\/euwps05.newsmemory.com\/chiesedisicilia\/news\/wp-content\/uploads\/sites\/2\/2020\/10\/Caritas-Alle-querce-di-Mamre-16-750x563.jpg 750w\" sizes=\" 300px\" style=\"max-width:4032px; max-height:min(3024px,600px);\"\/><\/li><li class=\"li_16\" onclick=\"gallery_5043_1777317463277_expandedmy_action_on_click(16)\" ><img src=\"https:\/\/www.chiesedisicilia.org\/chiesedisicilia\/news\/wp-content\/uploads\/sites\/2\/2020\/10\/Caritas-Alle-querce-di-Mamre-17-289x300.jpg\" srcset=\"https:\/\/euwps05.newsmemory.com\/chiesedisicilia\/news\/wp-content\/uploads\/sites\/2\/2020\/10\/Caritas-Alle-querce-di-Mamre-17-289x300.jpg 289w, https:\/\/euwps05.newsmemory.com\/chiesedisicilia\/news\/wp-content\/uploads\/sites\/2\/2020\/10\/Caritas-Alle-querce-di-Mamre-17-768x797.jpg 768w, https:\/\/euwps05.newsmemory.com\/chiesedisicilia\/news\/wp-content\/uploads\/sites\/2\/2020\/10\/Caritas-Alle-querce-di-Mamre-17-987x1024.jpg 987w, https:\/\/euwps05.newsmemory.com\/chiesedisicilia\/news\/wp-content\/uploads\/sites\/2\/2020\/10\/Caritas-Alle-querce-di-Mamre-17-750x778.jpg 750w, https:\/\/euwps05.newsmemory.com\/chiesedisicilia\/news\/wp-content\/uploads\/sites\/2\/2020\/10\/Caritas-Alle-querce-di-Mamre-17-32x32.jpg 32w\" sizes=\" 300px\" style=\"max-width:2979px; max-height:min(3092px,600px);\"\/><\/li><li class=\"li_17\" onclick=\"gallery_5043_1777317463277_expandedmy_action_on_click(17)\" ><img src=\"https:\/\/www.chiesedisicilia.org\/chiesedisicilia\/news\/wp-content\/uploads\/sites\/2\/2020\/10\/Caritas-Alle-querce-di-Mamre-18-300x225.jpg\" srcset=\"https:\/\/euwps05.newsmemory.com\/chiesedisicilia\/news\/wp-content\/uploads\/sites\/2\/2020\/10\/Caritas-Alle-querce-di-Mamre-18-300x225.jpg 300w, https:\/\/euwps05.newsmemory.com\/chiesedisicilia\/news\/wp-content\/uploads\/sites\/2\/2020\/10\/Caritas-Alle-querce-di-Mamre-18-768x576.jpg 768w, https:\/\/euwps05.newsmemory.com\/chiesedisicilia\/news\/wp-content\/uploads\/sites\/2\/2020\/10\/Caritas-Alle-querce-di-Mamre-18-1024x768.jpg 1024w, https:\/\/euwps05.newsmemory.com\/chiesedisicilia\/news\/wp-content\/uploads\/sites\/2\/2020\/10\/Caritas-Alle-querce-di-Mamre-18-750x563.jpg 750w\" sizes=\" 300px\" style=\"max-width:4032px; max-height:min(3024px,600px);\"\/><\/li><li class=\"li_18\" onclick=\"gallery_5043_1777317463277_expandedmy_action_on_click(18)\" ><img src=\"https:\/\/www.chiesedisicilia.org\/chiesedisicilia\/news\/wp-content\/uploads\/sites\/2\/2020\/10\/Caritas-Alle-querce-di-Mamre-300x225.jpg\" srcset=\"https:\/\/euwps05.newsmemory.com\/chiesedisicilia\/news\/wp-content\/uploads\/sites\/2\/2020\/10\/Caritas-Alle-querce-di-Mamre-300x225.jpg 300w, https:\/\/euwps05.newsmemory.com\/chiesedisicilia\/news\/wp-content\/uploads\/sites\/2\/2020\/10\/Caritas-Alle-querce-di-Mamre-768x576.jpg 768w, https:\/\/euwps05.newsmemory.com\/chiesedisicilia\/news\/wp-content\/uploads\/sites\/2\/2020\/10\/Caritas-Alle-querce-di-Mamre-1024x768.jpg 1024w, https:\/\/euwps05.newsmemory.com\/chiesedisicilia\/news\/wp-content\/uploads\/sites\/2\/2020\/10\/Caritas-Alle-querce-di-Mamre-750x563.jpg 750w\" sizes=\" 300px\" style=\"max-width:4032px; max-height:min(3024px,600px);\"\/><\/li><li class=\"li_19\" onclick=\"gallery_5043_1777317463277_expandedmy_action_on_click(19)\" ><img src=\"https:\/\/www.chiesedisicilia.org\/chiesedisicilia\/news\/wp-content\/uploads\/sites\/2\/2020\/10\/Caritas-Alle-querce-di-Mamre-22-300x225.jpg\" srcset=\"https:\/\/euwps05.newsmemory.com\/chiesedisicilia\/news\/wp-content\/uploads\/sites\/2\/2020\/10\/Caritas-Alle-querce-di-Mamre-22-300x225.jpg 300w, https:\/\/euwps05.newsmemory.com\/chiesedisicilia\/news\/wp-content\/uploads\/sites\/2\/2020\/10\/Caritas-Alle-querce-di-Mamre-22-768x576.jpg 768w, https:\/\/euwps05.newsmemory.com\/chiesedisicilia\/news\/wp-content\/uploads\/sites\/2\/2020\/10\/Caritas-Alle-querce-di-Mamre-22-1024x768.jpg 1024w, https:\/\/euwps05.newsmemory.com\/chiesedisicilia\/news\/wp-content\/uploads\/sites\/2\/2020\/10\/Caritas-Alle-querce-di-Mamre-22-750x563.jpg 750w\" sizes=\" 300px\" style=\"max-width:4032px; max-height:min(3024px,600px);\"\/><\/li><li class=\"li_20\" onclick=\"gallery_5043_1777317463277_expandedmy_action_on_click(20)\" ><img src=\"https:\/\/www.chiesedisicilia.org\/chiesedisicilia\/news\/wp-content\/uploads\/sites\/2\/2020\/10\/Caritas-Alle-querce-di-Mamre-19-300x225.jpg\" srcset=\"https:\/\/euwps05.newsmemory.com\/chiesedisicilia\/news\/wp-content\/uploads\/sites\/2\/2020\/10\/Caritas-Alle-querce-di-Mamre-19-300x225.jpg 300w, https:\/\/euwps05.newsmemory.com\/chiesedisicilia\/news\/wp-content\/uploads\/sites\/2\/2020\/10\/Caritas-Alle-querce-di-Mamre-19-768x576.jpg 768w, https:\/\/euwps05.newsmemory.com\/chiesedisicilia\/news\/wp-content\/uploads\/sites\/2\/2020\/10\/Caritas-Alle-querce-di-Mamre-19-1024x768.jpg 1024w, https:\/\/euwps05.newsmemory.com\/chiesedisicilia\/news\/wp-content\/uploads\/sites\/2\/2020\/10\/Caritas-Alle-querce-di-Mamre-19-750x563.jpg 750w\" sizes=\" 300px\" style=\"max-width:4032px; max-height:min(3024px,600px);\"\/><\/li><li class=\"li_21\" onclick=\"gallery_5043_1777317463277_expandedmy_action_on_click(21)\" ><img src=\"https:\/\/www.chiesedisicilia.org\/chiesedisicilia\/news\/wp-content\/uploads\/sites\/2\/2020\/10\/Caritas-Alle-querce-di-Mamre-24-300x254.jpg\" srcset=\"https:\/\/euwps05.newsmemory.com\/chiesedisicilia\/news\/wp-content\/uploads\/sites\/2\/2020\/10\/Caritas-Alle-querce-di-Mamre-24-300x254.jpg 300w, https:\/\/euwps05.newsmemory.com\/chiesedisicilia\/news\/wp-content\/uploads\/sites\/2\/2020\/10\/Caritas-Alle-querce-di-Mamre-24-768x650.jpg 768w, https:\/\/euwps05.newsmemory.com\/chiesedisicilia\/news\/wp-content\/uploads\/sites\/2\/2020\/10\/Caritas-Alle-querce-di-Mamre-24-1024x867.jpg 1024w, https:\/\/euwps05.newsmemory.com\/chiesedisicilia\/news\/wp-content\/uploads\/sites\/2\/2020\/10\/Caritas-Alle-querce-di-Mamre-24-750x635.jpg 750w\" sizes=\" 300px\" style=\"max-width:2968px; max-height:min(2512px,600px);\"\/><\/li><li class=\"li_22\" onclick=\"gallery_5043_1777317463277_expandedmy_action_on_click(22)\" ><img src=\"https:\/\/www.chiesedisicilia.org\/chiesedisicilia\/news\/wp-content\/uploads\/sites\/2\/2020\/10\/Caritas-Alle-querce-di-Mamre-20-300x225.jpg\" srcset=\"https:\/\/euwps05.newsmemory.com\/chiesedisicilia\/news\/wp-content\/uploads\/sites\/2\/2020\/10\/Caritas-Alle-querce-di-Mamre-20-300x225.jpg 300w, https:\/\/euwps05.newsmemory.com\/chiesedisicilia\/news\/wp-content\/uploads\/sites\/2\/2020\/10\/Caritas-Alle-querce-di-Mamre-20-768x576.jpg 768w, https:\/\/euwps05.newsmemory.com\/chiesedisicilia\/news\/wp-content\/uploads\/sites\/2\/2020\/10\/Caritas-Alle-querce-di-Mamre-20-1024x768.jpg 1024w, https:\/\/euwps05.newsmemory.com\/chiesedisicilia\/news\/wp-content\/uploads\/sites\/2\/2020\/10\/Caritas-Alle-querce-di-Mamre-20-750x563.jpg 750w\" sizes=\" 300px\" style=\"max-width:4032px; max-height:min(3024px,600px);\"\/><\/li><li class=\"li_23\" onclick=\"gallery_5043_1777317463277_expandedmy_action_on_click(23)\" ><img src=\"https:\/\/www.chiesedisicilia.org\/chiesedisicilia\/news\/wp-content\/uploads\/sites\/2\/2020\/10\/Caritas-Alle-querce-di-Mamre-25-300x225.jpg\" srcset=\"https:\/\/euwps05.newsmemory.com\/chiesedisicilia\/news\/wp-content\/uploads\/sites\/2\/2020\/10\/Caritas-Alle-querce-di-Mamre-25-300x225.jpg 300w, https:\/\/euwps05.newsmemory.com\/chiesedisicilia\/news\/wp-content\/uploads\/sites\/2\/2020\/10\/Caritas-Alle-querce-di-Mamre-25-768x576.jpg 768w, https:\/\/euwps05.newsmemory.com\/chiesedisicilia\/news\/wp-content\/uploads\/sites\/2\/2020\/10\/Caritas-Alle-querce-di-Mamre-25-1024x768.jpg 1024w, https:\/\/euwps05.newsmemory.com\/chiesedisicilia\/news\/wp-content\/uploads\/sites\/2\/2020\/10\/Caritas-Alle-querce-di-Mamre-25-750x563.jpg 750w\" sizes=\" 300px\" style=\"max-width:4032px; max-height:min(3024px,600px);\"\/><\/li><li class=\"li_24\" onclick=\"gallery_5043_1777317463277_expandedmy_action_on_click(24)\" ><img src=\"https:\/\/www.chiesedisicilia.org\/chiesedisicilia\/news\/wp-content\/uploads\/sites\/2\/2020\/10\/Caritas-Alle-querce-di-Mamre-23-300x225.jpg\" srcset=\"https:\/\/euwps05.newsmemory.com\/chiesedisicilia\/news\/wp-content\/uploads\/sites\/2\/2020\/10\/Caritas-Alle-querce-di-Mamre-23-300x225.jpg 300w, https:\/\/euwps05.newsmemory.com\/chiesedisicilia\/news\/wp-content\/uploads\/sites\/2\/2020\/10\/Caritas-Alle-querce-di-Mamre-23-768x576.jpg 768w, https:\/\/euwps05.newsmemory.com\/chiesedisicilia\/news\/wp-content\/uploads\/sites\/2\/2020\/10\/Caritas-Alle-querce-di-Mamre-23-1024x768.jpg 1024w, https:\/\/euwps05.newsmemory.com\/chiesedisicilia\/news\/wp-content\/uploads\/sites\/2\/2020\/10\/Caritas-Alle-querce-di-Mamre-23-750x563.jpg 750w\" sizes=\" 300px\" style=\"max-width:4032px; max-height:min(3024px,600px);\"\/><\/li><li class=\"li_25\" onclick=\"gallery_5043_1777317463277_expandedmy_action_on_click(25)\" ><img src=\"https:\/\/www.chiesedisicilia.org\/chiesedisicilia\/news\/wp-content\/uploads\/sites\/2\/2020\/10\/Caritas-Alle-querce-di-Mamre-27-300x225.jpg\" srcset=\"https:\/\/euwps05.newsmemory.com\/chiesedisicilia\/news\/wp-content\/uploads\/sites\/2\/2020\/10\/Caritas-Alle-querce-di-Mamre-27-300x225.jpg 300w, https:\/\/euwps05.newsmemory.com\/chiesedisicilia\/news\/wp-content\/uploads\/sites\/2\/2020\/10\/Caritas-Alle-querce-di-Mamre-27-768x576.jpg 768w, https:\/\/euwps05.newsmemory.com\/chiesedisicilia\/news\/wp-content\/uploads\/sites\/2\/2020\/10\/Caritas-Alle-querce-di-Mamre-27-1024x768.jpg 1024w, https:\/\/euwps05.newsmemory.com\/chiesedisicilia\/news\/wp-content\/uploads\/sites\/2\/2020\/10\/Caritas-Alle-querce-di-Mamre-27-750x563.jpg 750w\" sizes=\" 300px\" style=\"max-width:4032px; max-height:min(3024px,600px);\"\/><\/li><li class=\"li_26\" onclick=\"gallery_5043_1777317463277_expandedmy_action_on_click(26)\" ><img src=\"https:\/\/www.chiesedisicilia.org\/chiesedisicilia\/news\/wp-content\/uploads\/sites\/2\/2020\/10\/Caritas-Alle-querce-di-Mamre-28-300x225.jpg\" srcset=\"https:\/\/euwps05.newsmemory.com\/chiesedisicilia\/news\/wp-content\/uploads\/sites\/2\/2020\/10\/Caritas-Alle-querce-di-Mamre-28-300x225.jpg 300w, https:\/\/euwps05.newsmemory.com\/chiesedisicilia\/news\/wp-content\/uploads\/sites\/2\/2020\/10\/Caritas-Alle-querce-di-Mamre-28-768x576.jpg 768w, https:\/\/euwps05.newsmemory.com\/chiesedisicilia\/news\/wp-content\/uploads\/sites\/2\/2020\/10\/Caritas-Alle-querce-di-Mamre-28-1024x768.jpg 1024w, https:\/\/euwps05.newsmemory.com\/chiesedisicilia\/news\/wp-content\/uploads\/sites\/2\/2020\/10\/Caritas-Alle-querce-di-Mamre-28-750x563.jpg 750w\" sizes=\" 300px\" style=\"max-width:4032px; max-height:min(3024px,600px);\"\/><\/li><li class=\"li_27\" onclick=\"gallery_5043_1777317463277_expandedmy_action_on_click(27)\" ><img src=\"https:\/\/www.chiesedisicilia.org\/chiesedisicilia\/news\/wp-content\/uploads\/sites\/2\/2020\/10\/Caritas-Alle-querce-di-Mamre-26-300x225.jpg\" srcset=\"https:\/\/euwps05.newsmemory.com\/chiesedisicilia\/news\/wp-content\/uploads\/sites\/2\/2020\/10\/Caritas-Alle-querce-di-Mamre-26-300x225.jpg 300w, https:\/\/euwps05.newsmemory.com\/chiesedisicilia\/news\/wp-content\/uploads\/sites\/2\/2020\/10\/Caritas-Alle-querce-di-Mamre-26-768x576.jpg 768w, https:\/\/euwps05.newsmemory.com\/chiesedisicilia\/news\/wp-content\/uploads\/sites\/2\/2020\/10\/Caritas-Alle-querce-di-Mamre-26-1024x768.jpg 1024w, https:\/\/euwps05.newsmemory.com\/chiesedisicilia\/news\/wp-content\/uploads\/sites\/2\/2020\/10\/Caritas-Alle-querce-di-Mamre-26-750x563.jpg 750w\" sizes=\" 300px\" style=\"max-width:4032px; max-height:min(3024px,600px);\"\/><\/li><li class=\"li_28\" onclick=\"gallery_5043_1777317463277_expandedmy_action_on_click(28)\" ><img src=\"https:\/\/www.chiesedisicilia.org\/chiesedisicilia\/news\/wp-content\/uploads\/sites\/2\/2020\/10\/Caritas-Alle-querce-di-Mamre-26-1-300x225.jpg\" srcset=\"https:\/\/euwps05.newsmemory.com\/chiesedisicilia\/news\/wp-content\/uploads\/sites\/2\/2020\/10\/Caritas-Alle-querce-di-Mamre-26-1-300x225.jpg 300w, https:\/\/euwps05.newsmemory.com\/chiesedisicilia\/news\/wp-content\/uploads\/sites\/2\/2020\/10\/Caritas-Alle-querce-di-Mamre-26-1-768x576.jpg 768w, https:\/\/euwps05.newsmemory.com\/chiesedisicilia\/news\/wp-content\/uploads\/sites\/2\/2020\/10\/Caritas-Alle-querce-di-Mamre-26-1-1024x768.jpg 1024w, https:\/\/euwps05.newsmemory.com\/chiesedisicilia\/news\/wp-content\/uploads\/sites\/2\/2020\/10\/Caritas-Alle-querce-di-Mamre-26-1-750x563.jpg 750w\" sizes=\" 300px\" style=\"max-width:4032px; max-height:min(3024px,600px);\"\/><\/li><li class=\"li_29\" onclick=\"gallery_5043_1777317463277_expandedmy_action_on_click(29)\" ><img src=\"https:\/\/www.chiesedisicilia.org\/chiesedisicilia\/news\/wp-content\/uploads\/sites\/2\/2020\/10\/Caritas-Alle-querce-di-Mamre-53-300x225.jpg\" srcset=\"https:\/\/euwps05.newsmemory.com\/chiesedisicilia\/news\/wp-content\/uploads\/sites\/2\/2020\/10\/Caritas-Alle-querce-di-Mamre-53-300x225.jpg 300w, https:\/\/euwps05.newsmemory.com\/chiesedisicilia\/news\/wp-content\/uploads\/sites\/2\/2020\/10\/Caritas-Alle-querce-di-Mamre-53-768x576.jpg 768w, https:\/\/euwps05.newsmemory.com\/chiesedisicilia\/news\/wp-content\/uploads\/sites\/2\/2020\/10\/Caritas-Alle-querce-di-Mamre-53-1024x768.jpg 1024w, https:\/\/euwps05.newsmemory.com\/chiesedisicilia\/news\/wp-content\/uploads\/sites\/2\/2020\/10\/Caritas-Alle-querce-di-Mamre-53-750x563.jpg 750w\" sizes=\" 300px\" style=\"max-width:4032px; max-height:min(3024px,600px);\"\/><\/li><li class=\"li_30\" onclick=\"gallery_5043_1777317463277_expandedmy_action_on_click(30)\" ><img src=\"https:\/\/www.chiesedisicilia.org\/chiesedisicilia\/news\/wp-content\/uploads\/sites\/2\/2020\/10\/Caritas-Alle-querce-di-Mamre-51-300x225.jpg\" srcset=\"https:\/\/euwps05.newsmemory.com\/chiesedisicilia\/news\/wp-content\/uploads\/sites\/2\/2020\/10\/Caritas-Alle-querce-di-Mamre-51-300x225.jpg 300w, https:\/\/euwps05.newsmemory.com\/chiesedisicilia\/news\/wp-content\/uploads\/sites\/2\/2020\/10\/Caritas-Alle-querce-di-Mamre-51-768x576.jpg 768w, https:\/\/euwps05.newsmemory.com\/chiesedisicilia\/news\/wp-content\/uploads\/sites\/2\/2020\/10\/Caritas-Alle-querce-di-Mamre-51-1024x768.jpg 1024w, https:\/\/euwps05.newsmemory.com\/chiesedisicilia\/news\/wp-content\/uploads\/sites\/2\/2020\/10\/Caritas-Alle-querce-di-Mamre-51-750x563.jpg 750w\" sizes=\" 300px\" style=\"max-width:4032px; max-height:min(3024px,600px);\"\/><\/li><li class=\"li_31\" onclick=\"gallery_5043_1777317463277_expandedmy_action_on_click(31)\" ><img src=\"https:\/\/www.chiesedisicilia.org\/chiesedisicilia\/news\/wp-content\/uploads\/sites\/2\/2020\/10\/Caritas-Alle-querce-di-Mamre-50-300x225.jpg\" srcset=\"https:\/\/euwps05.newsmemory.com\/chiesedisicilia\/news\/wp-content\/uploads\/sites\/2\/2020\/10\/Caritas-Alle-querce-di-Mamre-50-300x225.jpg 300w, https:\/\/euwps05.newsmemory.com\/chiesedisicilia\/news\/wp-content\/uploads\/sites\/2\/2020\/10\/Caritas-Alle-querce-di-Mamre-50-768x576.jpg 768w, https:\/\/euwps05.newsmemory.com\/chiesedisicilia\/news\/wp-content\/uploads\/sites\/2\/2020\/10\/Caritas-Alle-querce-di-Mamre-50-1024x768.jpg 1024w, https:\/\/euwps05.newsmemory.com\/chiesedisicilia\/news\/wp-content\/uploads\/sites\/2\/2020\/10\/Caritas-Alle-querce-di-Mamre-50-750x563.jpg 750w\" sizes=\" 300px\" style=\"max-width:4032px; max-height:min(3024px,600px);\"\/><\/li><li class=\"li_32\" onclick=\"gallery_5043_1777317463277_expandedmy_action_on_click(32)\" ><img src=\"https:\/\/www.chiesedisicilia.org\/chiesedisicilia\/news\/wp-content\/uploads\/sites\/2\/2020\/10\/Caritas-Alle-querce-di-Mamre-52-300x225.jpg\" srcset=\"https:\/\/euwps05.newsmemory.com\/chiesedisicilia\/news\/wp-content\/uploads\/sites\/2\/2020\/10\/Caritas-Alle-querce-di-Mamre-52-300x225.jpg 300w, https:\/\/euwps05.newsmemory.com\/chiesedisicilia\/news\/wp-content\/uploads\/sites\/2\/2020\/10\/Caritas-Alle-querce-di-Mamre-52-768x576.jpg 768w, https:\/\/euwps05.newsmemory.com\/chiesedisicilia\/news\/wp-content\/uploads\/sites\/2\/2020\/10\/Caritas-Alle-querce-di-Mamre-52-1024x768.jpg 1024w, https:\/\/euwps05.newsmemory.com\/chiesedisicilia\/news\/wp-content\/uploads\/sites\/2\/2020\/10\/Caritas-Alle-querce-di-Mamre-52-750x563.jpg 750w\" sizes=\" 300px\" style=\"max-width:4032px; max-height:min(3024px,600px);\"\/><\/li><li class=\"li_33\" onclick=\"gallery_5043_1777317463277_expandedmy_action_on_click(33)\" ><img src=\"https:\/\/www.chiesedisicilia.org\/chiesedisicilia\/news\/wp-content\/uploads\/sites\/2\/2020\/10\/Caritas-Alle-querce-di-Mamre-48-300x225.jpg\" srcset=\"https:\/\/euwps05.newsmemory.com\/chiesedisicilia\/news\/wp-content\/uploads\/sites\/2\/2020\/10\/Caritas-Alle-querce-di-Mamre-48-300x225.jpg 300w, https:\/\/euwps05.newsmemory.com\/chiesedisicilia\/news\/wp-content\/uploads\/sites\/2\/2020\/10\/Caritas-Alle-querce-di-Mamre-48-768x576.jpg 768w, https:\/\/euwps05.newsmemory.com\/chiesedisicilia\/news\/wp-content\/uploads\/sites\/2\/2020\/10\/Caritas-Alle-querce-di-Mamre-48-1024x768.jpg 1024w, https:\/\/euwps05.newsmemory.com\/chiesedisicilia\/news\/wp-content\/uploads\/sites\/2\/2020\/10\/Caritas-Alle-querce-di-Mamre-48-750x563.jpg 750w\" sizes=\" 300px\" style=\"max-width:4032px; max-height:min(3024px,600px);\"\/><\/li><li class=\"li_34\" onclick=\"gallery_5043_1777317463277_expandedmy_action_on_click(34)\" ><img src=\"https:\/\/www.chiesedisicilia.org\/chiesedisicilia\/news\/wp-content\/uploads\/sites\/2\/2020\/10\/Caritas-Alle-querce-di-Mamre-49-300x225.jpg\" srcset=\"https:\/\/euwps05.newsmemory.com\/chiesedisicilia\/news\/wp-content\/uploads\/sites\/2\/2020\/10\/Caritas-Alle-querce-di-Mamre-49-300x225.jpg 300w, https:\/\/euwps05.newsmemory.com\/chiesedisicilia\/news\/wp-content\/uploads\/sites\/2\/2020\/10\/Caritas-Alle-querce-di-Mamre-49-768x576.jpg 768w, https:\/\/euwps05.newsmemory.com\/chiesedisicilia\/news\/wp-content\/uploads\/sites\/2\/2020\/10\/Caritas-Alle-querce-di-Mamre-49-1024x768.jpg 1024w, https:\/\/euwps05.newsmemory.com\/chiesedisicilia\/news\/wp-content\/uploads\/sites\/2\/2020\/10\/Caritas-Alle-querce-di-Mamre-49-750x563.jpg 750w\" sizes=\" 300px\" style=\"max-width:4032px; max-height:min(3024px,600px);\"\/><\/li><li class=\"li_35\" onclick=\"gallery_5043_1777317463277_expandedmy_action_on_click(35)\" ><img src=\"https:\/\/www.chiesedisicilia.org\/chiesedisicilia\/news\/wp-content\/uploads\/sites\/2\/2020\/10\/Caritas-Alle-querce-di-Mamre-47-300x225.jpg\" srcset=\"https:\/\/euwps05.newsmemory.com\/chiesedisicilia\/news\/wp-content\/uploads\/sites\/2\/2020\/10\/Caritas-Alle-querce-di-Mamre-47-300x225.jpg 300w, https:\/\/euwps05.newsmemory.com\/chiesedisicilia\/news\/wp-content\/uploads\/sites\/2\/2020\/10\/Caritas-Alle-querce-di-Mamre-47-768x576.jpg 768w, https:\/\/euwps05.newsmemory.com\/chiesedisicilia\/news\/wp-content\/uploads\/sites\/2\/2020\/10\/Caritas-Alle-querce-di-Mamre-47-1024x768.jpg 1024w, https:\/\/euwps05.newsmemory.com\/chiesedisicilia\/news\/wp-content\/uploads\/sites\/2\/2020\/10\/Caritas-Alle-querce-di-Mamre-47-750x563.jpg 750w\" sizes=\" 300px\" style=\"max-width:4032px; max-height:min(3024px,600px);\"\/><\/li><li class=\"li_36\" onclick=\"gallery_5043_1777317463277_expandedmy_action_on_click(36)\" ><img src=\"https:\/\/www.chiesedisicilia.org\/chiesedisicilia\/news\/wp-content\/uploads\/sites\/2\/2020\/10\/Caritas-Alle-querce-di-Mamre-46-300x225.jpg\" srcset=\"https:\/\/euwps05.newsmemory.com\/chiesedisicilia\/news\/wp-content\/uploads\/sites\/2\/2020\/10\/Caritas-Alle-querce-di-Mamre-46-300x225.jpg 300w, https:\/\/euwps05.newsmemory.com\/chiesedisicilia\/news\/wp-content\/uploads\/sites\/2\/2020\/10\/Caritas-Alle-querce-di-Mamre-46-768x576.jpg 768w, https:\/\/euwps05.newsmemory.com\/chiesedisicilia\/news\/wp-content\/uploads\/sites\/2\/2020\/10\/Caritas-Alle-querce-di-Mamre-46-1024x768.jpg 1024w, https:\/\/euwps05.newsmemory.com\/chiesedisicilia\/news\/wp-content\/uploads\/sites\/2\/2020\/10\/Caritas-Alle-querce-di-Mamre-46-750x563.jpg 750w\" sizes=\" 300px\" style=\"max-width:4032px; max-height:min(3024px,600px);\"\/><\/li><li class=\"li_37\" onclick=\"gallery_5043_1777317463277_expandedmy_action_on_click(37)\" ><img src=\"https:\/\/www.chiesedisicilia.org\/chiesedisicilia\/news\/wp-content\/uploads\/sites\/2\/2020\/10\/Caritas-Alle-querce-di-Mamre-44-300x225.jpg\" srcset=\"https:\/\/euwps05.newsmemory.com\/chiesedisicilia\/news\/wp-content\/uploads\/sites\/2\/2020\/10\/Caritas-Alle-querce-di-Mamre-44-300x225.jpg 300w, https:\/\/euwps05.newsmemory.com\/chiesedisicilia\/news\/wp-content\/uploads\/sites\/2\/2020\/10\/Caritas-Alle-querce-di-Mamre-44-768x576.jpg 768w, https:\/\/euwps05.newsmemory.com\/chiesedisicilia\/news\/wp-content\/uploads\/sites\/2\/2020\/10\/Caritas-Alle-querce-di-Mamre-44-1024x768.jpg 1024w, https:\/\/euwps05.newsmemory.com\/chiesedisicilia\/news\/wp-content\/uploads\/sites\/2\/2020\/10\/Caritas-Alle-querce-di-Mamre-44-750x563.jpg 750w\" sizes=\" 300px\" style=\"max-width:4032px; max-height:min(3024px,600px);\"\/><\/li><li class=\"li_38\" onclick=\"gallery_5043_1777317463277_expandedmy_action_on_click(38)\" ><img src=\"https:\/\/www.chiesedisicilia.org\/chiesedisicilia\/news\/wp-content\/uploads\/sites\/2\/2020\/10\/Caritas-Alle-querce-di-Mamre-45-300x225.jpg\" srcset=\"https:\/\/euwps05.newsmemory.com\/chiesedisicilia\/news\/wp-content\/uploads\/sites\/2\/2020\/10\/Caritas-Alle-querce-di-Mamre-45-300x225.jpg 300w, https:\/\/euwps05.newsmemory.com\/chiesedisicilia\/news\/wp-content\/uploads\/sites\/2\/2020\/10\/Caritas-Alle-querce-di-Mamre-45-768x576.jpg 768w, https:\/\/euwps05.newsmemory.com\/chiesedisicilia\/news\/wp-content\/uploads\/sites\/2\/2020\/10\/Caritas-Alle-querce-di-Mamre-45-1024x768.jpg 1024w, https:\/\/euwps05.newsmemory.com\/chiesedisicilia\/news\/wp-content\/uploads\/sites\/2\/2020\/10\/Caritas-Alle-querce-di-Mamre-45-750x563.jpg 750w\" sizes=\" 300px\" style=\"max-width:4032px; max-height:min(3024px,600px);\"\/><\/li><li class=\"li_39\" onclick=\"gallery_5043_1777317463277_expandedmy_action_on_click(39)\" ><img src=\"https:\/\/www.chiesedisicilia.org\/chiesedisicilia\/news\/wp-content\/uploads\/sites\/2\/2020\/10\/Caritas-Alle-querce-di-Mamre-43-300x225.jpg\" srcset=\"https:\/\/euwps05.newsmemory.com\/chiesedisicilia\/news\/wp-content\/uploads\/sites\/2\/2020\/10\/Caritas-Alle-querce-di-Mamre-43-300x225.jpg 300w, https:\/\/euwps05.newsmemory.com\/chiesedisicilia\/news\/wp-content\/uploads\/sites\/2\/2020\/10\/Caritas-Alle-querce-di-Mamre-43-768x576.jpg 768w, https:\/\/euwps05.newsmemory.com\/chiesedisicilia\/news\/wp-content\/uploads\/sites\/2\/2020\/10\/Caritas-Alle-querce-di-Mamre-43-1024x768.jpg 1024w, https:\/\/euwps05.newsmemory.com\/chiesedisicilia\/news\/wp-content\/uploads\/sites\/2\/2020\/10\/Caritas-Alle-querce-di-Mamre-43-750x563.jpg 750w\" sizes=\" 300px\" style=\"max-width:4032px; max-height:min(3024px,600px);\"\/><\/li><li class=\"li_40\" onclick=\"gallery_5043_1777317463277_expandedmy_action_on_click(40)\" ><img src=\"https:\/\/www.chiesedisicilia.org\/chiesedisicilia\/news\/wp-content\/uploads\/sites\/2\/2020\/10\/Caritas-Alle-querce-di-Mamre-41-300x225.jpg\" srcset=\"https:\/\/euwps05.newsmemory.com\/chiesedisicilia\/news\/wp-content\/uploads\/sites\/2\/2020\/10\/Caritas-Alle-querce-di-Mamre-41-300x225.jpg 300w, https:\/\/euwps05.newsmemory.com\/chiesedisicilia\/news\/wp-content\/uploads\/sites\/2\/2020\/10\/Caritas-Alle-querce-di-Mamre-41-768x576.jpg 768w, https:\/\/euwps05.newsmemory.com\/chiesedisicilia\/news\/wp-content\/uploads\/sites\/2\/2020\/10\/Caritas-Alle-querce-di-Mamre-41-1024x768.jpg 1024w, https:\/\/euwps05.newsmemory.com\/chiesedisicilia\/news\/wp-content\/uploads\/sites\/2\/2020\/10\/Caritas-Alle-querce-di-Mamre-41-750x563.jpg 750w\" sizes=\" 300px\" style=\"max-width:4032px; max-height:min(3024px,600px);\"\/><\/li><li class=\"li_41\" onclick=\"gallery_5043_1777317463277_expandedmy_action_on_click(41)\" ><img src=\"https:\/\/www.chiesedisicilia.org\/chiesedisicilia\/news\/wp-content\/uploads\/sites\/2\/2020\/10\/Caritas-Alle-querce-di-Mamre-42-300x225.jpg\" srcset=\"https:\/\/euwps05.newsmemory.com\/chiesedisicilia\/news\/wp-content\/uploads\/sites\/2\/2020\/10\/Caritas-Alle-querce-di-Mamre-42-300x225.jpg 300w, https:\/\/euwps05.newsmemory.com\/chiesedisicilia\/news\/wp-content\/uploads\/sites\/2\/2020\/10\/Caritas-Alle-querce-di-Mamre-42-768x576.jpg 768w, https:\/\/euwps05.newsmemory.com\/chiesedisicilia\/news\/wp-content\/uploads\/sites\/2\/2020\/10\/Caritas-Alle-querce-di-Mamre-42-1024x768.jpg 1024w, https:\/\/euwps05.newsmemory.com\/chiesedisicilia\/news\/wp-content\/uploads\/sites\/2\/2020\/10\/Caritas-Alle-querce-di-Mamre-42-750x563.jpg 750w\" sizes=\" 300px\" style=\"max-width:4032px; max-height:min(3024px,600px);\"\/><\/li><li class=\"li_42\" onclick=\"gallery_5043_1777317463277_expandedmy_action_on_click(42)\" ><img src=\"https:\/\/www.chiesedisicilia.org\/chiesedisicilia\/news\/wp-content\/uploads\/sites\/2\/2020\/10\/Caritas-Alle-querce-di-Mamre-39-300x225.jpg\" srcset=\"https:\/\/euwps05.newsmemory.com\/chiesedisicilia\/news\/wp-content\/uploads\/sites\/2\/2020\/10\/Caritas-Alle-querce-di-Mamre-39-300x225.jpg 300w, https:\/\/euwps05.newsmemory.com\/chiesedisicilia\/news\/wp-content\/uploads\/sites\/2\/2020\/10\/Caritas-Alle-querce-di-Mamre-39-768x576.jpg 768w, https:\/\/euwps05.newsmemory.com\/chiesedisicilia\/news\/wp-content\/uploads\/sites\/2\/2020\/10\/Caritas-Alle-querce-di-Mamre-39-1024x768.jpg 1024w, https:\/\/euwps05.newsmemory.com\/chiesedisicilia\/news\/wp-content\/uploads\/sites\/2\/2020\/10\/Caritas-Alle-querce-di-Mamre-39-750x563.jpg 750w\" sizes=\" 300px\" style=\"max-width:4032px; max-height:min(3024px,600px);\"\/><\/li><li class=\"li_43\" onclick=\"gallery_5043_1777317463277_expandedmy_action_on_click(43)\" ><img src=\"https:\/\/www.chiesedisicilia.org\/chiesedisicilia\/news\/wp-content\/uploads\/sites\/2\/2020\/10\/Caritas-Alle-querce-di-Mamre-40-300x225.jpg\" srcset=\"https:\/\/euwps05.newsmemory.com\/chiesedisicilia\/news\/wp-content\/uploads\/sites\/2\/2020\/10\/Caritas-Alle-querce-di-Mamre-40-300x225.jpg 300w, https:\/\/euwps05.newsmemory.com\/chiesedisicilia\/news\/wp-content\/uploads\/sites\/2\/2020\/10\/Caritas-Alle-querce-di-Mamre-40-768x576.jpg 768w, https:\/\/euwps05.newsmemory.com\/chiesedisicilia\/news\/wp-content\/uploads\/sites\/2\/2020\/10\/Caritas-Alle-querce-di-Mamre-40-1024x768.jpg 1024w, https:\/\/euwps05.newsmemory.com\/chiesedisicilia\/news\/wp-content\/uploads\/sites\/2\/2020\/10\/Caritas-Alle-querce-di-Mamre-40-750x563.jpg 750w\" sizes=\" 300px\" style=\"max-width:4032px; max-height:min(3024px,600px);\"\/><\/li><li class=\"li_44\" onclick=\"gallery_5043_1777317463277_expandedmy_action_on_click(44)\" ><img src=\"https:\/\/www.chiesedisicilia.org\/chiesedisicilia\/news\/wp-content\/uploads\/sites\/2\/2020\/10\/Caritas-Alle-querce-di-Mamre-37-300x225.jpg\" srcset=\"https:\/\/euwps05.newsmemory.com\/chiesedisicilia\/news\/wp-content\/uploads\/sites\/2\/2020\/10\/Caritas-Alle-querce-di-Mamre-37-300x225.jpg 300w, https:\/\/euwps05.newsmemory.com\/chiesedisicilia\/news\/wp-content\/uploads\/sites\/2\/2020\/10\/Caritas-Alle-querce-di-Mamre-37-768x576.jpg 768w, https:\/\/euwps05.newsmemory.com\/chiesedisicilia\/news\/wp-content\/uploads\/sites\/2\/2020\/10\/Caritas-Alle-querce-di-Mamre-37-1024x768.jpg 1024w, https:\/\/euwps05.newsmemory.com\/chiesedisicilia\/news\/wp-content\/uploads\/sites\/2\/2020\/10\/Caritas-Alle-querce-di-Mamre-37-750x563.jpg 750w\" sizes=\" 300px\" style=\"max-width:4032px; max-height:min(3024px,600px);\"\/><\/li><li class=\"li_45\" onclick=\"gallery_5043_1777317463277_expandedmy_action_on_click(45)\" ><img src=\"https:\/\/www.chiesedisicilia.org\/chiesedisicilia\/news\/wp-content\/uploads\/sites\/2\/2020\/10\/Caritas-Alle-querce-di-Mamre-38-300x225.jpg\" srcset=\"https:\/\/euwps05.newsmemory.com\/chiesedisicilia\/news\/wp-content\/uploads\/sites\/2\/2020\/10\/Caritas-Alle-querce-di-Mamre-38-300x225.jpg 300w, https:\/\/euwps05.newsmemory.com\/chiesedisicilia\/news\/wp-content\/uploads\/sites\/2\/2020\/10\/Caritas-Alle-querce-di-Mamre-38-768x576.jpg 768w, https:\/\/euwps05.newsmemory.com\/chiesedisicilia\/news\/wp-content\/uploads\/sites\/2\/2020\/10\/Caritas-Alle-querce-di-Mamre-38-1024x768.jpg 1024w, https:\/\/euwps05.newsmemory.com\/chiesedisicilia\/news\/wp-content\/uploads\/sites\/2\/2020\/10\/Caritas-Alle-querce-di-Mamre-38-750x563.jpg 750w\" sizes=\" 300px\" style=\"max-width:4032px; max-height:min(3024px,600px);\"\/><\/li><li class=\"li_46\" onclick=\"gallery_5043_1777317463277_expandedmy_action_on_click(46)\" ><img src=\"https:\/\/www.chiesedisicilia.org\/chiesedisicilia\/news\/wp-content\/uploads\/sites\/2\/2020\/10\/Caritas-Alle-querce-di-Mamre-36-300x225.jpg\" srcset=\"https:\/\/euwps05.newsmemory.com\/chiesedisicilia\/news\/wp-content\/uploads\/sites\/2\/2020\/10\/Caritas-Alle-querce-di-Mamre-36-300x225.jpg 300w, https:\/\/euwps05.newsmemory.com\/chiesedisicilia\/news\/wp-content\/uploads\/sites\/2\/2020\/10\/Caritas-Alle-querce-di-Mamre-36-768x576.jpg 768w, https:\/\/euwps05.newsmemory.com\/chiesedisicilia\/news\/wp-content\/uploads\/sites\/2\/2020\/10\/Caritas-Alle-querce-di-Mamre-36-1024x768.jpg 1024w, https:\/\/euwps05.newsmemory.com\/chiesedisicilia\/news\/wp-content\/uploads\/sites\/2\/2020\/10\/Caritas-Alle-querce-di-Mamre-36-750x563.jpg 750w\" sizes=\" 300px\" style=\"max-width:4032px; max-height:min(3024px,600px);\"\/><\/li><li class=\"li_47\" onclick=\"gallery_5043_1777317463277_expandedmy_action_on_click(47)\" ><img src=\"https:\/\/www.chiesedisicilia.org\/chiesedisicilia\/news\/wp-content\/uploads\/sites\/2\/2020\/10\/Caritas-Alle-querce-di-Mamre-34-300x225.jpg\" srcset=\"https:\/\/euwps05.newsmemory.com\/chiesedisicilia\/news\/wp-content\/uploads\/sites\/2\/2020\/10\/Caritas-Alle-querce-di-Mamre-34-300x225.jpg 300w, https:\/\/euwps05.newsmemory.com\/chiesedisicilia\/news\/wp-content\/uploads\/sites\/2\/2020\/10\/Caritas-Alle-querce-di-Mamre-34-768x576.jpg 768w, https:\/\/euwps05.newsmemory.com\/chiesedisicilia\/news\/wp-content\/uploads\/sites\/2\/2020\/10\/Caritas-Alle-querce-di-Mamre-34-1024x768.jpg 1024w, https:\/\/euwps05.newsmemory.com\/chiesedisicilia\/news\/wp-content\/uploads\/sites\/2\/2020\/10\/Caritas-Alle-querce-di-Mamre-34-750x563.jpg 750w\" sizes=\" 300px\" style=\"max-width:4032px; max-height:min(3024px,600px);\"\/><\/li><li class=\"li_48\" onclick=\"gallery_5043_1777317463277_expandedmy_action_on_click(48)\" ><img src=\"https:\/\/www.chiesedisicilia.org\/chiesedisicilia\/news\/wp-content\/uploads\/sites\/2\/2020\/10\/Caritas-Alle-querce-di-Mamre-35-300x225.jpg\" srcset=\"https:\/\/euwps05.newsmemory.com\/chiesedisicilia\/news\/wp-content\/uploads\/sites\/2\/2020\/10\/Caritas-Alle-querce-di-Mamre-35-300x225.jpg 300w, https:\/\/euwps05.newsmemory.com\/chiesedisicilia\/news\/wp-content\/uploads\/sites\/2\/2020\/10\/Caritas-Alle-querce-di-Mamre-35-768x576.jpg 768w, https:\/\/euwps05.newsmemory.com\/chiesedisicilia\/news\/wp-content\/uploads\/sites\/2\/2020\/10\/Caritas-Alle-querce-di-Mamre-35-1024x768.jpg 1024w, https:\/\/euwps05.newsmemory.com\/chiesedisicilia\/news\/wp-content\/uploads\/sites\/2\/2020\/10\/Caritas-Alle-querce-di-Mamre-35-750x563.jpg 750w\" sizes=\" 300px\" style=\"max-width:4032px; max-height:min(3024px,600px);\"\/><\/li><li class=\"li_49\" onclick=\"gallery_5043_1777317463277_expandedmy_action_on_click(49)\" ><img src=\"https:\/\/www.chiesedisicilia.org\/chiesedisicilia\/news\/wp-content\/uploads\/sites\/2\/2020\/10\/Caritas-Alle-querce-di-Mamre-33-300x225.jpg\" srcset=\"https:\/\/euwps05.newsmemory.com\/chiesedisicilia\/news\/wp-content\/uploads\/sites\/2\/2020\/10\/Caritas-Alle-querce-di-Mamre-33-300x225.jpg 300w, https:\/\/euwps05.newsmemory.com\/chiesedisicilia\/news\/wp-content\/uploads\/sites\/2\/2020\/10\/Caritas-Alle-querce-di-Mamre-33-768x576.jpg 768w, https:\/\/euwps05.newsmemory.com\/chiesedisicilia\/news\/wp-content\/uploads\/sites\/2\/2020\/10\/Caritas-Alle-querce-di-Mamre-33-1024x768.jpg 1024w, https:\/\/euwps05.newsmemory.com\/chiesedisicilia\/news\/wp-content\/uploads\/sites\/2\/2020\/10\/Caritas-Alle-querce-di-Mamre-33-750x563.jpg 750w\" sizes=\" 300px\" style=\"max-width:4032px; max-height:min(3024px,600px);\"\/><\/li><li class=\"li_50\" onclick=\"gallery_5043_1777317463277_expandedmy_action_on_click(50)\" ><img src=\"https:\/\/www.chiesedisicilia.org\/chiesedisicilia\/news\/wp-content\/uploads\/sites\/2\/2020\/10\/Caritas-Alle-querce-di-Mamre-32-1-300x225.jpg\" srcset=\"https:\/\/euwps05.newsmemory.com\/chiesedisicilia\/news\/wp-content\/uploads\/sites\/2\/2020\/10\/Caritas-Alle-querce-di-Mamre-32-1-300x225.jpg 300w, https:\/\/euwps05.newsmemory.com\/chiesedisicilia\/news\/wp-content\/uploads\/sites\/2\/2020\/10\/Caritas-Alle-querce-di-Mamre-32-1-768x576.jpg 768w, https:\/\/euwps05.newsmemory.com\/chiesedisicilia\/news\/wp-content\/uploads\/sites\/2\/2020\/10\/Caritas-Alle-querce-di-Mamre-32-1-1024x768.jpg 1024w, https:\/\/euwps05.newsmemory.com\/chiesedisicilia\/news\/wp-content\/uploads\/sites\/2\/2020\/10\/Caritas-Alle-querce-di-Mamre-32-1-750x563.jpg 750w\" sizes=\" 300px\" style=\"max-width:4032px; max-height:min(3024px,600px);\"\/><\/li><li class=\"li_51\" onclick=\"gallery_5043_1777317463277_expandedmy_action_on_click(51)\" ><img src=\"https:\/\/www.chiesedisicilia.org\/chiesedisicilia\/news\/wp-content\/uploads\/sites\/2\/2020\/10\/Caritas-Alle-querce-di-Mamre-31-300x225.jpg\" srcset=\"https:\/\/euwps05.newsmemory.com\/chiesedisicilia\/news\/wp-content\/uploads\/sites\/2\/2020\/10\/Caritas-Alle-querce-di-Mamre-31-300x225.jpg 300w, https:\/\/euwps05.newsmemory.com\/chiesedisicilia\/news\/wp-content\/uploads\/sites\/2\/2020\/10\/Caritas-Alle-querce-di-Mamre-31-768x576.jpg 768w, https:\/\/euwps05.newsmemory.com\/chiesedisicilia\/news\/wp-content\/uploads\/sites\/2\/2020\/10\/Caritas-Alle-querce-di-Mamre-31-1024x768.jpg 1024w, https:\/\/euwps05.newsmemory.com\/chiesedisicilia\/news\/wp-content\/uploads\/sites\/2\/2020\/10\/Caritas-Alle-querce-di-Mamre-31-750x563.jpg 750w\" sizes=\" 300px\" style=\"max-width:4032px; max-height:min(3024px,600px);\"\/><\/li><li class=\"li_52\" onclick=\"gallery_5043_1777317463277_expandedmy_action_on_click(52)\" ><img src=\"https:\/\/www.chiesedisicilia.org\/chiesedisicilia\/news\/wp-content\/uploads\/sites\/2\/2020\/10\/Caritas-Alle-querce-di-Mamre-29-300x225.jpg\" srcset=\"https:\/\/euwps05.newsmemory.com\/chiesedisicilia\/news\/wp-content\/uploads\/sites\/2\/2020\/10\/Caritas-Alle-querce-di-Mamre-29-300x225.jpg 300w, https:\/\/euwps05.newsmemory.com\/chiesedisicilia\/news\/wp-content\/uploads\/sites\/2\/2020\/10\/Caritas-Alle-querce-di-Mamre-29-768x576.jpg 768w, https:\/\/euwps05.newsmemory.com\/chiesedisicilia\/news\/wp-content\/uploads\/sites\/2\/2020\/10\/Caritas-Alle-querce-di-Mamre-29-1024x768.jpg 1024w, https:\/\/euwps05.newsmemory.com\/chiesedisicilia\/news\/wp-content\/uploads\/sites\/2\/2020\/10\/Caritas-Alle-querce-di-Mamre-29-750x563.jpg 750w\" sizes=\" 300px\" style=\"max-width:4032px; max-height:min(3024px,600px);\"\/><\/li><div id=\"gallery_5043_1777317463277_expandedclose_image\" style=\"\" onclick=\"gallery_5043_1777317463277_expandedclose_image()\">&#128940;<\/div><a id=\"gallery_5043_1777317463277_expandedprev\" class=\"prev\" onclick=\"gallery_5043_1777317463277_expandedplusSlides(-1,event)\">&#10094;<\/a><a id=\"gallery_5043_1777317463277_expandednext\" class=\"next\" onclick=\"gallery_5043_1777317463277_expandedplusSlides(1,event)\">&#10095;<\/a><div id=\"gallery_5043_1777317463277_expandeddots\" class=\"dots\" style=\"text-align:center\"><\/div><\/div><script script_tmpl='expanded' style='display:none'>\/\/COMPACT\r\nvar gallery_5043_1777317463277_expanded_click = 0;\r\n\r\nfunction gallery_5043_1777317463277_expandedmy_action_on_click(elem_number){\r\n  if (gallery_5043_1777317463277_expanded_click == 0){\r\n    mygallery= jQuery(\"#gallery_5043_1777317463277_expanded\")[0];\r\n\r\n    var screenWidth = $(window).width();\r\n    var _screen = 'desktop';\r\n    if (screenWidth < 768) { \r\n      _screen = 'phone_portrait'; \r\n    } else if (screenWidth >= 768 && screenWidth <= 1024) { \r\n      _screen = 'tablet_portrait'; \r\n    }\r\n\r\n    if (jQuery('#gallery_5043_1777317463277_expanded_ads_top').length > 0 && jQuery('#gallery_5043_1777317463277_expanded_ads_top').html().trim() == '') {\r\n      if (adOverlayTop !== null && adOverlayTop !== undefined && adOverlayTop !== '') {\r\n\r\n        jQuery('#gallery_5043_1777317463277_expanded_ads_top').append(adOverlayTop);\r\n\r\n        var adOverlayTopID = jQuery('#gallery_5043_1777317463277_expanded_ads_top').find('ins').data('wpas-zoneid');\r\n\r\n        if (adOverlayTopID !== null && adOverlayTopID !== undefined && adOverlayTopID !== '') {\r\n          gallery_5043_1777317463277_expandedget_adzone_object(adOverlayTopID, _screen, '#gallery_5043_1777317463277_expanded_ads_top');\r\n        }\r\n      }\r\n    }\r\n    if (jQuery('#gallery_5043_1777317463277_expanded_ads_bottom').length > 0 && jQuery('#gallery_5043_1777317463277_expanded_ads_bottom').html().trim() == '') {\r\n      if (adOverlayBottom !== null && adOverlayBottom !== undefined && adOverlayBottom !== '') {\r\n\r\n        jQuery('#gallery_5043_1777317463277_expanded_ads_bottom').append(adOverlayBottom);\r\n\r\n        var adOverlayBottomID = jQuery('#gallery_5043_1777317463277_expanded_ads_bottom').find('ins').data('wpas-zoneid');\r\n\r\n        if (adOverlayBottomID !== null && adOverlayBottomID !== undefined && adOverlayBottomID !== '') {\r\n          gallery_5043_1777317463277_expandedget_adzone_object(adOverlayBottomID, _screen, '#gallery_5043_1777317463277_expanded_ads_bottom');\r\n        }\r\n      }\r\n    }\r\n\r\n    clone = mygallery.cloneNode(true);\r\n    clone.id=\"gallery_5043_1777317463277_expanded_overlay\";\r\n    li_elem = clone.querySelectorAll(\"li\");\r\n    for (i=0;i<li_elem.length;i++){\r\n      li_elem[i].removeAttribute(\"onclick\");\r\n      li_elem[i].querySelector('img').setAttribute(\"sizes\",\"full\");\r\n    }\r\n    \r\n    clone.querySelector('div').setAttribute(\"onclick\",\"gallery_5043_1777317463277_expandedclose_image()\");\r\n    \r\n    mygallery.appendChild(clone);\r\n\r\n    if (jQuery('#gallery_5043_1777317463277_expanded_ads_top').length > 0){\r\n      let load_ads_top = new MutationObserver(mutationRecords => {\r\n        $('#gallery_5043_1777317463277_expanded_overlay #gallery_5043_1777317463277_expanded_ads_top img').css('width', $(\"#gallery_5043_1777317463277_expanded_overlay #gallery_5043_1777317463277_expanded_ads_top .wppaszone\").width());\r\n        $('#gallery_5043_1777317463277_expanded_overlay #gallery_5043_1777317463277_expanded_ads_top img').css('height', $(\"#gallery_5043_1777317463277_expanded_overlay #gallery_5043_1777317463277_expanded_ads_top .wppaszone\").height());\r\n        load_ads_top.disconnect();\r\n      });\r\n      var node = $(\"#gallery_5043_1777317463277_expanded_overlay #gallery_5043_1777317463277_expanded_ads_top ins\");\r\n      var config = {childList: true, subtree: true};\r\n      load_ads_top.observe(node[0], config);\r\n    }\r\n    if (jQuery('#gallery_5043_1777317463277_expanded_ads_bottom').length > 0){\r\n      let load_ads_bottom= new MutationObserver(mutationRecords => {\r\n        $('#gallery_5043_1777317463277_expanded_overlay #gallery_5043_1777317463277_expanded_ads_bottom img').css('width', $(\"#gallery_5043_1777317463277_expanded_overlay #gallery_5043_1777317463277_expanded_ads_bottom .wppaszone\").width());\r\n        $('#gallery_5043_1777317463277_expanded_overlay #gallery_5043_1777317463277_expanded_ads_bottom img').css('height', $(\"#gallery_5043_1777317463277_expanded_overlay #gallery_5043_1777317463277_expanded_ads_bottom .wppaszone\").height());\r\n        load_ads_bottom.disconnect();\r\n      });\r\n      var node = $(\"#gallery_5043_1777317463277_expanded_overlay #gallery_5043_1777317463277_expanded_ads_bottom ins\");\r\n      var config = {childList: true, subtree: true};\r\n      load_ads_bottom.observe(node[0], config);\r\n    }\r\n  } else {\r\n    jQuery(\"#gallery_5043_1777317463277_expanded_overlay\").show();\r\n  }\r\n\r\n  document.body.style.overflow = 'hidden';\r\n  gallery_5043_1777317463277_expandedinitialize_overlay();\r\n  gallery_5043_1777317463277_expandedshowSlides(elem_number);\r\n\r\n  gallery_5043_1777317463277_expanded_click++;\r\n}\r\n\r\nfunction gallery_5043_1777317463277_expandedclose_image(){\r\n  \/\/alert(\"alert\");\r\n  \/\/ jQuery(\"#gallery_5043_1777317463277_expanded #gallery_5043_1777317463277_expanded_overlay\").remove();\r\n  jQuery(\"#gallery_5043_1777317463277_expanded #gallery_5043_1777317463277_expanded_overlay\").hide();\r\n  document.body.style.overflow = 'visible';\r\n}\r\n\r\nfunction gallery_5043_1777317463277_expandedget_adzone_object(adzone_id, screen, place) {\r\n  jQuery.ajax({\r\n    type: \"GET\",\r\n    url: window.wppas_ajax_script,\r\n    data: {\r\n      action: \"pas_async_load_adzone\",\r\n      adzone_id,\r\n      screen,\r\n      is_popup: 0,\r\n      is_flyin: 0,\r\n      is_background: 0,\r\n      is_autoclose: 0,\r\n      is_corner_curl: 0,\r\n      is_custom_call: 1\r\n    }\r\n  }).success(function(obj) {\r\n    jQuery(place).find('ins').html(obj);\r\n    jQuery('#gallery_5043_1777317463277_expanded_overlay ' + place).find('ins').html(obj);\r\n  });\r\n}\r\n\r\nlet gallery_5043_1777317463277_expandedslideIndex = 0;\r\nvar gallery_5043_1777317463277_expandedCarouselAutorotateTimeout;\r\n\r\nfunction gallery_5043_1777317463277_expandedinitialize_overlay(){\r\n\r\n  jQuery(\"#gallery_5043_1777317463277_expanded #gallery_5043_1777317463277_expanded_overlay div\")[0].appendChild(jQuery(\"#gallery_5043_1777317463277_expanded #gallery_5043_1777317463277_expanded_overlay .prev\")[0]);\r\n  jQuery(\"#gallery_5043_1777317463277_expanded #gallery_5043_1777317463277_expanded_overlay div\")[0].appendChild(jQuery(\"#gallery_5043_1777317463277_expanded #gallery_5043_1777317463277_expanded_overlay .next\")[0]);\r\n  jQuery(\"#gallery_5043_1777317463277_expanded #gallery_5043_1777317463277_expanded_overlay div\")[0].appendChild(jQuery(\"#gallery_5043_1777317463277_expanded #gallery_5043_1777317463277_expanded_overlay .dots\")[0]);\r\n\r\n  jQuery(\"#gallery_5043_1777317463277_expanded #gallery_5043_1777317463277_expanded_overlay .prev\")[0].style.display = \"block\";  \r\n  jQuery(\"#gallery_5043_1777317463277_expanded #gallery_5043_1777317463277_expanded_overlay .next\")[0].style.display = \"block\";  \r\n  jQuery(\"#gallery_5043_1777317463277_expanded #gallery_5043_1777317463277_expanded_overlay .dots\")[0].style.display = \"block\";  \r\n  gallery_5043_1777317463277_expandedadd_dots();\r\n\r\n}\r\n\t\r\nfunction gallery_5043_1777317463277_expandedplusSlides(n,event) {\r\n  \/\/alert(\"plus\");\r\n  event.stopImmediatePropagation();\r\n\tgallery_5043_1777317463277_expandedfix_height();\r\n  gallery_5043_1777317463277_expandedshowSlides(gallery_5043_1777317463277_expandedslideIndex += n);\r\n}\r\n\r\nfunction gallery_5043_1777317463277_expandedcurrentSlide(n) {\r\n  event.stopPropagation();\r\n\tgallery_5043_1777317463277_expandedfix_height();\r\n  gallery_5043_1777317463277_expandedshowSlides(gallery_5043_1777317463277_expandedslideIndex = n);\r\n}\r\n\r\nfunction gallery_5043_1777317463277_expandedshowSlides(n) {\r\n  gallery_5043_1777317463277_expandedslideIndex=n;\r\n\r\n\tif(typeof(gallery_5043_1777317463277_expandedCarouselAutorotateTimeout) != 'undefined' && gallery_5043_1777317463277_expandedCarouselAutorotateTimeout != 'undefined' ){\r\n    clearTimeout(gallery_5043_1777317463277_expandedCarouselAutorotateTimeout);\r\n\t}\r\n\t\r\n  let i;\r\n  let slides = document.querySelectorAll(\"#gallery_5043_1777317463277_expanded #gallery_5043_1777317463277_expanded_overlay li\");\r\n\t\r\n  let dots = document.querySelectorAll(\"#gallery_5043_1777317463277_expanded #gallery_5043_1777317463277_expanded_overlay .dot\");\r\n  if (gallery_5043_1777317463277_expandedslideIndex >= slides.length) {\r\n    gallery_5043_1777317463277_expandedslideIndex = 0;\r\n      \r\n  }\r\n  if (n < 0) {gallery_5043_1777317463277_expandedslideIndex = slides.length-1}\r\n  for (i = 0; i < slides.length; i++) {\r\n    slides[i].style.cssText.replace('display:flex !important',\"\");\r\n    slides[i].style.cssText += 'display:none !important';\r\n    slides[i].classList.remove(\"active\");\r\n  }\r\n\t\r\n  for (i = 0; i < dots.length; i++) {\r\n    dots[i].classList.remove(\"active\");\r\n  }\r\n\t\r\n  \/\/slides[gallery_5043_1777317463277_expandedslideIndex-1].style.cssText = 'display:flex !important'\r\n  \/\/dots[gallery_5043_1777317463277_expandedslideIndex-1].className += \" active\";\r\n    slides[gallery_5043_1777317463277_expandedslideIndex].style.cssText += 'display:flex !important'\r\n    slides[gallery_5043_1777317463277_expandedslideIndex].classList.add(\"active\");\r\n    dots[gallery_5043_1777317463277_expandedslideIndex].classList.add(\"active\");\r\n\t\/\/gallery_5043_1777317463277_expandedCarouselAutorotateTimeout = setTimeout(plusSlides, 4000, 1); \r\n\tgallery_5043_1777317463277_expandedCarouselAutorotateTimeout ='undefined';\r\n}\r\n\r\n\/\/fix height\r\nfunction gallery_5043_1777317463277_expandedfix_height(){\r\n  elem = jQuery(\"#gallery_5043_1777317463277_expanded #gallery_5043_1777317463277_expanded_overlay li.active\")[0];\r\n  computed_height = elem.offsetHeight;\r\n  min_height = elem.style.minHeight;\r\n  if(min_height == \"\"){\r\n    min_height=\"0px\";\r\n  }\r\n  min_height=min_height.replace(\"px\",\"\");\r\n  if(computed_height > min_height){\r\n    myli = jQuery(\"#gallery_5043_1777317463277_expanded #gallery_5043_1777317463277_expanded_overlay li\");\r\n    for(i=0;i<myli.length;i++){\r\n      jQuery(\"#gallery_5043_1777317463277_expanded #gallery_5043_1777317463277_expanded_overlay li\")[i].style.minHeight=computed_height+\"px\";\r\n    }\r\n  }\r\n}\r\n\r\nfunction gallery_5043_1777317463277_expandedadd_dots(){\r\n\tlet articles = document.querySelectorAll(\"#gallery_5043_1777317463277_expanded #gallery_5043_1777317463277_expanded_overlay li\");\r\n\tmyHTML=\"\";\r\n\tfor(i=0;i<articles.length ;i++){\r\n\t\tmyHTML = myHTML +\t'<span class=\"dot\" onclick=\"gallery_5043_1777317463277_expandedcurrentSlide('+i+')\"><\/span>'; \r\n\t}\r\n\tjQuery(\"#gallery_5043_1777317463277_expanded #gallery_5043_1777317463277_expanded_overlay .dots\")[0].innerHTML=myHTML;\r\n}<\/script><\/div>\n","protected":false},"excerpt":{"rendered":"<p>\u201cAccoglienza, dialogo, annuncio\u201d sono le tre parole che stanno guidando il convegno regionale organizzato dall\u2019Ufficio per la Carit\u00e0 della Conferenza episcopale siciliana, in corso di svolgimento a Messina. I direttori e le equipes delle Caritas delle diciotto diocesi dell\u2019Isola si sono ritrovati \u2013 ripercorrendo il titolo dell\u2019iniziativa &#8211; come \u201calle querce di Mamre\u201d. \u201cNon solo un luogo &#8211; ha detto mons. Giovanni Accolla, arcivescovo di Messina e delegato CESi per la Carit\u00e0, introducendo i lavori -, perch\u00e9 le querce siamo noi\u201d.<br \/>\nAi lavori sono presenti anche i direttori degli Uffici regionali per le Migrazioni e per la Cooperazione missionaria e una rappresentanza dell\u2019Ufficio regionale per l\u2019Ecumenismo e il Dialogo interreligioso.<\/p>\n","protected":false},"author":4,"featured_media":9594,"comment_status":"closed","ping_status":"closed","sticky":false,"template":"","format":"standard","meta":[],"categories":[7],"tags":[482,481,340],"news-destination":[],"news-source":[],"is_homepage":[],"ta_other":[],"_links":{"self":[{"href":"https:\/\/www.chiesedisicilia.org\/chiesedisicilia\/news\/wp-json\/wp\/v2\/posts\/9593"}],"collection":[{"href":"https:\/\/www.chiesedisicilia.org\/chiesedisicilia\/news\/wp-json\/wp\/v2\/posts"}],"about":[{"href":"https:\/\/www.chiesedisicilia.org\/chiesedisicilia\/news\/wp-json\/wp\/v2\/types\/post"}],"author":[{"embeddable":true,"href":"https:\/\/www.chiesedisicilia.org\/chiesedisicilia\/news\/wp-json\/wp\/v2\/users\/4"}],"replies":[{"embeddable":true,"href":"https:\/\/www.chiesedisicilia.org\/chiesedisicilia\/news\/wp-json\/wp\/v2\/comments?post=9593"}],"version-history":[{"count":12,"href":"https:\/\/www.chiesedisicilia.org\/chiesedisicilia\/news\/wp-json\/wp\/v2\/posts\/9593\/revisions"}],"predecessor-version":[{"id":13788,"href":"https:\/\/www.chiesedisicilia.org\/chiesedisicilia\/news\/wp-json\/wp\/v2\/posts\/9593\/revisions\/13788"}],"wp:featuredmedia":[{"embeddable":true,"href":"https:\/\/www.chiesedisicilia.org\/chiesedisicilia\/news\/wp-json\/wp\/v2\/media\/9594"}],"wp:attachment":[{"href":"https:\/\/www.chiesedisicilia.org\/chiesedisicilia\/news\/wp-json\/wp\/v2\/media?parent=9593"}],"wp:term":[{"taxonomy":"category","embeddable":true,"href":"https:\/\/www.chiesedisicilia.org\/chiesedisicilia\/news\/wp-json\/wp\/v2\/categories?post=9593"},{"taxonomy":"post_tag","embeddable":true,"href":"https:\/\/www.chiesedisicilia.org\/chiesedisicilia\/news\/wp-json\/wp\/v2\/tags?post=9593"},{"taxonomy":"news-destination","embeddable":true,"href":"https:\/\/www.chiesedisicilia.org\/chiesedisicilia\/news\/wp-json\/wp\/v2\/news-destination?post=9593"},{"taxonomy":"news-source","embeddable":true,"href":"https:\/\/www.chiesedisicilia.org\/chiesedisicilia\/news\/wp-json\/wp\/v2\/news-source?post=9593"},{"taxonomy":"is_homepage","embeddable":true,"href":"https:\/\/www.chiesedisicilia.org\/chiesedisicilia\/news\/wp-json\/wp\/v2\/is_homepage?post=9593"},{"taxonomy":"ta_other","embeddable":true,"href":"https:\/\/www.chiesedisicilia.org\/chiesedisicilia\/news\/wp-json\/wp\/v2\/ta_other?post=9593"}],"curies":[{"name":"wp","href":"https:\/\/api.w.org\/{rel}","templated":true}]}}