{"id":9585,"date":"2019-05-15T14:12:54","date_gmt":"2019-05-15T12:12:54","guid":{"rendered":"http:\/\/www.chiesedisicilia.org\/chiesedisicilia\/?p=9585"},"modified":"2019-05-15T14:19:30","modified_gmt":"2018-07-19T14:19:30","slug":"verso-la-creazione-di-un-laboratorio-regionale-di-formazione-socio-politica-dei-cattolici","status":"publish","type":"post","link":"https:\/\/www.chiesedisicilia.org\/2019\/05\/15\/verso-la-creazione-di-un-laboratorio-regionale-di-formazione-socio-politica-dei-cattolici\/","title":{"rendered":"VERSO LA CREAZIONE DI UN LABORATORIO REGIONALE DI FORMAZIONE SOCIO-POLITICA DEI CATTOLICI"},"content":{"rendered":"<p>Insieme a Mons. Marciante e a Mons. Cuttitta si \u00e8 riunita marted\u00ec 14 maggio scorso presso i locali del Seminario Vescovile di Cefal\u00f9 la Commissione presbiterale regionale e la Segreteria Pastorale, composta dai direttori regionali di tutti gli uffici della C.E.Si.<\/p>\n<p><img alt=\"VERSO LA CREAZIONE DI UN LABORATORIO REGIONALE DI FORMAZIONE SOCIO-POLITICA DEI CATTOLICI\" title=\"VERSO LA CREAZIONE DI UN LABORATORIO REGIONALE DI FORMAZIONE SOCIO-POLITICA DEI CATTOLICI\" loading=\"lazy\" class=\" wp-image-9587 alignleft\" src=\"https:\/\/www.chiesedisicilia.org\/chiesedisicilia\/news\/wp-content\/uploads\/sites\/2\/2019\/05\/PHOTO-2019-05-15-11-40-31.jpg\" alt=\"\" width=\"267\" height=\"200\" srcset=\"https:\/\/euwps06.newsmemory.com\/chiesedisicilia\/news\/wp-content\/uploads\/sites\/2\/2019\/05\/PHOTO-2019-05-15-11-40-31.jpg 1600w, https:\/\/euwps06.newsmemory.com\/chiesedisicilia\/news\/wp-content\/uploads\/sites\/2\/2019\/05\/PHOTO-2019-05-15-11-40-31-300x225.jpg 300w, https:\/\/euwps06.newsmemory.com\/chiesedisicilia\/news\/wp-content\/uploads\/sites\/2\/2019\/05\/PHOTO-2019-05-15-11-40-31-768x576.jpg 768w, https:\/\/euwps06.newsmemory.com\/chiesedisicilia\/news\/wp-content\/uploads\/sites\/2\/2019\/05\/PHOTO-2019-05-15-11-40-31-1024x768.jpg 1024w, https:\/\/euwps06.newsmemory.com\/chiesedisicilia\/news\/wp-content\/uploads\/sites\/2\/2019\/05\/PHOTO-2019-05-15-11-40-31-750x563.jpg 750w\" sizes=\"(max-width: 267px) 100vw, 267px\" \/>L\u2019incontro si inserisce nel giro di consultazioni, in spirito sinodale, avviate da mons. Marciante, vescovo delegato per la Pastorale Sociale e del Lavoro, finalizzate alla elaborazione di un progetto di attenzione verso temi sociali e la creazione di un Laboratorio Regionale di formazione socio-politica dei cattolici che i vescovi siciliani, nell\u2019ultima sessione della Conferenza hanno scelto come tema programmatico per i prossimi anni. La proposta che verr\u00e0 elaborata sar\u00e0 presentata ai vescovi nella prossima Sessione straordinaria che si svolger\u00e0 a Roma, a margine dei lavori dell\u2019Assemblea generale della CEI, nel pomeriggio del 23 maggio.<\/p>\n<p><img alt=\"VERSO LA CREAZIONE DI UN LABORATORIO REGIONALE DI FORMAZIONE SOCIO-POLITICA DEI CATTOLICI\" title=\"VERSO LA CREAZIONE DI UN LABORATORIO REGIONALE DI FORMAZIONE SOCIO-POLITICA DEI CATTOLICI\" loading=\"lazy\" class=\" wp-image-9588 alignright\" src=\"https:\/\/www.chiesedisicilia.org\/chiesedisicilia\/news\/wp-content\/uploads\/sites\/2\/2019\/05\/PHOTO-2019-05-15-11-40-30-2.jpg\" alt=\"\" width=\"258\" height=\"193\" srcset=\"https:\/\/euwps06.newsmemory.com\/chiesedisicilia\/news\/wp-content\/uploads\/sites\/2\/2019\/05\/PHOTO-2019-05-15-11-40-30-2.jpg 1600w, https:\/\/euwps06.newsmemory.com\/chiesedisicilia\/news\/wp-content\/uploads\/sites\/2\/2019\/05\/PHOTO-2019-05-15-11-40-30-2-300x225.jpg 300w, https:\/\/euwps06.newsmemory.com\/chiesedisicilia\/news\/wp-content\/uploads\/sites\/2\/2019\/05\/PHOTO-2019-05-15-11-40-30-2-768x576.jpg 768w, https:\/\/euwps06.newsmemory.com\/chiesedisicilia\/news\/wp-content\/uploads\/sites\/2\/2019\/05\/PHOTO-2019-05-15-11-40-30-2-1024x768.jpg 1024w, https:\/\/euwps06.newsmemory.com\/chiesedisicilia\/news\/wp-content\/uploads\/sites\/2\/2019\/05\/PHOTO-2019-05-15-11-40-30-2-750x563.jpg 750w\" sizes=\"(max-width: 258px) 100vw, 258px\" \/>L\u2019incontro era l\u2019ultimo tassello di una serie di consultazioni avviate da mons. Marciante al fine di definire la proposta. In precedenza infatti, dopo un primo confronto ristretto con alcuni rappresentanti della Segreteria, erano stati coinvolti i membri della Commissione regionale per la Pastorale sociale e del Lavoro e il Direttivo della Consulta regionale per le Aggregazioni laicali.<\/p>\n","protected":false},"excerpt":{"rendered":"","protected":false},"author":4,"featured_media":9589,"comment_status":"closed","ping_status":"closed","sticky":false,"template":"","format":"standard","meta":[],"categories":[7],"tags":[480,479],"news-destination":[],"news-source":[],"is_homepage":[],"ta_other":[],"_links":{"self":[{"href":"https:\/\/www.chiesedisicilia.org\/chiesedisicilia\/news\/wp-json\/wp\/v2\/posts\/9585"}],"collection":[{"href":"https:\/\/www.chiesedisicilia.org\/chiesedisicilia\/news\/wp-json\/wp\/v2\/posts"}],"about":[{"href":"https:\/\/www.chiesedisicilia.org\/chiesedisicilia\/news\/wp-json\/wp\/v2\/types\/post"}],"author":[{"embeddable":true,"href":"https:\/\/www.chiesedisicilia.org\/chiesedisicilia\/news\/wp-json\/wp\/v2\/users\/4"}],"replies":[{"embeddable":true,"href":"https:\/\/www.chiesedisicilia.org\/chiesedisicilia\/news\/wp-json\/wp\/v2\/comments?post=9585"}],"version-history":[{"count":1,"href":"https:\/\/www.chiesedisicilia.org\/chiesedisicilia\/news\/wp-json\/wp\/v2\/posts\/9585\/revisions"}],"predecessor-version":[{"id":9590,"href":"https:\/\/www.chiesedisicilia.org\/chiesedisicilia\/news\/wp-json\/wp\/v2\/posts\/9585\/revisions\/9590"}],"wp:featuredmedia":[{"embeddable":true,"href":"https:\/\/www.chiesedisicilia.org\/chiesedisicilia\/news\/wp-json\/wp\/v2\/media\/9589"}],"wp:attachment":[{"href":"https:\/\/www.chiesedisicilia.org\/chiesedisicilia\/news\/wp-json\/wp\/v2\/media?parent=9585"}],"wp:term":[{"taxonomy":"category","embeddable":true,"href":"https:\/\/www.chiesedisicilia.org\/chiesedisicilia\/news\/wp-json\/wp\/v2\/categories?post=9585"},{"taxonomy":"post_tag","embeddable":true,"href":"https:\/\/www.chiesedisicilia.org\/chiesedisicilia\/news\/wp-json\/wp\/v2\/tags?post=9585"},{"taxonomy":"news-destination","embeddable":true,"href":"https:\/\/www.chiesedisicilia.org\/chiesedisicilia\/news\/wp-json\/wp\/v2\/news-destination?post=9585"},{"taxonomy":"news-source","embeddable":true,"href":"https:\/\/www.chiesedisicilia.org\/chiesedisicilia\/news\/wp-json\/wp\/v2\/news-source?post=9585"},{"taxonomy":"is_homepage","embeddable":true,"href":"https:\/\/www.chiesedisicilia.org\/chiesedisicilia\/news\/wp-json\/wp\/v2\/is_homepage?post=9585"},{"taxonomy":"ta_other","embeddable":true,"href":"https:\/\/www.chiesedisicilia.org\/chiesedisicilia\/news\/wp-json\/wp\/v2\/ta_other?post=9585"}],"curies":[{"name":"wp","href":"https:\/\/api.w.org\/{rel}","templated":true}]}}