{"id":9567,"date":"2019-05-07T14:38:53","date_gmt":"2019-05-07T12:38:53","guid":{"rendered":"http:\/\/www.chiesedisicilia.org\/chiesedisicilia\/?p=9567"},"modified":"2019-05-07T14:45:39","modified_gmt":"2018-07-11T14:45:39","slug":"il-disagio-sociale-che-genera-criminalita","status":"publish","type":"post","link":"https:\/\/www.chiesedisicilia.org\/2019\/05\/07\/il-disagio-sociale-che-genera-criminalita\/","title":{"rendered":"&#8220;IL DISAGIO SOCIALE CHE GENERA CRIMINALIT\u00c0&#8221;"},"content":{"rendered":"<p>Lezione di mafia per i membri della Commissione di Pastorale sociale e del lavoro marted\u00ec 7 maggio presso l&#8217;hotel Federico II di Enna.<\/p>\n<p><img alt=\"\"IL DISAGIO SOCIALE CHE GENERA CRIMINALIT\u00c0\"\" title=\"\"IL DISAGIO SOCIALE CHE GENERA CRIMINALIT\u00c0\"\" loading=\"lazy\" class=\"size-medium wp-image-9569 alignleft\" src=\"https:\/\/www.chiesedisicilia.org\/chiesedisicilia\/news\/wp-content\/uploads\/sites\/2\/2019\/05\/Psl-Incontro-con-Livio.jpg\" alt=\"\" width=\"300\" height=\"225\" srcset=\"https:\/\/euwps06.newsmemory.com\/chiesedisicilia\/news\/wp-content\/uploads\/sites\/2\/2019\/05\/Psl-Incontro-con-Livio.jpg 1280w, https:\/\/euwps06.newsmemory.com\/chiesedisicilia\/news\/wp-content\/uploads\/sites\/2\/2019\/05\/Psl-Incontro-con-Livio-300x225.jpg 300w, https:\/\/euwps06.newsmemory.com\/chiesedisicilia\/news\/wp-content\/uploads\/sites\/2\/2019\/05\/Psl-Incontro-con-Livio-768x576.jpg 768w, https:\/\/euwps06.newsmemory.com\/chiesedisicilia\/news\/wp-content\/uploads\/sites\/2\/2019\/05\/Psl-Incontro-con-Livio-1024x768.jpg 1024w, https:\/\/euwps06.newsmemory.com\/chiesedisicilia\/news\/wp-content\/uploads\/sites\/2\/2019\/05\/Psl-Incontro-con-Livio-750x563.jpg 750w\" sizes=\"(max-width: 300px) 100vw, 300px\" \/>A parlare il Gip Lirio Conti, magistrato da vent&#8217;anni del tribunale di Gela, che ha presentato le dinamiche del funzionamento della criminalit\u00e0 organizzata in Sicilia e soprattutto a Gela con una relazione dal titolo &#8220;Il disagio sociale che genera criminalit\u00e0&#8221;. Il magistrato, preceduto da una introduzione di don Luigi Petralia, parroco di uno dei quartieri pi\u00f9 problematici della stessa citt\u00e0, che ha delineato l&#8217;impegno pastorale della chiesa in questo ambito, ha suggerito quali possono essere le ragioni che consentirebbero alle giovani generazioni di prendere le distanze dal fenomeno mafioso, compresa l&#8217;opera formativa della chiesa o degli stessi familiari. Il magistrato ha rimarcato la necessit\u00e0 di costruire alleanze educative tra le diverse agenzie sociali e le forze sane della societ\u00e0.<\/p>\n<p>L&#8217;incontro, presieduto dal vescovo delegato, mons. Giuseppe Marciante, era programmato nel calendario della stessa commissione per l&#8217;ambito della legalit\u00e0. <img alt=\"\"IL DISAGIO SOCIALE CHE GENERA CRIMINALIT\u00c0\"\" title=\"\"IL DISAGIO SOCIALE CHE GENERA CRIMINALIT\u00c0\"\" loading=\"lazy\" class=\" wp-image-8906 alignright\" src=\"https:\/\/www.chiesedisicilia.org\/chiesedisicilia\/news\/wp-content\/uploads\/sites\/2\/2019\/02\/Convertitevi.-Sezione-copertina.jpg\" alt=\"\" width=\"288\" height=\"162\" srcset=\"https:\/\/euwps06.newsmemory.com\/chiesedisicilia\/news\/wp-content\/uploads\/sites\/2\/2019\/02\/Convertitevi.-Sezione-copertina.jpg 1240w, https:\/\/euwps06.newsmemory.com\/chiesedisicilia\/news\/wp-content\/uploads\/sites\/2\/2019\/02\/Convertitevi.-Sezione-copertina-300x169.jpg 300w, https:\/\/euwps06.newsmemory.com\/chiesedisicilia\/news\/wp-content\/uploads\/sites\/2\/2019\/02\/Convertitevi.-Sezione-copertina-768x433.jpg 768w, https:\/\/euwps06.newsmemory.com\/chiesedisicilia\/news\/wp-content\/uploads\/sites\/2\/2019\/02\/Convertitevi.-Sezione-copertina-1024x577.jpg 1024w, https:\/\/euwps06.newsmemory.com\/chiesedisicilia\/news\/wp-content\/uploads\/sites\/2\/2019\/02\/Convertitevi.-Sezione-copertina-750x423.jpg 750w\" sizes=\"(max-width: 288px) 100vw, 288px\" \/>Oggetto di approfondimento \u00e8 stato il documento dell&#8217;episcopato siciliano &#8220;Convertitevi&#8221; pubblicato lo scorso anno, specie nei suoi aspetti connessi al tema della legalit\u00e0 e del contrasto alla mentalit\u00e0 mafiosa. Ampio e approfondito il dibattito seguito all&#8217;intervento del dr. Conti, con gli interventi che hanno evidenziato le attivit\u00e0 promosse nelle diverse diocesi e gli aspetti problematici.<\/p>\n<p>Quindi il vescovo delegato, partendo dal documento, ha presentato il progetto di un percorso seminariale delle Chiese di Sicilia sui temi sociali gi\u00e0 abbozzato attraverso la Segreteria pastorale e in fase di discussione con la Consulta regionale delle Aggregazioni laicali e la Commissione presbiterale regionale. In tale progetto l&#8217;ufficio PSL dovr\u00e0 essere motore trainante.<\/p>\n","protected":false},"excerpt":{"rendered":"","protected":false},"author":4,"featured_media":9568,"comment_status":"closed","ping_status":"closed","sticky":false,"template":"","format":"standard","meta":[],"categories":[7],"tags":[475,234],"news-destination":[],"news-source":[],"is_homepage":[],"ta_other":[],"_links":{"self":[{"href":"https:\/\/www.chiesedisicilia.org\/chiesedisicilia\/news\/wp-json\/wp\/v2\/posts\/9567"}],"collection":[{"href":"https:\/\/www.chiesedisicilia.org\/chiesedisicilia\/news\/wp-json\/wp\/v2\/posts"}],"about":[{"href":"https:\/\/www.chiesedisicilia.org\/chiesedisicilia\/news\/wp-json\/wp\/v2\/types\/post"}],"author":[{"embeddable":true,"href":"https:\/\/www.chiesedisicilia.org\/chiesedisicilia\/news\/wp-json\/wp\/v2\/users\/4"}],"replies":[{"embeddable":true,"href":"https:\/\/www.chiesedisicilia.org\/chiesedisicilia\/news\/wp-json\/wp\/v2\/comments?post=9567"}],"version-history":[{"count":3,"href":"https:\/\/www.chiesedisicilia.org\/chiesedisicilia\/news\/wp-json\/wp\/v2\/posts\/9567\/revisions"}],"predecessor-version":[{"id":9572,"href":"https:\/\/www.chiesedisicilia.org\/chiesedisicilia\/news\/wp-json\/wp\/v2\/posts\/9567\/revisions\/9572"}],"wp:featuredmedia":[{"embeddable":true,"href":"https:\/\/www.chiesedisicilia.org\/chiesedisicilia\/news\/wp-json\/wp\/v2\/media\/9568"}],"wp:attachment":[{"href":"https:\/\/www.chiesedisicilia.org\/chiesedisicilia\/news\/wp-json\/wp\/v2\/media?parent=9567"}],"wp:term":[{"taxonomy":"category","embeddable":true,"href":"https:\/\/www.chiesedisicilia.org\/chiesedisicilia\/news\/wp-json\/wp\/v2\/categories?post=9567"},{"taxonomy":"post_tag","embeddable":true,"href":"https:\/\/www.chiesedisicilia.org\/chiesedisicilia\/news\/wp-json\/wp\/v2\/tags?post=9567"},{"taxonomy":"news-destination","embeddable":true,"href":"https:\/\/www.chiesedisicilia.org\/chiesedisicilia\/news\/wp-json\/wp\/v2\/news-destination?post=9567"},{"taxonomy":"news-source","embeddable":true,"href":"https:\/\/www.chiesedisicilia.org\/chiesedisicilia\/news\/wp-json\/wp\/v2\/news-source?post=9567"},{"taxonomy":"is_homepage","embeddable":true,"href":"https:\/\/www.chiesedisicilia.org\/chiesedisicilia\/news\/wp-json\/wp\/v2\/is_homepage?post=9567"},{"taxonomy":"ta_other","embeddable":true,"href":"https:\/\/www.chiesedisicilia.org\/chiesedisicilia\/news\/wp-json\/wp\/v2\/ta_other?post=9567"}],"curies":[{"name":"wp","href":"https:\/\/api.w.org\/{rel}","templated":true}]}}