{"id":9468,"date":"2019-04-16T08:24:43","date_gmt":"2019-04-16T06:24:43","guid":{"rendered":"http:\/\/www.chiesedisicilia.org\/chiesedisicilia\/?p=9468"},"modified":"2019-04-16T08:27:09","modified_gmt":"2018-06-20T08:27:09","slug":"la-processione-dei-misteri-un-popolo-in-cammino-verso-la-resurrezione","status":"publish","type":"post","link":"https:\/\/www.chiesedisicilia.org\/2019\/04\/16\/la-processione-dei-misteri-un-popolo-in-cammino-verso-la-resurrezione\/","title":{"rendered":"LA PROCESSIONE DEI \u201cMISTERI\u201d: UN POPOLO IN CAMMINO VERSO LA RESURREZIONE"},"content":{"rendered":"<p>La processione dei &#8220;Misteri&#8221; inizier\u00e0 con la preghiera e la benedizione del <strong>vescovo di Trapani, mons. Pietro Maria Fragnelli<\/strong>. \u201c<em>La chiesa sente sua la partecipazione emotiva che tocca cos\u00ec profondamente il cuore di tutti i trapanesi in occasione della processione dei \u2018Misteri\u2019 che tanta attrattiva suscita in tanti visitatori e turisti che giungono in citt\u00e0 in questi giorni.\u00a0 Con la consapevolezza che la processione pu\u00f2 crescere verso un percorso che scaturisce dal cuore della Veglia pasquale\u00a0<\/em>\u2013 afferma il vescovo &#8211; <em>e che incammina tutto il popolo dei misteri e la citt\u00e0 in una processione apparentemente feriale che si terr\u00e0 il pomeriggio di Pasqua con l\u2019immagine del Cristo Risorto. Una processione che richiama quello che viviamo ogni domenica, tutto l\u2019anno e che si estende dunque ben oltre le celebrazioni della Settimana Santa: la celebrazione della Resurrezione<\/em>\u201d.<\/p>\n<p>La processione dei Misteri sar\u00e0 preceduta dall\u2019adorazione della Croce e dal rito della \u201cdiscesa dalla croce\u201d che si terr\u00e0 alle ore 12 presso la Chiesa di San Nicola. Quindi il vescovo con i fedeli e le Maestranze, in processione, raggiungeranno Piazza Purgatorio.<\/p>\n<p>Il vescovo auspica che lo sforzo di tutti i capo consoli \u00a0\u201c<em>per l\u2019unit\u00e0 e la \u2018qualit\u00e0\u2019 della processione possa incontrare la collaborazione generosa di tutti e si possa proteggere la processione da ogni forma di manipolazione e \u2018riduzione\u2019 culturale e spirituale<\/em>\u201d.\u00a0 L\u2019edizione del 2019 \u00e8 la prima processione dopo la promulgazione delle linee guida diocesane sulla piet\u00e0 popolare con cui la Diocesi di Trapani, \u00a0per la prima volta, si \u00a0\u00e8 dotata di un orientamento organico per la cura di tutte le feste popolari, processioni, sacre rappresentazioni, culto delle reliquie e delle immagini. \u201c<em>Alla luce del costruttivo cammino di dialogo intrapreso e delle richieste fatte dall\u2019Unione Maestranze<\/em> \u2013 si legge nel numero riservato proprio alla processione dei misteri &#8211; <em>il vescovo non ritiene opportuno allo stato attuale inserire nuovamente gli incappucciati. Nel direttorio, inoltre, suggerisce di evitare le girate che potrebbero creare fraintendimenti di tipo economico, oltre che esser confusi con gli inchini reverenziali. Sono da valorizzare le annacate delle vare, le marce delle bande e i canti dialettali che esprimono le devozioni e i sentimenti del Venerd\u00ec Santo. Le indicazioni offerte su incappucciati e girate valgono per tutte le processioni e le sacre rappresentazioni del territorio diocesano<\/em>\u201d.<\/p>\n","protected":false},"excerpt":{"rendered":"<p>La processione dei &#8220;Misteri&#8221; \u00e8 la pi\u00f9 imponente manifestazione di piet\u00e0 popolare del trapanese e si snoda, per quasi 24 ore, lungo un percorso lungo circa un chilometro e mezzo. Pi\u00f9 di tremila le persone impegnate, 20 le bande musicali al seguito delle &#8220;vare&#8221;, basamenti di legno a cui sono agganciati i gruppi statuari che ripercorrono la passione di Cristo pi\u00f9 i gruppi del Cristo nell\u2019urna e l\u2019Addolorata: statue di legno modellate col sughero e rivestite con una tecnica originalissima di tela e colla di pregevole fattura che fanno di questa espressione dell\u2019artigianato trapanese una vera e propria forma di arte sacra.<br \/>\nDal pomeriggio del venerd\u00ec santo fino alla mattina inoltrata del sabato, come accade da 400 anni, l\u2019aria sar\u00e0 pervasa dalle marce funebri; gli occhi di turisti e curiosi incollati ai gruppi che i portatori, i &#8220;massari&#8221;, porteranno in spalla cullandoli, &#8220;annacandoli&#8221;, al ritmo delle marce funebri. <\/p>\n","protected":false},"author":4,"featured_media":9469,"comment_status":"closed","ping_status":"closed","sticky":false,"template":"","format":"standard","meta":[],"categories":[30],"tags":[443,104],"news-destination":[],"news-source":[],"is_homepage":[],"ta_other":[],"_links":{"self":[{"href":"https:\/\/www.chiesedisicilia.org\/chiesedisicilia\/news\/wp-json\/wp\/v2\/posts\/9468"}],"collection":[{"href":"https:\/\/www.chiesedisicilia.org\/chiesedisicilia\/news\/wp-json\/wp\/v2\/posts"}],"about":[{"href":"https:\/\/www.chiesedisicilia.org\/chiesedisicilia\/news\/wp-json\/wp\/v2\/types\/post"}],"author":[{"embeddable":true,"href":"https:\/\/www.chiesedisicilia.org\/chiesedisicilia\/news\/wp-json\/wp\/v2\/users\/4"}],"replies":[{"embeddable":true,"href":"https:\/\/www.chiesedisicilia.org\/chiesedisicilia\/news\/wp-json\/wp\/v2\/comments?post=9468"}],"version-history":[{"count":2,"href":"https:\/\/www.chiesedisicilia.org\/chiesedisicilia\/news\/wp-json\/wp\/v2\/posts\/9468\/revisions"}],"predecessor-version":[{"id":9471,"href":"https:\/\/www.chiesedisicilia.org\/chiesedisicilia\/news\/wp-json\/wp\/v2\/posts\/9468\/revisions\/9471"}],"wp:featuredmedia":[{"embeddable":true,"href":"https:\/\/www.chiesedisicilia.org\/chiesedisicilia\/news\/wp-json\/wp\/v2\/media\/9469"}],"wp:attachment":[{"href":"https:\/\/www.chiesedisicilia.org\/chiesedisicilia\/news\/wp-json\/wp\/v2\/media?parent=9468"}],"wp:term":[{"taxonomy":"category","embeddable":true,"href":"https:\/\/www.chiesedisicilia.org\/chiesedisicilia\/news\/wp-json\/wp\/v2\/categories?post=9468"},{"taxonomy":"post_tag","embeddable":true,"href":"https:\/\/www.chiesedisicilia.org\/chiesedisicilia\/news\/wp-json\/wp\/v2\/tags?post=9468"},{"taxonomy":"news-destination","embeddable":true,"href":"https:\/\/www.chiesedisicilia.org\/chiesedisicilia\/news\/wp-json\/wp\/v2\/news-destination?post=9468"},{"taxonomy":"news-source","embeddable":true,"href":"https:\/\/www.chiesedisicilia.org\/chiesedisicilia\/news\/wp-json\/wp\/v2\/news-source?post=9468"},{"taxonomy":"is_homepage","embeddable":true,"href":"https:\/\/www.chiesedisicilia.org\/chiesedisicilia\/news\/wp-json\/wp\/v2\/is_homepage?post=9468"},{"taxonomy":"ta_other","embeddable":true,"href":"https:\/\/www.chiesedisicilia.org\/chiesedisicilia\/news\/wp-json\/wp\/v2\/ta_other?post=9468"}],"curies":[{"name":"wp","href":"https:\/\/api.w.org\/{rel}","templated":true}]}}