{"id":9448,"date":"2019-04-08T09:01:41","date_gmt":"2019-04-08T07:01:41","guid":{"rendered":"http:\/\/www.chiesedisicilia.org\/chiesedisicilia\/?p=9448"},"modified":"2019-04-09T10:43:49","modified_gmt":"2018-06-13T10:43:49","slug":"itinerarium-pulchritudinis-presentazione-del-progetto","status":"publish","type":"post","link":"https:\/\/www.chiesedisicilia.org\/2019\/04\/08\/itinerarium-pulchritudinis-presentazione-del-progetto\/","title":{"rendered":"&#8220;ITINERARIUM PULCHRITUDINIS&#8221;: PRESENTAZIONE DEL PROGETTO"},"content":{"rendered":"<p>La prima tappa del progetto di creazione del Parco culturale ecclesiale sar\u00e0 proprio l&#8217; &#8220;Itinenarium Pulchritutidinis&#8221; che prevede da subito l\u2019apertura al pubblico delle Torri della Basilica Cattedrale, rese visitabili per la prima volta, e la fruizione del suo tesoro, la visita alla Cappella dell\u2019Episcopio e del Chiostro.<\/p>\n<p>La conferenza di presentazione, destinata soprattutto ai giornalisti, prevede gli interventi: di don Rosario Dispenza, responsabile del Servizio di Pastorale del Turismo,Tempo libero, Sport e Apostolato del mare, di don Matteo Castiglione, responsabile del Servizio per la Pastorale di Arte per la Liturgia; di Valerio Di Vico, responsabile del Servizio Informatico della Diocesi.<\/p>\n<p>Per annunciare l&#8217;evento, la Curia ha realizzato un <a href=\"https:\/\/www.youtube.com\/watch?v=gbF-n0257lw&amp;feature=share\">video<\/a> nel quale lo stesso vescovo Marciante invita alla partecipazione e alla gioia per l&#8217;evento che coinvolge tutta la Diocesi.<\/p>\n","protected":false},"excerpt":{"rendered":"<p>Venerd\u00ec 12 aprile, alle ore 19, nella Sala Cagnoni del Palazzo vescovile di Cefal\u00f9, il vescovo mons. Giuseppe Marciante presenter\u00e0 il progetto &#8220;Itinerarium Pulchritudinis&#8221;. L&#8217;iniziativa della Chiesa cefaludese prevede la creazione di un Parco culturale ecclesiale che raccoglier\u00e0 tutti i beni materiali e immateriali della Diocesi.<\/p>\n","protected":false},"author":4,"featured_media":0,"comment_status":"closed","ping_status":"closed","sticky":false,"template":"","format":"standard","meta":[],"categories":[30],"tags":[135,438],"news-destination":[],"news-source":[],"is_homepage":[],"ta_other":[],"_links":{"self":[{"href":"https:\/\/www.chiesedisicilia.org\/chiesedisicilia\/news\/wp-json\/wp\/v2\/posts\/9448"}],"collection":[{"href":"https:\/\/www.chiesedisicilia.org\/chiesedisicilia\/news\/wp-json\/wp\/v2\/posts"}],"about":[{"href":"https:\/\/www.chiesedisicilia.org\/chiesedisicilia\/news\/wp-json\/wp\/v2\/types\/post"}],"author":[{"embeddable":true,"href":"https:\/\/www.chiesedisicilia.org\/chiesedisicilia\/news\/wp-json\/wp\/v2\/users\/4"}],"replies":[{"embeddable":true,"href":"https:\/\/www.chiesedisicilia.org\/chiesedisicilia\/news\/wp-json\/wp\/v2\/comments?post=9448"}],"version-history":[{"count":1,"href":"https:\/\/www.chiesedisicilia.org\/chiesedisicilia\/news\/wp-json\/wp\/v2\/posts\/9448\/revisions"}],"predecessor-version":[{"id":9449,"href":"https:\/\/www.chiesedisicilia.org\/chiesedisicilia\/news\/wp-json\/wp\/v2\/posts\/9448\/revisions\/9449"}],"wp:attachment":[{"href":"https:\/\/www.chiesedisicilia.org\/chiesedisicilia\/news\/wp-json\/wp\/v2\/media?parent=9448"}],"wp:term":[{"taxonomy":"category","embeddable":true,"href":"https:\/\/www.chiesedisicilia.org\/chiesedisicilia\/news\/wp-json\/wp\/v2\/categories?post=9448"},{"taxonomy":"post_tag","embeddable":true,"href":"https:\/\/www.chiesedisicilia.org\/chiesedisicilia\/news\/wp-json\/wp\/v2\/tags?post=9448"},{"taxonomy":"news-destination","embeddable":true,"href":"https:\/\/www.chiesedisicilia.org\/chiesedisicilia\/news\/wp-json\/wp\/v2\/news-destination?post=9448"},{"taxonomy":"news-source","embeddable":true,"href":"https:\/\/www.chiesedisicilia.org\/chiesedisicilia\/news\/wp-json\/wp\/v2\/news-source?post=9448"},{"taxonomy":"is_homepage","embeddable":true,"href":"https:\/\/www.chiesedisicilia.org\/chiesedisicilia\/news\/wp-json\/wp\/v2\/is_homepage?post=9448"},{"taxonomy":"ta_other","embeddable":true,"href":"https:\/\/www.chiesedisicilia.org\/chiesedisicilia\/news\/wp-json\/wp\/v2\/ta_other?post=9448"}],"curies":[{"name":"wp","href":"https:\/\/api.w.org\/{rel}","templated":true}]}}