{"id":9440,"date":"2019-04-06T07:38:16","date_gmt":"2019-04-06T05:38:16","guid":{"rendered":"http:\/\/www.chiesedisicilia.org\/chiesedisicilia\/?p=9440"},"modified":"2019-04-09T07:46:33","modified_gmt":"2018-06-13T07:46:33","slug":"dialogo-tra-un-teologo-e-un-imam-per-gli-800-anni-dallincontro-tra-san-francesco-e-il-sultano","status":"publish","type":"post","link":"https:\/\/www.chiesedisicilia.org\/2019\/04\/06\/dialogo-tra-un-teologo-e-un-imam-per-gli-800-anni-dallincontro-tra-san-francesco-e-il-sultano\/","title":{"rendered":"DIALOGO TRA UN TEOLOGO E UN IMAM PER GLI 800 ANNI DALL\u2019INCONTRO TRA SAN FRANCESCO E IL SULTANO"},"content":{"rendered":"<p>Si intitola \u201cIl cerchio della fraternit\u00e0\u201d l\u2019iniziativa della Cattedra di Dialogo tra le culture della diocesi di Ragusa che si tiene marted\u00ec 9 aprile, nel salone della chiesa di San Giuliano Eymard, a Ragusa, dalle 19. Vedr\u00e0 incontrarsi e confrontarsi cristiani e musulmani.<\/p>\n<p>Ad animare il confronto saranno due personaggi di grande rilievo: il teologo don Gianni Colzani, docente emerito dell\u2019Universit\u00e0 Urbaniana di Roma, e l\u2019imam di Agrigento, Abd al Hady Dispoto, responsabile della Comunit\u00e0 religiosa islamica italiana in Sicilia. Introdurr\u00e0 i lavori don Salvatore Converso, vice direttore della Cattedra. Moderatrice sar\u00e0 Mariagrazia Licitra, docente della Scuola teologica di base di Ragusa.<\/p>\n<p>Saranno presenti imam e rappresentanti delle comunit\u00e0 islamiche del territorio ibleo, tra cui Comiso, Modica e Scicli. \u201cLa tavola rotonda \u2013 spiegano gli organizzatori \u2013 non intende mirare ad un confronto di carattere teologico su contenuti specifici della propria fede, quanto assurgere a simbolo dell\u2019abbraccio tra Oriente e Occidente, tra Nord e Sud e tra tutti coloro che credono che Dio ci abbia creati per conoscerci, per cooperare tra di noi e per vivere come fratelli che si amano\u201d.<\/p>\n","protected":false},"excerpt":{"rendered":"<p>Otto secoli dopo l\u2019incontro del \u201cpoverello\u201d di Assisi con il Sultano, un altro Francesco, stavolta Papa, percorre le strade del nord Africa e nel giro di un mese firma uno storico documento ad Abu Dhabi in Arabia Saudita con il Grande Imam di Al-Azhar, Ahmad Al-Tayyeb, e incontra a Rabat in Marocco il Re Mohammed VI. Due viaggi di straordinaria intensit\u00e0 umana e spirituale, di speranza per un inedito percorso di vera fratellanza tra le comunit\u00e0 pi\u00f9 numerose del pianeta.<br \/>\nA tali eventi si ispira la tavola rotonda \u201cIl cerchio della fraternit\u00e0\u201d, che la Cattedra di \u201cDialogo tra le culture\u201d intende offrire alla cittadinanza.<\/p>\n","protected":false},"author":4,"featured_media":9441,"comment_status":"closed","ping_status":"closed","sticky":false,"template":"","format":"standard","meta":[],"categories":[30],"tags":[433,126],"news-destination":[],"news-source":[],"is_homepage":[],"ta_other":[],"_links":{"self":[{"href":"https:\/\/www.chiesedisicilia.org\/chiesedisicilia\/news\/wp-json\/wp\/v2\/posts\/9440"}],"collection":[{"href":"https:\/\/www.chiesedisicilia.org\/chiesedisicilia\/news\/wp-json\/wp\/v2\/posts"}],"about":[{"href":"https:\/\/www.chiesedisicilia.org\/chiesedisicilia\/news\/wp-json\/wp\/v2\/types\/post"}],"author":[{"embeddable":true,"href":"https:\/\/www.chiesedisicilia.org\/chiesedisicilia\/news\/wp-json\/wp\/v2\/users\/4"}],"replies":[{"embeddable":true,"href":"https:\/\/www.chiesedisicilia.org\/chiesedisicilia\/news\/wp-json\/wp\/v2\/comments?post=9440"}],"version-history":[{"count":1,"href":"https:\/\/www.chiesedisicilia.org\/chiesedisicilia\/news\/wp-json\/wp\/v2\/posts\/9440\/revisions"}],"predecessor-version":[{"id":9442,"href":"https:\/\/www.chiesedisicilia.org\/chiesedisicilia\/news\/wp-json\/wp\/v2\/posts\/9440\/revisions\/9442"}],"wp:featuredmedia":[{"embeddable":true,"href":"https:\/\/www.chiesedisicilia.org\/chiesedisicilia\/news\/wp-json\/wp\/v2\/media\/9441"}],"wp:attachment":[{"href":"https:\/\/www.chiesedisicilia.org\/chiesedisicilia\/news\/wp-json\/wp\/v2\/media?parent=9440"}],"wp:term":[{"taxonomy":"category","embeddable":true,"href":"https:\/\/www.chiesedisicilia.org\/chiesedisicilia\/news\/wp-json\/wp\/v2\/categories?post=9440"},{"taxonomy":"post_tag","embeddable":true,"href":"https:\/\/www.chiesedisicilia.org\/chiesedisicilia\/news\/wp-json\/wp\/v2\/tags?post=9440"},{"taxonomy":"news-destination","embeddable":true,"href":"https:\/\/www.chiesedisicilia.org\/chiesedisicilia\/news\/wp-json\/wp\/v2\/news-destination?post=9440"},{"taxonomy":"news-source","embeddable":true,"href":"https:\/\/www.chiesedisicilia.org\/chiesedisicilia\/news\/wp-json\/wp\/v2\/news-source?post=9440"},{"taxonomy":"is_homepage","embeddable":true,"href":"https:\/\/www.chiesedisicilia.org\/chiesedisicilia\/news\/wp-json\/wp\/v2\/is_homepage?post=9440"},{"taxonomy":"ta_other","embeddable":true,"href":"https:\/\/www.chiesedisicilia.org\/chiesedisicilia\/news\/wp-json\/wp\/v2\/ta_other?post=9440"}],"curies":[{"name":"wp","href":"https:\/\/api.w.org\/{rel}","templated":true}]}}