{"id":9307,"date":"2019-03-27T17:18:15","date_gmt":"2019-03-27T16:18:15","guid":{"rendered":"http:\/\/www.chiesedisicilia.org\/chiesedisicilia\/?p=9307"},"modified":"2019-03-27T18:29:33","modified_gmt":"2018-05-31T18:29:33","slug":"al-via-civica-mente-percorsi-di-formazione-politica-e-sociale","status":"publish","type":"post","link":"https:\/\/www.chiesedisicilia.org\/2019\/03\/27\/al-via-civica-mente-percorsi-di-formazione-politica-e-sociale\/","title":{"rendered":"AL VIA \u201cCIVICAMENTE\u201d, PERCORSI DI FORMAZIONE POLITICA E SOCIALE"},"content":{"rendered":"<p>Nei mesi di marzo, aprile e maggio sono in programma tre appuntamenti speciali, propedeutici al percorso vero e proprio che partir\u00e0 il prossimo ottobre. Il primo di questo ciclo di tre incontri \u00e8 previsto per venerd\u00ec 29 marzo, alle ore 18.30, a Ragusa, a Palazzo Garofalo.<\/p>\n<p>Rocco D\u2019Ambrosio, docente di etica politica alla Pontifica Universit\u00e0 Gregoriana, approfondir\u00e0 il tema \u201cLa corruzione: una sfida etica\u201d.<\/p>\n<p>Altri due incontri sono in programma l\u201911 maggio (\u201cMafia e amministrazioni locali\u201d con le relazioni del professore Francesco Raniolo, direttore del Dipartimento di Scienze Politiche e Sociali dell\u2019Universit\u00e0 della Calabria, e del professore Ercole Giap Parini, docente di Sociologia Universit\u00e0 della Calabria) e il 24 maggio con un laboratorio di approfondimento sul tema \u201cPartecipazione e comunicazione responsabili in politica\u201d.<\/p>\n<p>Entro il 20 maggio, e durante questi tre incontri, si potranno perfezionale le iscrizioni a \u201cCivicamente. &#8220;<em>Desideriamo mettere questo strumento a disposizione di tutti per contribuire alla costruzione della casa comune. I percorsi di Civicamente\u00a0<\/em>\u2013 spiega<strong> Renato Meli, direttore dell\u2019Ufficio diocesano per la Pastorale sociale e il Lavoro<\/strong> \u2013 <em>intendono promuovere la cittadinanza attiva e sono intesi come momenti di formazione e di confronto sui valori fondamentali della vita pubblica, ispirandosi ai principi del cristianesimo e all\u2019insegnamento sociale della Chiesa, primi fra tutti la solidariet\u00e0, l\u2019onest\u00e0, la legalit\u00e0. L\u2019obiettivo &#8211; aggiunge &#8211; \u00e8 creare in chi ha a cuore il bene pubblico e i valori democratici la consapevolezza di una formazione che sia propedeutica ad un impegno concreto e sia di sostegno e arricchimento in chi opera come membro della comunit\u00e0 sociale e politica\u00bb. propedeutica ad un impegno concreto, arricchendo anche chi opera come membro della comunit\u00e0 sociale e politica<\/em>&#8220;.<\/p>\n","protected":false},"excerpt":{"rendered":"<p>Sono aperte le iscrizioni a \u201cCivica-mente\u201d, i percorsi di formazione politica e sociale, promossi dalla Diocesi di Ragusa attraverso l\u2019Ufficio per la Pastorale sociale e il Lavoro, la Caritas e l\u2019Ufficio per la cultura. Per informazioni si pu\u00f2 utilizzare l\u2019indirizzo email problemisociali@diocesidiragusa.it. <\/p>\n","protected":false},"author":4,"featured_media":9308,"comment_status":"closed","ping_status":"closed","sticky":false,"template":"","format":"standard","meta":[],"categories":[30],"tags":[418,419,126],"news-destination":[],"news-source":[],"is_homepage":[],"ta_other":[],"_links":{"self":[{"href":"https:\/\/www.chiesedisicilia.org\/chiesedisicilia\/news\/wp-json\/wp\/v2\/posts\/9307"}],"collection":[{"href":"https:\/\/www.chiesedisicilia.org\/chiesedisicilia\/news\/wp-json\/wp\/v2\/posts"}],"about":[{"href":"https:\/\/www.chiesedisicilia.org\/chiesedisicilia\/news\/wp-json\/wp\/v2\/types\/post"}],"author":[{"embeddable":true,"href":"https:\/\/www.chiesedisicilia.org\/chiesedisicilia\/news\/wp-json\/wp\/v2\/users\/4"}],"replies":[{"embeddable":true,"href":"https:\/\/www.chiesedisicilia.org\/chiesedisicilia\/news\/wp-json\/wp\/v2\/comments?post=9307"}],"version-history":[{"count":3,"href":"https:\/\/www.chiesedisicilia.org\/chiesedisicilia\/news\/wp-json\/wp\/v2\/posts\/9307\/revisions"}],"predecessor-version":[{"id":9311,"href":"https:\/\/www.chiesedisicilia.org\/chiesedisicilia\/news\/wp-json\/wp\/v2\/posts\/9307\/revisions\/9311"}],"wp:featuredmedia":[{"embeddable":true,"href":"https:\/\/www.chiesedisicilia.org\/chiesedisicilia\/news\/wp-json\/wp\/v2\/media\/9308"}],"wp:attachment":[{"href":"https:\/\/www.chiesedisicilia.org\/chiesedisicilia\/news\/wp-json\/wp\/v2\/media?parent=9307"}],"wp:term":[{"taxonomy":"category","embeddable":true,"href":"https:\/\/www.chiesedisicilia.org\/chiesedisicilia\/news\/wp-json\/wp\/v2\/categories?post=9307"},{"taxonomy":"post_tag","embeddable":true,"href":"https:\/\/www.chiesedisicilia.org\/chiesedisicilia\/news\/wp-json\/wp\/v2\/tags?post=9307"},{"taxonomy":"news-destination","embeddable":true,"href":"https:\/\/www.chiesedisicilia.org\/chiesedisicilia\/news\/wp-json\/wp\/v2\/news-destination?post=9307"},{"taxonomy":"news-source","embeddable":true,"href":"https:\/\/www.chiesedisicilia.org\/chiesedisicilia\/news\/wp-json\/wp\/v2\/news-source?post=9307"},{"taxonomy":"is_homepage","embeddable":true,"href":"https:\/\/www.chiesedisicilia.org\/chiesedisicilia\/news\/wp-json\/wp\/v2\/is_homepage?post=9307"},{"taxonomy":"ta_other","embeddable":true,"href":"https:\/\/www.chiesedisicilia.org\/chiesedisicilia\/news\/wp-json\/wp\/v2\/ta_other?post=9307"}],"curies":[{"name":"wp","href":"https:\/\/api.w.org\/{rel}","templated":true}]}}