{"id":9283,"date":"2019-03-27T12:37:10","date_gmt":"2019-03-27T11:37:10","guid":{"rendered":"http:\/\/www.chiesedisicilia.org\/chiesedisicilia\/?p=9283"},"modified":"2019-04-09T14:40:11","modified_gmt":"2018-06-13T14:40:11","slug":"bellezza-e-speranza-in-sicilia-verso-il-convegno-regionale","status":"publish","type":"post","link":"https:\/\/www.chiesedisicilia.org\/2019\/03\/27\/bellezza-e-speranza-in-sicilia-verso-il-convegno-regionale\/","title":{"rendered":"&#8220;BELLEZZA E SPERANZA IN SICILIA&#8221;: VERSO IL CONVEGNO REGIONALE"},"content":{"rendered":"<p>&#8220;<em>Il Convegno che si terr\u00e0 a Cefal\u00f9 sar\u00e0 un importante incontro che rappresenter\u00e0 probabilmente una delle prime fondamentali tappe di un nuovo progetto comune a tutte le diocesi della Regione: il Parco culturale ecclesiale. Per la prima volta, e come Chiesa siciliana, rifletteremo sul modo di &#8216;fare turismo&#8217; da una prospettiva\u00a0 diversa che sia in grado di assumere connotati completamente nuovi. Cercheremo di comprendere come il turismo possa concretizzarsi come opportunit\u00e0 per annunciare la &#8216;Speranza&#8217;<\/em>&#8220;. Cos\u00ec <strong>don Roberto Fucile, direttore dell&#8217;Ufficio regionale per il Tempo libero, Turismo e Sport<\/strong>, presenta l&#8217;appuntamento organizzato dalla Conferenza episcopale siciliana sul tema &#8220;<em>Bellezza e speranza in Sicilia. Quando il turismo \u00a0diventa via di vita buona e speranza concreta<\/em>&#8220;.<\/p>\n<p>Secondo il <a href=\"http:\/\/chiesedisiciliase.ita.newsmemory.com\/?pSetup=chiesedisiciliase&amp;editionStart=Turismo+-+Programma+convegno+aprile+2019&amp;date=20190327\">programma<\/a>, i lavori avranno inizio nel pomeriggio di venerd\u00ec 5 aprile. Le relazioni previste sono sui &#8220;Beni culturali materiali e immateriali&#8221;, a cura di don Rosario Dispenza, direttore dell&#8217;Ufficio per il Turismo della diocesi di Cefal\u00f9, e &#8220;Il turismo \u00e8 pastorale?&#8221;, del direttore nazionale don Gionatan De Marco. Sabato sar\u00e0 offerta la possibilit\u00e0 di riflettere e confrontarsi su cinque differenti ambiti: valorizzazione,ospitalit\u00e0, accessibilit\u00e0, creativit\u00e0, annuncio. &#8220;<em>Sono queste le direttrici sulle quali fondare il &#8220;nostro modo&#8221; di fare turismo nella nostra Sicilia. Un modo<\/em> &#8211; spiega ancora don Fucile &#8211; <em>che individueremo, indicheremo e conosceremo insieme per poterlo trasmettere alle nostre comunit\u00e0 diocesane\u00a0 e parrocchiali<\/em>&#8220;. Dopo i laboratori, \u00e8 previsto il dibattito in assemblea, momento al quale prender\u00e0 parte anche Sandro Pappalardo, assessore regionale al Turismo. L&#8217;Ufficio regionale si propone, infatti, di collaborare attraverso una proposta fattiva con gli altri uffici della Segreteria pastorale della CESi, con la Pubblica amministrazione, la Pubblica istruzione e le realt\u00e0 associativa e commerciali che operano nel settore turistico.<\/p>\n<p>Presentare lo stato attuale dell&#8217;Ufficio regionale e il lavoro svolto in questi anni e proporre un nuovo modo di concepire la frizione turistica del patrimonio materiale ed immateriale, in sintonia con il progetto Parco culturale ecclesiale proposto dalla CEI sono due degli obiettivi dell&#8217;appuntamento.<\/p>\n<p>Gi\u00e0 durante la <a href=\"http:\/\/www.chiesedisicilia.org\/chiesedisicilia\/2019\/03\/12\/quando-il-turismo-diventa-via-di-vita-buona-e-speranza-concreta\/\">fase preparatoria del convegno<\/a>, <strong>mons. Antonino Raspanti, vescovo di Acireale e delegato CESi per il settore<\/strong>, aveva \u00a0evidenziato che il convegno sarebbe stato &#8220;<em>il primo momento comunitario con il quale la Pastorale del turismo riparte dopo una lunga pausa. Ricominciamo\u00a0con il desiderio di diffondere una nuova e pi\u00f9 matura idea di turismo religioso e di pastorale, ma<\/em> \u2013 aveva detto il presule\u00a0\u2013 <em>vogliamo anche poter avere uno sguardo d\u2019insieme sul patrimonio culturale e religioso delle Chiese diocesane: chiese, monumenti, conventi, ma anche feste religiose e tradizioni legate alla piet\u00e0 popolare<\/em>&#8220;.<\/p>\n<p>Il convegno \u00e8 rivolto principalmente alle equipe diocesane per il Turismo, ai direttori diocesani degli Uffici per i Beni Culturali ecclesiastici e di Pastorale sociale e del Lavoro, ai referenti diocesani del progetto Policoro.<\/p>\n","protected":false},"excerpt":{"rendered":"<p>&#8220;Bellezza e speranza in Sicilia&#8221; \u00e8 il titolo del convegno regionale organizzato dall&#8217;Ufficio per il Tempo libero, Turismo e Sport della Conferenza episcopale siciliana. Si svolger\u00e0 presso l&#8217;Hotel Costa Verde, a Cefal\u00f9. venerd\u00ec 5 e sabato 6 aprile 2019.<\/p>\n","protected":false},"author":4,"featured_media":9287,"comment_status":"closed","ping_status":"closed","sticky":false,"template":"","format":"standard","meta":[],"categories":[7],"tags":[408,393,392],"news-destination":[],"news-source":[],"is_homepage":[],"ta_other":[],"_links":{"self":[{"href":"https:\/\/www.chiesedisicilia.org\/chiesedisicilia\/news\/wp-json\/wp\/v2\/posts\/9283"}],"collection":[{"href":"https:\/\/www.chiesedisicilia.org\/chiesedisicilia\/news\/wp-json\/wp\/v2\/posts"}],"about":[{"href":"https:\/\/www.chiesedisicilia.org\/chiesedisicilia\/news\/wp-json\/wp\/v2\/types\/post"}],"author":[{"embeddable":true,"href":"https:\/\/www.chiesedisicilia.org\/chiesedisicilia\/news\/wp-json\/wp\/v2\/users\/4"}],"replies":[{"embeddable":true,"href":"https:\/\/www.chiesedisicilia.org\/chiesedisicilia\/news\/wp-json\/wp\/v2\/comments?post=9283"}],"version-history":[{"count":4,"href":"https:\/\/www.chiesedisicilia.org\/chiesedisicilia\/news\/wp-json\/wp\/v2\/posts\/9283\/revisions"}],"predecessor-version":[{"id":9332,"href":"https:\/\/www.chiesedisicilia.org\/chiesedisicilia\/news\/wp-json\/wp\/v2\/posts\/9283\/revisions\/9332"}],"wp:featuredmedia":[{"embeddable":true,"href":"https:\/\/www.chiesedisicilia.org\/chiesedisicilia\/news\/wp-json\/wp\/v2\/media\/9287"}],"wp:attachment":[{"href":"https:\/\/www.chiesedisicilia.org\/chiesedisicilia\/news\/wp-json\/wp\/v2\/media?parent=9283"}],"wp:term":[{"taxonomy":"category","embeddable":true,"href":"https:\/\/www.chiesedisicilia.org\/chiesedisicilia\/news\/wp-json\/wp\/v2\/categories?post=9283"},{"taxonomy":"post_tag","embeddable":true,"href":"https:\/\/www.chiesedisicilia.org\/chiesedisicilia\/news\/wp-json\/wp\/v2\/tags?post=9283"},{"taxonomy":"news-destination","embeddable":true,"href":"https:\/\/www.chiesedisicilia.org\/chiesedisicilia\/news\/wp-json\/wp\/v2\/news-destination?post=9283"},{"taxonomy":"news-source","embeddable":true,"href":"https:\/\/www.chiesedisicilia.org\/chiesedisicilia\/news\/wp-json\/wp\/v2\/news-source?post=9283"},{"taxonomy":"is_homepage","embeddable":true,"href":"https:\/\/www.chiesedisicilia.org\/chiesedisicilia\/news\/wp-json\/wp\/v2\/is_homepage?post=9283"},{"taxonomy":"ta_other","embeddable":true,"href":"https:\/\/www.chiesedisicilia.org\/chiesedisicilia\/news\/wp-json\/wp\/v2\/ta_other?post=9283"}],"curies":[{"name":"wp","href":"https:\/\/api.w.org\/{rel}","templated":true}]}}