{"id":9270,"date":"2019-03-10T09:15:46","date_gmt":"2019-03-10T08:15:46","guid":{"rendered":"http:\/\/www.chiesedisicilia.org\/chiesedisicilia\/?p=9270"},"modified":"2019-03-21T11:02:18","modified_gmt":"2018-05-25T11:02:18","slug":"progetto-policoro-incontro-di-commissione-del-23-marzo-2019","status":"publish","type":"post","link":"https:\/\/www.chiesedisicilia.org\/2019\/03\/10\/progetto-policoro-incontro-di-commissione-del-23-marzo-2019\/","title":{"rendered":"PROGETTO POLICORO: FORMAZIONE DEGLI ANIMATORI DI COMUNIT\u00c0 DEL 22 -23 MARZO 2019"},"content":{"rendered":"<p>Venerd\u00ec 22 e sabato 23 marzo, gli animatori di comunit\u00e0 del Progetto Policoro si riuniranno, presso l&#8217;Hotel Federico II ad Enna Bassa, per un incontro\u00a0 di formazione.<\/p>\n<p>Il tema trattato, &#8220;<em>L&#8217;ecologia integrale<\/em>&#8220;, verr\u00e0 sviluppato da\u00a0<strong>don Bruno Bignami, direttore dell&#8217;Ufficio nazionale per i Problemi sociali e il Lavoro<\/strong>. Punto di partenza della riflessione sar\u00e0 la &#8220;Laudato s\u00ec'&#8221;.<\/p>\n<p>Sabato 23, la formazione degli animatori di comunit\u00e0 che arrivano dalle diciotto diocesi dell&#8217;Isola continuer\u00e0 con i componenti della Commissione regionale di Psstorale sociale e Lavoro, che si riunisce proprio a Enna.<\/p>\n","protected":false},"excerpt":{"rendered":"","protected":false},"author":4,"featured_media":906,"comment_status":"closed","ping_status":"closed","sticky":false,"template":"","format":"standard","meta":[],"categories":[7],"tags":[407],"news-destination":[],"news-source":[],"is_homepage":[],"ta_other":[],"_links":{"self":[{"href":"https:\/\/www.chiesedisicilia.org\/chiesedisicilia\/news\/wp-json\/wp\/v2\/posts\/9270"}],"collection":[{"href":"https:\/\/www.chiesedisicilia.org\/chiesedisicilia\/news\/wp-json\/wp\/v2\/posts"}],"about":[{"href":"https:\/\/www.chiesedisicilia.org\/chiesedisicilia\/news\/wp-json\/wp\/v2\/types\/post"}],"author":[{"embeddable":true,"href":"https:\/\/www.chiesedisicilia.org\/chiesedisicilia\/news\/wp-json\/wp\/v2\/users\/4"}],"replies":[{"embeddable":true,"href":"https:\/\/www.chiesedisicilia.org\/chiesedisicilia\/news\/wp-json\/wp\/v2\/comments?post=9270"}],"version-history":[{"count":4,"href":"https:\/\/www.chiesedisicilia.org\/chiesedisicilia\/news\/wp-json\/wp\/v2\/posts\/9270\/revisions"}],"predecessor-version":[{"id":9277,"href":"https:\/\/www.chiesedisicilia.org\/chiesedisicilia\/news\/wp-json\/wp\/v2\/posts\/9270\/revisions\/9277"}],"wp:featuredmedia":[{"embeddable":true,"href":"https:\/\/www.chiesedisicilia.org\/chiesedisicilia\/news\/wp-json\/wp\/v2\/media\/906"}],"wp:attachment":[{"href":"https:\/\/www.chiesedisicilia.org\/chiesedisicilia\/news\/wp-json\/wp\/v2\/media?parent=9270"}],"wp:term":[{"taxonomy":"category","embeddable":true,"href":"https:\/\/www.chiesedisicilia.org\/chiesedisicilia\/news\/wp-json\/wp\/v2\/categories?post=9270"},{"taxonomy":"post_tag","embeddable":true,"href":"https:\/\/www.chiesedisicilia.org\/chiesedisicilia\/news\/wp-json\/wp\/v2\/tags?post=9270"},{"taxonomy":"news-destination","embeddable":true,"href":"https:\/\/www.chiesedisicilia.org\/chiesedisicilia\/news\/wp-json\/wp\/v2\/news-destination?post=9270"},{"taxonomy":"news-source","embeddable":true,"href":"https:\/\/www.chiesedisicilia.org\/chiesedisicilia\/news\/wp-json\/wp\/v2\/news-source?post=9270"},{"taxonomy":"is_homepage","embeddable":true,"href":"https:\/\/www.chiesedisicilia.org\/chiesedisicilia\/news\/wp-json\/wp\/v2\/is_homepage?post=9270"},{"taxonomy":"ta_other","embeddable":true,"href":"https:\/\/www.chiesedisicilia.org\/chiesedisicilia\/news\/wp-json\/wp\/v2\/ta_other?post=9270"}],"curies":[{"name":"wp","href":"https:\/\/api.w.org\/{rel}","templated":true}]}}