{"id":8901,"date":"2019-02-14T17:53:48","date_gmt":"2019-02-14T16:53:48","guid":{"rendered":"http:\/\/www.chiesedisicilia.org\/chiesedisicilia\/?p=8901"},"modified":"2019-02-14T18:08:07","modified_gmt":"2018-04-20T18:08:07","slug":"ufficio-regionale-per-la-carita-incontro-di-commissione-del-27-febbraio-2019","status":"publish","type":"post","link":"https:\/\/www.chiesedisicilia.org\/2019\/02\/14\/ufficio-regionale-per-la-carita-incontro-di-commissione-del-27-febbraio-2019\/","title":{"rendered":"UFFICIO REGIONALE PER LA CARIT\u00c0: INCONTRO DI COMMISSIONE DEL 27 FEBBRAIO 2019"},"content":{"rendered":"<p>\u00c8 convocata per mercoled\u00ec 27 febbraio la Commissione dell&#8217;Ufficio regionale per la Carit\u00e0. L\u2019incontro, aperto alle \u00e9quipe diocesane, prevede l&#8217;incontro con Caritas Italiana per un confronto sul tema &#8220;Leggere il paese dalla parte dei poveri. Il metodo del Sinodo sui giovani per costruire il discernimento attraverso il servizio della Caritas&#8221;.<\/p>\n<p>\u00c8 gi\u00e0 stato distribuito a tutti i componenti della Commissione un allegato con alcune domande alle quali risponderanno, in maniera sintetica e secondo la loro esperienza, tutte le Caritas delle diciotto diocesi dell&#8217;Isola per offrire una panoramica della Sicilia rispetto ad alcuni ambiti individuati.<\/p>\n<p>I lavori inizieranno alle ore 10 e si svolgeranno a Caltanissetta, presso la parrocchia San Pietro.<\/p>\n","protected":false},"excerpt":{"rendered":"","protected":false},"author":4,"featured_media":0,"comment_status":"closed","ping_status":"closed","sticky":false,"template":"","format":"standard","meta":[],"categories":[7],"tags":[340],"news-destination":[],"news-source":[],"is_homepage":[],"ta_other":[],"_links":{"self":[{"href":"https:\/\/www.chiesedisicilia.org\/chiesedisicilia\/news\/wp-json\/wp\/v2\/posts\/8901"}],"collection":[{"href":"https:\/\/www.chiesedisicilia.org\/chiesedisicilia\/news\/wp-json\/wp\/v2\/posts"}],"about":[{"href":"https:\/\/www.chiesedisicilia.org\/chiesedisicilia\/news\/wp-json\/wp\/v2\/types\/post"}],"author":[{"embeddable":true,"href":"https:\/\/www.chiesedisicilia.org\/chiesedisicilia\/news\/wp-json\/wp\/v2\/users\/4"}],"replies":[{"embeddable":true,"href":"https:\/\/www.chiesedisicilia.org\/chiesedisicilia\/news\/wp-json\/wp\/v2\/comments?post=8901"}],"version-history":[{"count":1,"href":"https:\/\/www.chiesedisicilia.org\/chiesedisicilia\/news\/wp-json\/wp\/v2\/posts\/8901\/revisions"}],"predecessor-version":[{"id":8902,"href":"https:\/\/www.chiesedisicilia.org\/chiesedisicilia\/news\/wp-json\/wp\/v2\/posts\/8901\/revisions\/8902"}],"wp:attachment":[{"href":"https:\/\/www.chiesedisicilia.org\/chiesedisicilia\/news\/wp-json\/wp\/v2\/media?parent=8901"}],"wp:term":[{"taxonomy":"category","embeddable":true,"href":"https:\/\/www.chiesedisicilia.org\/chiesedisicilia\/news\/wp-json\/wp\/v2\/categories?post=8901"},{"taxonomy":"post_tag","embeddable":true,"href":"https:\/\/www.chiesedisicilia.org\/chiesedisicilia\/news\/wp-json\/wp\/v2\/tags?post=8901"},{"taxonomy":"news-destination","embeddable":true,"href":"https:\/\/www.chiesedisicilia.org\/chiesedisicilia\/news\/wp-json\/wp\/v2\/news-destination?post=8901"},{"taxonomy":"news-source","embeddable":true,"href":"https:\/\/www.chiesedisicilia.org\/chiesedisicilia\/news\/wp-json\/wp\/v2\/news-source?post=8901"},{"taxonomy":"is_homepage","embeddable":true,"href":"https:\/\/www.chiesedisicilia.org\/chiesedisicilia\/news\/wp-json\/wp\/v2\/is_homepage?post=8901"},{"taxonomy":"ta_other","embeddable":true,"href":"https:\/\/www.chiesedisicilia.org\/chiesedisicilia\/news\/wp-json\/wp\/v2\/ta_other?post=8901"}],"curies":[{"name":"wp","href":"https:\/\/api.w.org\/{rel}","templated":true}]}}