{"id":8863,"date":"2019-02-05T18:23:17","date_gmt":"2019-02-05T17:23:17","guid":{"rendered":"http:\/\/www.chiesedisicilia.org\/chiesedisicilia\/?p=8863"},"modified":"2019-02-05T18:23:19","modified_gmt":"2018-04-11T18:23:19","slug":"solenne-pontificale-in-onore-di-santagata","status":"publish","type":"post","link":"https:\/\/www.chiesedisicilia.org\/2019\/02\/05\/solenne-pontificale-in-onore-di-santagata\/","title":{"rendered":"SOLENNE PONTIFICALE IN ONORE DI SANT&#8217;AGATA"},"content":{"rendered":"<p>\u00c8 stato il card. Francesco Montenegro, arcivescovo di Agrigento, a presiedere, nel duomo di Catania, il pontificale solenne per la festa della patrona. \u201c<em>Pensiamo ai mali\u00a0che affliggono la nostra terra di Sicilia<\/em> \u2013 ha\u00a0detto &#8211;<em>, dalle varie mafie alle tante forme di ingiustizia sociale, dalla violenza che si fa\u00a0contro l\u2019ambiente al lavoro nero o allo sfruttamento degli\u00a0operai, dal pizzo alle estorsioni, dai costumi disonesti alle\u00a0tante forme di corruzione che inquinano il vivere sociale<\/em>&#8220;. Di qui l\u2019esortazione: \u201cI<em>l\u00a0coraggio di Agata deve spingerci a essere pi\u00f9 coerenti,\u00a0pi\u00f9 forti, pi\u00f9 decisi, pi\u00f9 determinati nel dire \u2018no\u2019 alle logiche\u00a0di morte per schierarci col Vangelo, costi quel che costi.\u00a0Nella nostra martoriata Sicilia, quando il popolo ha abbassato\u00a0la testa \u00e8 stato schiacciato e addomesticato nella\u00a0sua voglia di futuro, nelle prospettive da offrire alle giovani\u00a0generazioni, nella ricerca di un bene pi\u00f9 grande e duraturo.\u00a0Quando, invece, con forza e con grandi sacrifici, ha rispettato\u00a0la libert\u00e0, i valori cristiani e umani, e ha esercitato\u00a0la fede come bene prezioso, ha fatto enormi passi in\u00a0avanti<\/em>\u201d.<\/p>\n<p>\u201c<em>In questa nostra drammatica fase storica<\/em> \u2013 il monito \u2013 <em>come cristiani\u00a0abbiamo bisogno di rialzare la testa; abbiamo bisogno\u00a0di coscienze libere che sappiano far sentire la loro\u00a0voce rivendicando la dignit\u00e0 della vita umana in ogni sua\u00a0forma e denunciando ci\u00f2 che non funziona. Noi spesso pensiamo di essere buoni cristiani perch\u00e9 preghiamo, qualche volta frequentiamo i sacramenti e andiamo in Chiesa. Ma non ci viene in mente che per serio \u00e8 necessario anche lottare per una societ\u00e0 pi\u00f9 giusta, preferire e cercare la trasparenza o interessarci dei poveri e dei migranti, mostrare rispetto e offrire amicizia a chi \u00e8 disprezzato, o essere disponibili verso il parente o il vicino di casa in difficolt\u00e0 o dare pi\u00f9 tempo alla moglie o al marito o ai figli o ai genitori \u2026<\/em>\u201d.<\/p>\n<p>L&#8217;arcivescovo di Agrigento ha precisato: \u201c<em>Queste cose sono strettamente legate alla fede, anzi sono la prova del nove di essa<\/em>\u201d. Per il presule \u201c<em>non basta dirsi credenti, bisogna essere credibili e lo si \u00e8 quando si \u00e8 coerenti e si vive la propria vita, qualunque ruolo occupi nella societ\u00e0, secondo ci\u00f2 che il Signore chiede nel Vangelo. Per esempio, non si pu\u00f2 dire di essere amici di Dio se non si sanno amare i fratelli. A Cristo<\/em> \u2013 ha assicurato il card. Montenegro \u2013 <em>non interessano solo le cose che facciamo, ma guarda come le facciamo, cio\u00e8 quale cuore mettiamo nel farle. La fede non c\u2019\u00e8 solo quando si conoscono le cose di Dio, ma quando lo lasciamo entrare nella nostra vita. La fede non \u00e8 un\u2019inquilina comoda e tranquilla; credere, infatti, non \u00e8 facile. La fede non si vive solo in chiesa ma soprattutto nella vita; si gioca allo scoperto, nelle case, lungo\u00a0e strade, negli uffici, nelle scuole<\/em>\u201d.<\/p>\n","protected":false},"excerpt":{"rendered":"<p>\u201cCome Agata, dobbiamo avere il coraggio di andare controcorrente in una societ\u00e0 in cui ci\u00f2 che conta \u00e8 il potere, il denaro e il piacere; una societ\u00e0, la nostra, che pur definendosi \u2018cristiana\u2019 non sempre sa o vuole reagire dinanzi alla diffusione della cultura della morte!\u201d. Il monito \u00e8 stato lanciato durante l\u2019omelia del solenne pontificale in onore della patrona della citt\u00e0, Sant\u2019Agata. <\/p>\n","protected":false},"author":4,"featured_media":525,"comment_status":"closed","ping_status":"closed","sticky":false,"template":"","format":"standard","meta":[],"categories":[30],"tags":[88,328,327],"news-destination":[],"news-source":[],"is_homepage":[],"ta_other":[],"_links":{"self":[{"href":"https:\/\/www.chiesedisicilia.org\/chiesedisicilia\/news\/wp-json\/wp\/v2\/posts\/8863"}],"collection":[{"href":"https:\/\/www.chiesedisicilia.org\/chiesedisicilia\/news\/wp-json\/wp\/v2\/posts"}],"about":[{"href":"https:\/\/www.chiesedisicilia.org\/chiesedisicilia\/news\/wp-json\/wp\/v2\/types\/post"}],"author":[{"embeddable":true,"href":"https:\/\/www.chiesedisicilia.org\/chiesedisicilia\/news\/wp-json\/wp\/v2\/users\/4"}],"replies":[{"embeddable":true,"href":"https:\/\/www.chiesedisicilia.org\/chiesedisicilia\/news\/wp-json\/wp\/v2\/comments?post=8863"}],"version-history":[{"count":2,"href":"https:\/\/www.chiesedisicilia.org\/chiesedisicilia\/news\/wp-json\/wp\/v2\/posts\/8863\/revisions"}],"predecessor-version":[{"id":8865,"href":"https:\/\/www.chiesedisicilia.org\/chiesedisicilia\/news\/wp-json\/wp\/v2\/posts\/8863\/revisions\/8865"}],"wp:featuredmedia":[{"embeddable":true,"href":"https:\/\/www.chiesedisicilia.org\/chiesedisicilia\/news\/wp-json\/wp\/v2\/media\/525"}],"wp:attachment":[{"href":"https:\/\/www.chiesedisicilia.org\/chiesedisicilia\/news\/wp-json\/wp\/v2\/media?parent=8863"}],"wp:term":[{"taxonomy":"category","embeddable":true,"href":"https:\/\/www.chiesedisicilia.org\/chiesedisicilia\/news\/wp-json\/wp\/v2\/categories?post=8863"},{"taxonomy":"post_tag","embeddable":true,"href":"https:\/\/www.chiesedisicilia.org\/chiesedisicilia\/news\/wp-json\/wp\/v2\/tags?post=8863"},{"taxonomy":"news-destination","embeddable":true,"href":"https:\/\/www.chiesedisicilia.org\/chiesedisicilia\/news\/wp-json\/wp\/v2\/news-destination?post=8863"},{"taxonomy":"news-source","embeddable":true,"href":"https:\/\/www.chiesedisicilia.org\/chiesedisicilia\/news\/wp-json\/wp\/v2\/news-source?post=8863"},{"taxonomy":"is_homepage","embeddable":true,"href":"https:\/\/www.chiesedisicilia.org\/chiesedisicilia\/news\/wp-json\/wp\/v2\/is_homepage?post=8863"},{"taxonomy":"ta_other","embeddable":true,"href":"https:\/\/www.chiesedisicilia.org\/chiesedisicilia\/news\/wp-json\/wp\/v2\/ta_other?post=8863"}],"curies":[{"name":"wp","href":"https:\/\/api.w.org\/{rel}","templated":true}]}}