{"id":8797,"date":"2019-01-29T16:30:35","date_gmt":"2019-01-29T15:30:35","guid":{"rendered":"http:\/\/www.chiesedisicilia.org\/chiesedisicilia\/?p=8797"},"modified":"2019-02-22T18:23:28","modified_gmt":"2018-04-28T18:23:28","slug":"il-primo-annuncio-alla-famiglia-per-generare-nella-fede-con-la-comunita-convegno-catechistico-2019","status":"publish","type":"post","link":"https:\/\/www.chiesedisicilia.org\/2019\/01\/29\/il-primo-annuncio-alla-famiglia-per-generare-nella-fede-con-la-comunita-convegno-catechistico-2019\/","title":{"rendered":"\u201cIL PRIMO ANNUNCIO ALLA FAMIGLIA PER GENERARE NELLA FEDE CON LA COMUNIT\u00c0\u201d: CONVEGNO CATECHISTICO 2019"},"content":{"rendered":"<p>Sono due le relazioni previste nel corso dei lavori del Convegno catechistico regionale. La prima, sul tema \u201cIl primo annuncio alla famiglia: trasmettere e generare alla fede oggi\u201d, la terr\u00e0 <strong>don Matteo Del Santo<\/strong>, della Diocesi di Milano; la seconda, che sar\u00e0 di <strong>don Vito Mignozzi<\/strong>, direttore dell\u2019Istituto teologico pugliese di Molfetta, avr\u00e0 come tema \u201cLe relazioni per una comunit\u00e0 che genera alla fede\u201d. Entrambe si inseriscono pienamente nel tema scelto per la tre giorni di riflessione: \u201cIl primo annuncio alla famiglia per generare nella fede con la comunit\u00e0\u201d.<\/p>\n<p>Alle relazioni iniziali seguir\u00e0 l\u2019intervento di <strong>Maria Teresa Camporese<\/strong>, della Diocesi di Padova, che traccer\u00e0 \u201cPossibili percorsi di primo e secondo annuncio per le famiglie\u201d: aprir\u00e0 la strada ai lavori di gruppo ai quali sar\u00e0 dedicato un intero pomeriggio. L\u2019intenzione espressa dall\u2019Ufficio \u00e8 di \u201c<em>aiutare le comunit\u00e0 diocesane ad ideare possibili percorsi di primo e secondo annuncio per le famiglie nell\u2019attuale contesto culturale ed ecclesiale<\/em>\u201d.<\/p>\n<p>\u201c<em>Quest\u2019anno, in un felice percorso di pastorale integrata, si riprende la collaborazione con l\u2019Ufficio per la Famiglia<\/em>\u201d dice <strong>don Carmelo Sciuto<\/strong>, direttore dell\u2019Ufficio per la Catechesi. E\u2019 lui a spiegare che \u201c<em>il convegno s\u2019inserisce nel cammino di riflessione intrapreso dall\u2019Ufficio catechistico regionale in questi anni, con l\u2019intento di accompagnare il processo di rinnovamento missionario della pastorale catechistica nelle nostre diocesi, che trova nell\u2019ispirazione catecumenale un opportuno volano<\/em>\u201d.<\/p>\n<p>Il convegno \u00e8 stato, infatti, preceduto da altre occasioni di riflessione, di confronto e di programmazione. Gi\u00e0 nel 2015, si era posta l\u2019attenzione sulla prima infanzia, sottolineando la responsabilit\u00e0 della famiglia nella trasmissione della fede ai bambini tra 0 e 6 anni; poi, con l\u2019Ufficio regionale per la Famiglia, ci si era confrontati sulla relazione tra famiglia e comunit\u00e0 nell\u2019iniziazione cristiana dei ragazzi oltre 6 anni; infine, insieme all\u2019Ufficio per i Giovani, l\u2019Ufficio per la Catechesi aveva raccolto la sfida della mistagogia come attenzione alla preadolescenza.\u201c<em>Partiamo da un presupposto fondamentale: dal momento che la famiglia \u00e8 responsabile del primo annuncio prima ancora che i ragazzi inizino la catechesi<\/em> \u2013 spiega il direttore dell\u2019Ufficio della Cesi &#8211; <em>e dal momento che \u00e8 necessario che i catechisti e, quindi, la comunit\u00e0 collaborino in questo ambito, allora diventa propedeutico che i genitori siano pronti e preparati<\/em>\u201d.<\/p>\n<p>Cos\u00ec i primi destinatari dell\u2019annuncio della fede sono gli adulti, i quali, per trasmettere questa stessa fede ai figli, prima devono riceverla. \u201c<em>Si volge l\u2019attenzione sul primo annuncio della fede fatto ai genitori<\/em> \u2013 continua don Sciuto &#8211; <em>per favorire il primo annuncio che la stessa famiglia \u00a0far\u00e0 ai figli. E quale pu\u00f2 essere il posto pi\u00f9 adatto a questo se non la comunit\u00e0 cristiana? La definiamo, infatti, \u2018grembo che genera la fede\u2019\u201d<\/em>.<\/p>\n<p>I destinatari del convegno sono direttori ed equipe diocesane degli Uffici per la Catechesi e per la Famiglia, catechisti, responsabili e coordinatori della catechesi di parrocchie, zone pastorali e vicariati, operatori di catechesi familiare ed animatori di gruppi famiglie, coppie impegnate nella catechesi ed esperti di settore. Chiunque voglia iscriversi, pu\u00f2 compilare l\u2019apposita <a href=\"http:\/\/www.chiesedisicilia.org\/chiesedisicilia\/wp-content\/uploads\/sites\/2\/2019\/01\/Scheda-iscrizione.docx\">scheda<\/a> o seguire le indicazioni contenute nella <a href=\"http:\/\/www.chiesedisicilia.org\/chiesedisicilia\/wp-content\/uploads\/sites\/2\/2019\/01\/brochure-new-cesi.pdf\">brochure<\/a> dell\u2019appuntamento.<\/p>\n","protected":false},"excerpt":{"rendered":"<p>\u201cIl primo annuncio alla famiglia per generare nella fede con la comunit\u00e0\u201d \u00e8 il titolo del Convegno catechistico regionale organizzato dall\u2019Ufficio regionale per la Dottrina della fede e la Catechesi in collaborazione con l\u2019Ufficio regionale per la Famiglia.<br \/>\nSi svolger\u00e0 dal 22 al 24 febbraio 2019,  presso l\u2019Hotel Santa Lucia Le Sabbie d\u2019oro, a Cefal\u00f9.<\/p>\n","protected":false},"author":4,"featured_media":8798,"comment_status":"closed","ping_status":"closed","sticky":false,"template":"","format":"standard","meta":[],"categories":[7],"tags":[306,307,305,304],"news-destination":[],"news-source":[],"is_homepage":[],"ta_other":[],"_links":{"self":[{"href":"https:\/\/www.chiesedisicilia.org\/chiesedisicilia\/news\/wp-json\/wp\/v2\/posts\/8797"}],"collection":[{"href":"https:\/\/www.chiesedisicilia.org\/chiesedisicilia\/news\/wp-json\/wp\/v2\/posts"}],"about":[{"href":"https:\/\/www.chiesedisicilia.org\/chiesedisicilia\/news\/wp-json\/wp\/v2\/types\/post"}],"author":[{"embeddable":true,"href":"https:\/\/www.chiesedisicilia.org\/chiesedisicilia\/news\/wp-json\/wp\/v2\/users\/4"}],"replies":[{"embeddable":true,"href":"https:\/\/www.chiesedisicilia.org\/chiesedisicilia\/news\/wp-json\/wp\/v2\/comments?post=8797"}],"version-history":[{"count":3,"href":"https:\/\/www.chiesedisicilia.org\/chiesedisicilia\/news\/wp-json\/wp\/v2\/posts\/8797\/revisions"}],"predecessor-version":[{"id":8806,"href":"https:\/\/www.chiesedisicilia.org\/chiesedisicilia\/news\/wp-json\/wp\/v2\/posts\/8797\/revisions\/8806"}],"wp:featuredmedia":[{"embeddable":true,"href":"https:\/\/www.chiesedisicilia.org\/chiesedisicilia\/news\/wp-json\/wp\/v2\/media\/8798"}],"wp:attachment":[{"href":"https:\/\/www.chiesedisicilia.org\/chiesedisicilia\/news\/wp-json\/wp\/v2\/media?parent=8797"}],"wp:term":[{"taxonomy":"category","embeddable":true,"href":"https:\/\/www.chiesedisicilia.org\/chiesedisicilia\/news\/wp-json\/wp\/v2\/categories?post=8797"},{"taxonomy":"post_tag","embeddable":true,"href":"https:\/\/www.chiesedisicilia.org\/chiesedisicilia\/news\/wp-json\/wp\/v2\/tags?post=8797"},{"taxonomy":"news-destination","embeddable":true,"href":"https:\/\/www.chiesedisicilia.org\/chiesedisicilia\/news\/wp-json\/wp\/v2\/news-destination?post=8797"},{"taxonomy":"news-source","embeddable":true,"href":"https:\/\/www.chiesedisicilia.org\/chiesedisicilia\/news\/wp-json\/wp\/v2\/news-source?post=8797"},{"taxonomy":"is_homepage","embeddable":true,"href":"https:\/\/www.chiesedisicilia.org\/chiesedisicilia\/news\/wp-json\/wp\/v2\/is_homepage?post=8797"},{"taxonomy":"ta_other","embeddable":true,"href":"https:\/\/www.chiesedisicilia.org\/chiesedisicilia\/news\/wp-json\/wp\/v2\/ta_other?post=8797"}],"curies":[{"name":"wp","href":"https:\/\/api.w.org\/{rel}","templated":true}]}}