{"id":8789,"date":"2019-01-28T22:46:35","date_gmt":"2019-01-28T21:46:35","guid":{"rendered":"http:\/\/www.chiesedisicilia.org\/chiesedisicilia\/?p=8789"},"modified":"2019-01-28T22:47:02","modified_gmt":"2018-04-03T22:47:02","slug":"giornata-del-malato-le-iniziative-locali-dellufficio-per-la-pastorale-della-salute","status":"publish","type":"post","link":"https:\/\/www.chiesedisicilia.org\/2019\/01\/28\/giornata-del-malato-le-iniziative-locali-dellufficio-per-la-pastorale-della-salute\/","title":{"rendered":"GIORNATA DEL MALATO: LE INIZIATIVE DELL\u2019UFFICIO PER LA PASTORALE DELLA SALUTE"},"content":{"rendered":"<p>\u201c<em>Come Maria, con la preghiera trasformiamo le nostre incertezze in sostegno per gli altri; con l&#8217;amore<\/em> \u2013 scrive <strong>don Giorgio Occhipinti<\/strong>, direttore dell\u2019Ufficio per la Pastorale della Salute, in una lettera indirizzata a tutti i sacerdoti della diocesi &#8211; <em>arricchiamo il nostro prossimo, specialmente quello pi\u00f9 debole; siamo sospinti ad offrire sempre e comunque la nostra vita. Stringendoci tutti, ministri ordinati, malati, operatori sanitari e volontari, attorno a Maria, nostra madre, le chiediamo di sostenere la nostra fede, di aumentare il nostro senso di fraternit\u00e0 e responsabilit\u00e0 verso i fratelli pi\u00f9 deboli, di aiutarci a diventare imitatori di Cristo<\/em>\u201d.<\/p>\n<p>Oltre alle Associazioni di volontariato, ai malati, ai diversamente abili \u00a0&#8211; quest\u2019anno diversi gruppi Csr, Arthai e Anfass animeranno i canti della celebrazione eucaristica -, anche i componenti della Pastorale della Salute e della Cappellania Ospedaliera, gli operatori sanitari, i componenti delle varie associazioni attive in diocesi, i rappresentanti delle forze dell\u2019ordine e degli enti locali territoriali.<\/p>\n<p>Intanto, in preparazione alla Giornata Mondiale del Malato, sono stati organizzati diversi eventi aperti a chiunque voglia partecipare. Domenica 10 febbraio, in preparazione alla Giornata del Malato, durante le S. Messe le parrocchie pregheranno per i malati e sofferenti presenti nei propri quartieri. Lo stesso invito \u00e8 rivolto ai Presidii ospedalieri e alle Case di cura presenti nella diocesi. Per l\u2019occasione si possono utilizzare i sussidi pastorali e liturgici, il Messaggio del Papa e anche le Immaginette con la preghiera scaricabili dal Sito della Diocesi. Per quanto riguarda la partecipazione alla Giornata dell\u201911 febbraio \u00e8 possibile trasportare malati,\u00a0 diversamente abili e anziani in Cattedrale, con mezzi di trasporto &#8211; automobili, furgoncini, pullman &#8211; e posteggiare ai lati della Cattedrale, in Via Vittorio Veneto e Corso Italia, esponendo all\u2019interno delle vetture gli appositi pass predisposti dalla Polizia Municipale e distribuiti all\u2019arrivo dai componenti dell\u2019Ufficio.<\/p>\n","protected":false},"excerpt":{"rendered":"<p>L\u201911 febbraio sar\u00e0 celebrata in tutta la Chiesa, e in modo particolare a Calcutta in India, la XXVII Giornata Mondiale del Malato. Papa Francesco, nel suo messaggio ne ha indicato il tema: \u201cGratuitamente avete ricevuto, gratuitamente date\u201d (Mt 10,8). A Ragusa, la Celebrazione della Giornata avr\u00e0 luogo nella Cattedrale San Giovanni Battista, alle ore 15.30, con l\u2019accoglienza dei malati, dei medici e degli operatori sanitari, delle Associazioni di volontariato sanitario e parrocchiale e di tutti i fedeli che parteciperanno in segno di solidariet\u00e0 con chi vive situazioni di dolore e di sofferenza. Alle ore 16 la Celebrazione eucaristica presieduta dal vescovo mons. Carmelo Cuttitta. La diretta su Radio Karis permetter\u00e0 un&#8217;ampia partecipazione a tutti coloro che non potranno lasciare le proprie case o gli istituti di cura.<\/p>\n","protected":false},"author":4,"featured_media":8791,"comment_status":"closed","ping_status":"closed","sticky":false,"template":"","format":"standard","meta":[],"categories":[30],"tags":[301,126],"news-destination":[],"news-source":[],"is_homepage":[],"ta_other":[],"_links":{"self":[{"href":"https:\/\/www.chiesedisicilia.org\/chiesedisicilia\/news\/wp-json\/wp\/v2\/posts\/8789"}],"collection":[{"href":"https:\/\/www.chiesedisicilia.org\/chiesedisicilia\/news\/wp-json\/wp\/v2\/posts"}],"about":[{"href":"https:\/\/www.chiesedisicilia.org\/chiesedisicilia\/news\/wp-json\/wp\/v2\/types\/post"}],"author":[{"embeddable":true,"href":"https:\/\/www.chiesedisicilia.org\/chiesedisicilia\/news\/wp-json\/wp\/v2\/users\/4"}],"replies":[{"embeddable":true,"href":"https:\/\/www.chiesedisicilia.org\/chiesedisicilia\/news\/wp-json\/wp\/v2\/comments?post=8789"}],"version-history":[{"count":2,"href":"https:\/\/www.chiesedisicilia.org\/chiesedisicilia\/news\/wp-json\/wp\/v2\/posts\/8789\/revisions"}],"predecessor-version":[{"id":8793,"href":"https:\/\/www.chiesedisicilia.org\/chiesedisicilia\/news\/wp-json\/wp\/v2\/posts\/8789\/revisions\/8793"}],"wp:featuredmedia":[{"embeddable":true,"href":"https:\/\/www.chiesedisicilia.org\/chiesedisicilia\/news\/wp-json\/wp\/v2\/media\/8791"}],"wp:attachment":[{"href":"https:\/\/www.chiesedisicilia.org\/chiesedisicilia\/news\/wp-json\/wp\/v2\/media?parent=8789"}],"wp:term":[{"taxonomy":"category","embeddable":true,"href":"https:\/\/www.chiesedisicilia.org\/chiesedisicilia\/news\/wp-json\/wp\/v2\/categories?post=8789"},{"taxonomy":"post_tag","embeddable":true,"href":"https:\/\/www.chiesedisicilia.org\/chiesedisicilia\/news\/wp-json\/wp\/v2\/tags?post=8789"},{"taxonomy":"news-destination","embeddable":true,"href":"https:\/\/www.chiesedisicilia.org\/chiesedisicilia\/news\/wp-json\/wp\/v2\/news-destination?post=8789"},{"taxonomy":"news-source","embeddable":true,"href":"https:\/\/www.chiesedisicilia.org\/chiesedisicilia\/news\/wp-json\/wp\/v2\/news-source?post=8789"},{"taxonomy":"is_homepage","embeddable":true,"href":"https:\/\/www.chiesedisicilia.org\/chiesedisicilia\/news\/wp-json\/wp\/v2\/is_homepage?post=8789"},{"taxonomy":"ta_other","embeddable":true,"href":"https:\/\/www.chiesedisicilia.org\/chiesedisicilia\/news\/wp-json\/wp\/v2\/ta_other?post=8789"}],"curies":[{"name":"wp","href":"https:\/\/api.w.org\/{rel}","templated":true}]}}