{"id":8657,"date":"2019-01-08T18:41:10","date_gmt":"2019-01-08T17:41:10","guid":{"rendered":"http:\/\/www.chiesedisicilia.org\/chiesedisicilia\/?p=8657"},"modified":"2019-01-22T11:00:25","modified_gmt":"2018-03-28T11:00:25","slug":"inaugurato-lanno-giudiziario-in-aumento-le-richieste-di-nullita-per-problemi-di-natura-psichica-e-psichiatrica","status":"publish","type":"post","link":"https:\/\/www.chiesedisicilia.org\/2019\/01\/08\/inaugurato-lanno-giudiziario-in-aumento-le-richieste-di-nullita-per-problemi-di-natura-psichica-e-psichiatrica\/","title":{"rendered":"INAUGURATO L&#8217;ANNO GIUDIZIARIO: &#8220;\u00c8 IMPORTANTE ESAMINARE LA VOLONT\u00c0 REALE DI COLORO CHE CHIEDONO DI SPOSARSI IN CHIESA&#8221;"},"content":{"rendered":"<p>&#8220;<em>Il Tribunale Ecclesiastico deve essere un luogo e un tempo per coniugare armoniosamente gli aspetti strettamente formali e tecnico-giuridici del processo con la dimensione pastorale del diritto, per discernere con saggezza la verit\u00e0 del vincolo sacro del matrimonio. Non bisogna dimenticare che il processo di nullit\u00e0 del matrimonio \u00e8 parte integrante della pastorale matrimoniale e familiare.Prima di iniziare il processo vero e proprio, si faccia di tutto per aiutare i coniugi a riconciliarsi e solo dopo l\u2019esito negativo si pu\u00f2 loro consigliare di procedere, attraverso la via giudiziaria, per verificare la validit\u00e0 o meno del loro matrimonio fallito<\/em>&#8220;. Cos\u00ec <strong>mons. Corrado Lorefice, arcivescovo di Palermo e moderatore del Tribunale ecclesiastico interdiocesano siculo<\/strong> nel corso dell&#8217;inaugurazione dell&#8217;anno giudiziario. &#8220;<em>Quello svolto dal Tribunale ecclesiastico<\/em> &#8211; ha detto il presule &#8211;<em> \u00e8 un vero e proprio servizio ecclesiale, una missione che si innesta pienamente nell\u2019ambito della sollecitudine pastorale della Chiesa per il bene dei coniugi e delle loro famiglie<\/em>&#8220;. Mons. Lorefice si \u00e8 soffermato sulla necessit\u00e0 dell&#8217;aggiornamento permanente degli operatori dei Tribunali ecclesiastici, &#8220;<em>per studiare ed approfondire, non solo gli aspetti strettamente giuridici, ma anche quelli antropologici, teologici, spirituali e pastorali, per fare in modo che il Tribunale diventi un luogo di incontro tra misericordia, che bisogna sempre avere nei confronti delle persone e delle loro storie, e verit\u00e0, in riferimento all\u2019unit\u00e0 e indissolubilit\u00e0 del sacramento del matrimonio. Mentre si deve fare di tutto per evitare la freddezza e il distacco nel trattare le persone che si rivolgono al Tribunale ecclesiastico &#8211; ha aggiunto &#8211; occorre nello stesso tempo non lasciarsi trascinare, in nome di una malintesa sollecitudine pastorale, dal mero sentimentalismo e da una pseudo compassione a discapito della verit\u00e0 sul matrimonio. Come ha detto Papa Francesco: &#8220;Dietro ogni pratica, ogni posizione, ogni causa, ci sono persone che attendono giustizia<\/em>&#8220;.<\/p>\n<p><img alt=\"INAUGURATO L'ANNO GIUDIZIARIO: \"\u00c8 IMPORTANTE ESAMINARE LA VOLONT\u00c0 REALE DI COLORO CHE CHIEDONO DI SPOSARSI IN CHIESA\"\" title=\"INAUGURATO L'ANNO GIUDIZIARIO: \"\u00c8 IMPORTANTE ESAMINARE LA VOLONT\u00c0 REALE DI COLORO CHE CHIEDONO DI SPOSARSI IN CHIESA\"\" loading=\"lazy\" class=\"size-medium wp-image-8659 alignleft\" src=\"https:\/\/www.chiesedisicilia.org\/chiesedisicilia\/news\/wp-content\/uploads\/sites\/2\/2019\/01\/Tribunale-ecclesiastico-interdiocesano-siculo.jpg\" alt=\"\" width=\"300\" height=\"225\" srcset=\"https:\/\/euwps06.newsmemory.com\/chiesedisicilia\/news\/wp-content\/uploads\/sites\/2\/2019\/01\/Tribunale-ecclesiastico-interdiocesano-siculo.jpg 1024w, https:\/\/euwps06.newsmemory.com\/chiesedisicilia\/news\/wp-content\/uploads\/sites\/2\/2019\/01\/Tribunale-ecclesiastico-interdiocesano-siculo-300x225.jpg 300w, https:\/\/euwps06.newsmemory.com\/chiesedisicilia\/news\/wp-content\/uploads\/sites\/2\/2019\/01\/Tribunale-ecclesiastico-interdiocesano-siculo-768x576.jpg 768w, https:\/\/euwps06.newsmemory.com\/chiesedisicilia\/news\/wp-content\/uploads\/sites\/2\/2019\/01\/Tribunale-ecclesiastico-interdiocesano-siculo-750x563.jpg 750w\" sizes=\"(max-width: 300px) 100vw, 300px\" \/>L&#8217;anno giudiziario del Tribunale ecclesiastico interdiocesano siculo \u00e8 stato inaugurato con la prolusione di <strong>mons. Filippo Iannone, Presidente del Pontificio Consiglio per i Testi legislativi<\/strong>, dedicata a \u201cIl Magistero di Papa Francesco nei discorsi alla Rota\u201d. &#8220;<em>Sappiamo che fin dall\u2019inizio del suo pontificato papa Francesco ha espresso come priorit\u00e0 pastorale la preoccupazione per la famiglia, cosciente del suo ruolo fondamentale nella Chiesa, invitando a riscoprirla come soggetto imprescindibile per la nuova evangelizzazione. Questo impegno<\/em> &#8211; ha detto mons. Iannone agli operatori del Teis e alle autorit\u00e0 che hanno preso parte alla cerimonia &#8211; <em>si \u00e8 fatto palese nella convocazione di due assemblee sinodali su questo argomento e nella pubblicazione dell&#8217;esortazione apostolica Amoris Laetitia. Anche la riforma del processo di nullit\u00e0 del matrimonio canonico mediante i due <\/em>Motu propri Mitis Iudex Dominus Iesus <em>e <\/em>Mitis et misericors Iesus<em>, rispettivamente riguardanti il codice latino e quello delle chiese orientali, va collocata in questo contesto.\u00a0Infine<\/em> &#8211; ha aggiunto mons. Iannone &#8211;<em>, possiamo ritenere che anche i suoi discorsi alla Rota arricchiscono di contributi il processo iniziato per rinnovare la pastorale sulla famiglia<\/em>&#8220;. All\u2019origine di questa preoccupazione del Santo padre c&#8217;\u00e8 la situazione di crisi che sta soffrendo istituzione matrimoniale e familiare. &#8220;<em>Oggi, specie in Occidente<\/em> &#8211; ha detto il relatore &#8211;<em>, si vive sotto una specie di tirannia dell\u2019artificialit\u00e0, nella quale le leggi tentano di ridefinire la famiglia d\u2019accordo con l\u2019ideologia di moda, a prescindere dal suo fondamento antropologico, cio\u00e8, il naturale legame tra amore, sessualit\u00e0, accoglienza della vita umana e impegno matrimoniale<\/em>&#8220;.<\/p>\n<p>Non \u00e8 un caso, quindi, che per tre anni consecutivi il Papa abbia dedicato il suo discorso alla Rota romana a trattare della questione del rapporto tra fede e matrimonio. &#8220;<em>L\u2019invito di Papa Francesco ad una conversione pastorale delle strutture ecclesiali si dovrebbe tradurre in una pi\u00f9 attenta valutazione della situazione delle singole persone, aiutandole ad accettare il disegno divino sulla famiglia insito nei loro cuori. E&#8217; oggi pi\u00f9 che mai importante<\/em> &#8211; ha ribadito mons. Filippo Iannone &#8211; <em>esaminare quale sia la volont\u00e0 reale di coloro che chiedono di sposarsi in Chiesa<\/em>&#8220;. Un&#8217;attenzione che gi\u00e0 Giovanni Paolo II aveva chiesto nella Familiaris Consortio, dove si legge: &#8220;Appare in tutta la sua urgenza, necessit\u00e0 di un\u2019evangelizzazione catechesi pre e post matrimoniale, messi in atto da tutta la comunit\u00e0 cristiana, perch\u00e9 ogni uomo e donna che si sposano, celebrino il sacramento del matrimonio non sono validamente anche fruttuosamente&#8221;.<\/p>\n<p>E&#8217; del 1939, con Pio XII, che \u00e8 iniziata la consuetudine da parte del Papa di incontrare la Rota romana, all\u2019inizio dell\u2019anno giudiziario, e rivolgere un discorso al collegio dei prelati uditori. A partire da Paolo VI l\u2019incontro \u00e8 diventato stabilmente annuale. Con le allocuzioni alla Rota romana i sommi Pontefici mettono in risalto quanto stia allora cuore che l\u2019esercizio della funzione giudiziaria abbia luogo \u201cin sintonia col Magistero e che la legge canonica parlando d\u2019alta voce&#8221; attui la missione della Chiesa, essenzialmente pastorale.<\/p>\n<p>&nbsp;<\/p>\n","protected":false},"excerpt":{"rendered":"<p>E&#8217; stato inaugurato, presso l&#8217;Aula magna della Facolt\u00e0 teologica di Sicilia, l&#8217;Anno giudiziario del Tribunale ecclesiastico interdiocesano siculo. Ad aprire la cerimonia \u00e8 stato mons. Corrado Lorefice, arcivescovo di Palermo e moderatore del Teis. A tenere la prolusione, dedicata a \u201cIl Magistero di Papa Francesco nei discorsi alla Rota\u201d, mons. Filippo Iannone, Presidente del Pontificio Consiglio per i testi legislativi.<\/p>\n","protected":false},"author":4,"featured_media":8668,"comment_status":"closed","ping_status":"closed","sticky":false,"template":"","format":"standard","meta":[],"categories":[7],"tags":[239,98],"news-destination":[],"news-source":[],"is_homepage":[],"ta_other":[],"_links":{"self":[{"href":"https:\/\/www.chiesedisicilia.org\/chiesedisicilia\/news\/wp-json\/wp\/v2\/posts\/8657"}],"collection":[{"href":"https:\/\/www.chiesedisicilia.org\/chiesedisicilia\/news\/wp-json\/wp\/v2\/posts"}],"about":[{"href":"https:\/\/www.chiesedisicilia.org\/chiesedisicilia\/news\/wp-json\/wp\/v2\/types\/post"}],"author":[{"embeddable":true,"href":"https:\/\/www.chiesedisicilia.org\/chiesedisicilia\/news\/wp-json\/wp\/v2\/users\/4"}],"replies":[{"embeddable":true,"href":"https:\/\/www.chiesedisicilia.org\/chiesedisicilia\/news\/wp-json\/wp\/v2\/comments?post=8657"}],"version-history":[{"count":7,"href":"https:\/\/www.chiesedisicilia.org\/chiesedisicilia\/news\/wp-json\/wp\/v2\/posts\/8657\/revisions"}],"predecessor-version":[{"id":8673,"href":"https:\/\/www.chiesedisicilia.org\/chiesedisicilia\/news\/wp-json\/wp\/v2\/posts\/8657\/revisions\/8673"}],"wp:featuredmedia":[{"embeddable":true,"href":"https:\/\/www.chiesedisicilia.org\/chiesedisicilia\/news\/wp-json\/wp\/v2\/media\/8668"}],"wp:attachment":[{"href":"https:\/\/www.chiesedisicilia.org\/chiesedisicilia\/news\/wp-json\/wp\/v2\/media?parent=8657"}],"wp:term":[{"taxonomy":"category","embeddable":true,"href":"https:\/\/www.chiesedisicilia.org\/chiesedisicilia\/news\/wp-json\/wp\/v2\/categories?post=8657"},{"taxonomy":"post_tag","embeddable":true,"href":"https:\/\/www.chiesedisicilia.org\/chiesedisicilia\/news\/wp-json\/wp\/v2\/tags?post=8657"},{"taxonomy":"news-destination","embeddable":true,"href":"https:\/\/www.chiesedisicilia.org\/chiesedisicilia\/news\/wp-json\/wp\/v2\/news-destination?post=8657"},{"taxonomy":"news-source","embeddable":true,"href":"https:\/\/www.chiesedisicilia.org\/chiesedisicilia\/news\/wp-json\/wp\/v2\/news-source?post=8657"},{"taxonomy":"is_homepage","embeddable":true,"href":"https:\/\/www.chiesedisicilia.org\/chiesedisicilia\/news\/wp-json\/wp\/v2\/is_homepage?post=8657"},{"taxonomy":"ta_other","embeddable":true,"href":"https:\/\/www.chiesedisicilia.org\/chiesedisicilia\/news\/wp-json\/wp\/v2\/ta_other?post=8657"}],"curies":[{"name":"wp","href":"https:\/\/api.w.org\/{rel}","templated":true}]}}