{"id":8615,"date":"2019-01-04T22:17:24","date_gmt":"2019-01-04T21:17:24","guid":{"rendered":"http:\/\/www.chiesedisicilia.org\/chiesedisicilia\/?p=8615"},"modified":"2019-01-04T22:17:26","modified_gmt":"2018-03-10T22:17:26","slug":"presentazione-del-dizionario-enciclopedico-dei-pensatori-e-dei-teologi-di-sicilia-dalle-origini-al-sec-xviii","status":"publish","type":"post","link":"https:\/\/www.chiesedisicilia.org\/2019\/01\/04\/presentazione-del-dizionario-enciclopedico-dei-pensatori-e-dei-teologi-di-sicilia-dalle-origini-al-sec-xviii\/","title":{"rendered":"PRESENTAZIONE DEL \u201cDIZIONARIO ENCICLOPEDICO DEI PENSATORI E DEI TEOLOGI DI SICILIA. DALLE ORIGINI AL SEC. XVIII\u201d"},"content":{"rendered":"<p>Saranno presenti il Gran Cancelliere della Facolt\u00e0 Teologica di Sicilia mons. Corrado Lorefice, don Cosimo Scordato, Eugenio Guccione, Universit\u00e0 di Palermo e Gaetano Bongiovanni, Sovrintendenza ai Beni Culturali di Palermo. Presiede Francesco Lomanto, Preside della Facolt\u00e0 Teologica di Sicilia. Interverranno Salvatore Vacca, direttore della Collana \u201cStoria e Cultura di Sicilia\u201d. Sar\u00e0 presente il curatore.<\/p>\n<p>\u201c<em>Il Dizionario enciclopedico restituisce alla storia la memoria dei tanti personaggi che con la loro opera formativa hanno segnato in modo considerevole la storia e la vita dell\u2019Isola. La ricostruzione storica di questo immenso patrimonio culturale<\/em> \u2013 scrive Francesco Lomanto, nella presentazione \u2013<em>, condotta con rigore scientifico, consente di accrescere la coscienza dell\u2019identit\u00e0 locale, di offrire un sostegno alla memoria collettiva e di assicurare l\u2019autentica e vitale trasmissione di questa memoria. Collocando, sullo sfondo dei personaggi, il percorso storico della memoria collettiva nel quadro pi\u00f9 ampio degli avvenimenti nazionali e sopra-nazionali, tale ricostruzione permette all\u2019identit\u00e0 locale di pensarsi in rapporto ad altre, e poich\u00e9 nella storia dell\u2019Occidente europeo l\u2019identit\u00e0 cristiana sta alla base di una citt\u00e0, di un territorio, di una regione, l\u2019indagine storica aiuta anche a cogliere il rapporto stretto della tradizione cristiana con le comunit\u00e0 locali come articolazione imprescindibile dell\u2019identit\u00e0 civile<\/em>\u201d.<\/p>\n","protected":false},"excerpt":{"rendered":"<p>Hanno collaborato 150 autori, sono state redatte 5.300 voci, l\u2019opera di 12 volumi, ha un complessivo di 5.125 pagine e vi sono inseriti 88 ritratti a colori di personaggi illustri. Il \u201cDizionario enciclopedico dei pensatori e dei teologi di Sicilia. Dalle origini al sec. XVIII\u201d \u00e8 in testo a cura di Francesco Armetta (Salvatore Sciascia Editore, Caltanissetta-Roma 2018, voll. 12): sar\u00e0 presentato gioved\u00ec 10 gennaio 2019, alle ore 16.30, nell\u2019Aula Magna \u201cCard. S. Pappalardo\u201d di via Vittorio Emanuele 463 a Palermo.<\/p>\n","protected":false},"author":4,"featured_media":8616,"comment_status":"closed","ping_status":"closed","sticky":false,"template":"","format":"standard","meta":[],"categories":[30],"tags":[219,93],"news-destination":[],"news-source":[],"is_homepage":[],"ta_other":[],"_links":{"self":[{"href":"https:\/\/www.chiesedisicilia.org\/chiesedisicilia\/news\/wp-json\/wp\/v2\/posts\/8615"}],"collection":[{"href":"https:\/\/www.chiesedisicilia.org\/chiesedisicilia\/news\/wp-json\/wp\/v2\/posts"}],"about":[{"href":"https:\/\/www.chiesedisicilia.org\/chiesedisicilia\/news\/wp-json\/wp\/v2\/types\/post"}],"author":[{"embeddable":true,"href":"https:\/\/www.chiesedisicilia.org\/chiesedisicilia\/news\/wp-json\/wp\/v2\/users\/4"}],"replies":[{"embeddable":true,"href":"https:\/\/www.chiesedisicilia.org\/chiesedisicilia\/news\/wp-json\/wp\/v2\/comments?post=8615"}],"version-history":[{"count":1,"href":"https:\/\/www.chiesedisicilia.org\/chiesedisicilia\/news\/wp-json\/wp\/v2\/posts\/8615\/revisions"}],"predecessor-version":[{"id":8617,"href":"https:\/\/www.chiesedisicilia.org\/chiesedisicilia\/news\/wp-json\/wp\/v2\/posts\/8615\/revisions\/8617"}],"wp:featuredmedia":[{"embeddable":true,"href":"https:\/\/www.chiesedisicilia.org\/chiesedisicilia\/news\/wp-json\/wp\/v2\/media\/8616"}],"wp:attachment":[{"href":"https:\/\/www.chiesedisicilia.org\/chiesedisicilia\/news\/wp-json\/wp\/v2\/media?parent=8615"}],"wp:term":[{"taxonomy":"category","embeddable":true,"href":"https:\/\/www.chiesedisicilia.org\/chiesedisicilia\/news\/wp-json\/wp\/v2\/categories?post=8615"},{"taxonomy":"post_tag","embeddable":true,"href":"https:\/\/www.chiesedisicilia.org\/chiesedisicilia\/news\/wp-json\/wp\/v2\/tags?post=8615"},{"taxonomy":"news-destination","embeddable":true,"href":"https:\/\/www.chiesedisicilia.org\/chiesedisicilia\/news\/wp-json\/wp\/v2\/news-destination?post=8615"},{"taxonomy":"news-source","embeddable":true,"href":"https:\/\/www.chiesedisicilia.org\/chiesedisicilia\/news\/wp-json\/wp\/v2\/news-source?post=8615"},{"taxonomy":"is_homepage","embeddable":true,"href":"https:\/\/www.chiesedisicilia.org\/chiesedisicilia\/news\/wp-json\/wp\/v2\/is_homepage?post=8615"},{"taxonomy":"ta_other","embeddable":true,"href":"https:\/\/www.chiesedisicilia.org\/chiesedisicilia\/news\/wp-json\/wp\/v2\/ta_other?post=8615"}],"curies":[{"name":"wp","href":"https:\/\/api.w.org\/{rel}","templated":true}]}}