{"id":8518,"date":"2018-12-04T15:30:28","date_gmt":"2018-12-04T14:30:28","guid":{"rendered":"http:\/\/www.chiesedisicilia.org\/chiesedisicilia\/?p=8518"},"modified":"2018-12-04T15:30:49","modified_gmt":"2018-02-07T15:30:49","slug":"nuova-veste-grafica-per-il-mensile-diocesano-insieme","status":"publish","type":"post","link":"https:\/\/www.chiesedisicilia.org\/2018\/12\/04\/nuova-veste-grafica-per-il-mensile-diocesano-insieme\/","title":{"rendered":"NUOVA VESTE GRAFICA PER IL MENSILE DIOCESANO \u201cINSIEME\u201d"},"content":{"rendered":"<p>\u201cInsieme\u201d \u00e8 il giornale che da 34 anni accompagna la vita del territorio della diocesi di Ragusa. Era proprio l\u20198 dicembre del 1984 quando fu dato alle stampe il numero zero. Adesso, a distanza di 34 anni, ancora una volta nel giorno in cui la Chiesa festeggia Maria Immacolata, l\u20198 dicembre, il giornale si rinnover\u00e0: se nel formato sar\u00e0 &#8220;quasi un ritorno alle origini&#8221;, la grafica sar\u00e0 nuova e sar\u00e0 introdotto il colore nelle immagini.<\/p>\n<p>&#8220;L\u2019ambizione \u00e8 quella di arricchire il giornale anche di contenuti e di contributi autorevoli, affinch\u00e9 &#8211; si legge in una nota stampa &#8211; ogni lettore possa sentire pi\u00f9 forte il battito della Chiesa di Ragusa e leggere pi\u00f9 in profondit\u00e0 la realt\u00e0 nella quale vive&#8221;.<\/p>\n","protected":false},"excerpt":{"rendered":"<p>Il mensile della diocesi di Ragusa \u201cInsieme\u201d avr\u00e0 una nuova veste grafica e nuovi contenuti. A presentare le novit\u00e0 del periodico diocesano saranno, venerd\u00ec 7 dicembre, il direttore dell\u2019Ufficio per le Comunicazioni sociali Emanuele Occhipinti e il direttore di \u201cInsieme\u201d don Mario Cascone. Alla conferenza stampa, che si terr\u00e0 alle 11.30 nella sala Fondo antico della biblioteca diocesana, sar\u00e0 presente anche il vescovo mons. Carmelo Cuttitta.<\/p>\n","protected":false},"author":4,"featured_media":8519,"comment_status":"closed","ping_status":"closed","sticky":false,"template":"","format":"standard","meta":[],"categories":[30],"tags":[160,126,159],"news-destination":[],"news-source":[],"is_homepage":[],"ta_other":[],"_links":{"self":[{"href":"https:\/\/www.chiesedisicilia.org\/chiesedisicilia\/news\/wp-json\/wp\/v2\/posts\/8518"}],"collection":[{"href":"https:\/\/www.chiesedisicilia.org\/chiesedisicilia\/news\/wp-json\/wp\/v2\/posts"}],"about":[{"href":"https:\/\/www.chiesedisicilia.org\/chiesedisicilia\/news\/wp-json\/wp\/v2\/types\/post"}],"author":[{"embeddable":true,"href":"https:\/\/www.chiesedisicilia.org\/chiesedisicilia\/news\/wp-json\/wp\/v2\/users\/4"}],"replies":[{"embeddable":true,"href":"https:\/\/www.chiesedisicilia.org\/chiesedisicilia\/news\/wp-json\/wp\/v2\/comments?post=8518"}],"version-history":[{"count":1,"href":"https:\/\/www.chiesedisicilia.org\/chiesedisicilia\/news\/wp-json\/wp\/v2\/posts\/8518\/revisions"}],"predecessor-version":[{"id":8520,"href":"https:\/\/www.chiesedisicilia.org\/chiesedisicilia\/news\/wp-json\/wp\/v2\/posts\/8518\/revisions\/8520"}],"wp:featuredmedia":[{"embeddable":true,"href":"https:\/\/www.chiesedisicilia.org\/chiesedisicilia\/news\/wp-json\/wp\/v2\/media\/8519"}],"wp:attachment":[{"href":"https:\/\/www.chiesedisicilia.org\/chiesedisicilia\/news\/wp-json\/wp\/v2\/media?parent=8518"}],"wp:term":[{"taxonomy":"category","embeddable":true,"href":"https:\/\/www.chiesedisicilia.org\/chiesedisicilia\/news\/wp-json\/wp\/v2\/categories?post=8518"},{"taxonomy":"post_tag","embeddable":true,"href":"https:\/\/www.chiesedisicilia.org\/chiesedisicilia\/news\/wp-json\/wp\/v2\/tags?post=8518"},{"taxonomy":"news-destination","embeddable":true,"href":"https:\/\/www.chiesedisicilia.org\/chiesedisicilia\/news\/wp-json\/wp\/v2\/news-destination?post=8518"},{"taxonomy":"news-source","embeddable":true,"href":"https:\/\/www.chiesedisicilia.org\/chiesedisicilia\/news\/wp-json\/wp\/v2\/news-source?post=8518"},{"taxonomy":"is_homepage","embeddable":true,"href":"https:\/\/www.chiesedisicilia.org\/chiesedisicilia\/news\/wp-json\/wp\/v2\/is_homepage?post=8518"},{"taxonomy":"ta_other","embeddable":true,"href":"https:\/\/www.chiesedisicilia.org\/chiesedisicilia\/news\/wp-json\/wp\/v2\/ta_other?post=8518"}],"curies":[{"name":"wp","href":"https:\/\/api.w.org\/{rel}","templated":true}]}}