{"id":8507,"date":"2018-12-03T10:11:17","date_gmt":"2018-12-03T09:11:17","guid":{"rendered":"http:\/\/www.chiesedisicilia.org\/chiesedisicilia\/?p=8507"},"modified":"2018-12-04T10:05:22","modified_gmt":"2018-02-07T10:05:22","slug":"natale-al-museo-diocesano-da-yehshuah-attraverso-kind-e-fino-a-u-bamminu","status":"publish","type":"post","link":"https:\/\/www.chiesedisicilia.org\/2018\/12\/03\/natale-al-museo-diocesano-da-yehshuah-attraverso-kind-e-fino-a-u-bamminu\/","title":{"rendered":"NATALE AL MUSEO DIOCESANO: DA YEHSHUAH, ATTRAVERSO KIND E FINO A &#8216;U BAMMINU"},"content":{"rendered":"<p>Dopo l\u2019inaugurazione della personale del maestro di fama internazionale Raffaele Boselli, Yehshuah, avvenuta il 17 novembre scorso, e il secondo appuntamento inaugurale del museo con Kind, di Demetrio Di Grado, a cura di Francesco Piazza, il 24 novembre, da luned\u00ec 3 dicembre il Museo proporr\u00e0 un allestimento inedito del presepe di tradizione dei maestri della bottega Bongiovanni-Vaccaro (seconda met\u00e0 del XIX secolo): \u2018U Bamminu.<\/p>\n<p>\u201c<em>La triade ci offre una visione prospettica del Natale attraverso il tempo e lo spazio. Dalla quadreria del Museo<\/em> \u2013 spiega don Fabio Raimondi, direttore del Museo diocesano &#8211; <em>ci perdiamo nella modernit\u00e0 creativa di Raffaele Boselli, il quale, attraverso i suoi presepi in diversi materiali, colori e dimensioni, ci manifesta la meravigliosa composizione della realt\u00e0, nelle sue stagioni evolutive e nei suoi stimoli sociologici. Dalle antiche sale del refettorio del seminario vescovile, dalla sua nuda pietra, nel valico di qualche gradino, ci ritroviamo davanti agli innesti figurativi di Kind, in cui l\u2019originalit\u00e0 del collage analogico e la potenza iconoclasta di un artista che proviene dalla Street Art <\/em>&#8211; prosegue quasi tracciando una mappa del percorso proposto all\u2019interno del Museo &#8211; <em>dischiudono le quinte del nostro immaginario, e della nostra mente, al grande teatro che \u00e8 la vita contemporanea. Il Natale di Demetrio Di Grado, personale attesa e proposta con profonda passione, ferma il tempo ed afferma il suo personale messaggio di denuncia.Sotto il cielo stellato della cappella neogotica, infine, si staglia \u2018U Bamminu, allestito in una mostra-presepe con contenuti didattici e divulgativi realizzati in partenariato con la Societ\u00e0 cooperativa Sikelia ed a cura di Piero Pitrolo Gentile, con la regia di Lajos Voros. In una location talmente perfetta per ospitare naturalmente i volti corrucciati della pi\u00f9 alta espressione artistica dei maestri figurinai di Caltagirone, si dispiega la magia del Natale, in una riproposizione ineguagliabile e che non lascia molto spazio alle parole<\/em>&#8220;.<\/p>\n<p>In occasione dell&#8217;inaugurazione della mostra &#8220;&#8216;U Bamminu&#8221;, luned\u00ec 3 dicembre, insieme alla presentazione e alla visita guidata, anche un momento di intrattenimento a tema, con &#8220;Le antiche nenie&#8221;, un breve viaggio tra cultura e tradizione, musica e loghi legati alle ninne nanne.<\/p>\n","protected":false},"excerpt":{"rendered":"<p>In un periodo di fermento turistico come quello natalizio, si inserisce la ricca proposta culturale del Museo Diocesano di Caltagirone che coinvolge i propri concittadini, affinch\u00e9 non solo assistano al Natale calatino, ma possano parteciparvi  come principali protagonisti.<br \/>\nFino al 31 gennaio 2019 la visita al museo diocesano sar\u00e0 \u201cun\u2019esperienza artistica concepita per lasciar migrare la mente dei suoi visitatori attraverso un viaggio che li riporti, diversi e pi\u00f9 consapevoli, al portone d\u2019uscita di fine percorso\u201d.<\/p>\n","protected":false},"author":4,"featured_media":8509,"comment_status":"closed","ping_status":"closed","sticky":false,"template":"","format":"standard","meta":[],"categories":[30],"tags":[154,153,155],"news-destination":[],"news-source":[],"is_homepage":[],"ta_other":[],"_links":{"self":[{"href":"https:\/\/www.chiesedisicilia.org\/chiesedisicilia\/news\/wp-json\/wp\/v2\/posts\/8507"}],"collection":[{"href":"https:\/\/www.chiesedisicilia.org\/chiesedisicilia\/news\/wp-json\/wp\/v2\/posts"}],"about":[{"href":"https:\/\/www.chiesedisicilia.org\/chiesedisicilia\/news\/wp-json\/wp\/v2\/types\/post"}],"author":[{"embeddable":true,"href":"https:\/\/www.chiesedisicilia.org\/chiesedisicilia\/news\/wp-json\/wp\/v2\/users\/4"}],"replies":[{"embeddable":true,"href":"https:\/\/www.chiesedisicilia.org\/chiesedisicilia\/news\/wp-json\/wp\/v2\/comments?post=8507"}],"version-history":[{"count":1,"href":"https:\/\/www.chiesedisicilia.org\/chiesedisicilia\/news\/wp-json\/wp\/v2\/posts\/8507\/revisions"}],"predecessor-version":[{"id":8508,"href":"https:\/\/www.chiesedisicilia.org\/chiesedisicilia\/news\/wp-json\/wp\/v2\/posts\/8507\/revisions\/8508"}],"wp:featuredmedia":[{"embeddable":true,"href":"https:\/\/www.chiesedisicilia.org\/chiesedisicilia\/news\/wp-json\/wp\/v2\/media\/8509"}],"wp:attachment":[{"href":"https:\/\/www.chiesedisicilia.org\/chiesedisicilia\/news\/wp-json\/wp\/v2\/media?parent=8507"}],"wp:term":[{"taxonomy":"category","embeddable":true,"href":"https:\/\/www.chiesedisicilia.org\/chiesedisicilia\/news\/wp-json\/wp\/v2\/categories?post=8507"},{"taxonomy":"post_tag","embeddable":true,"href":"https:\/\/www.chiesedisicilia.org\/chiesedisicilia\/news\/wp-json\/wp\/v2\/tags?post=8507"},{"taxonomy":"news-destination","embeddable":true,"href":"https:\/\/www.chiesedisicilia.org\/chiesedisicilia\/news\/wp-json\/wp\/v2\/news-destination?post=8507"},{"taxonomy":"news-source","embeddable":true,"href":"https:\/\/www.chiesedisicilia.org\/chiesedisicilia\/news\/wp-json\/wp\/v2\/news-source?post=8507"},{"taxonomy":"is_homepage","embeddable":true,"href":"https:\/\/www.chiesedisicilia.org\/chiesedisicilia\/news\/wp-json\/wp\/v2\/is_homepage?post=8507"},{"taxonomy":"ta_other","embeddable":true,"href":"https:\/\/www.chiesedisicilia.org\/chiesedisicilia\/news\/wp-json\/wp\/v2\/ta_other?post=8507"}],"curies":[{"name":"wp","href":"https:\/\/api.w.org\/{rel}","templated":true}]}}