{"id":8443,"date":"2018-11-24T20:02:00","date_gmt":"2018-11-24T19:02:00","guid":{"rendered":"http:\/\/www.chiesedisicilia.org\/chiesedisicilia\/?p=8443"},"modified":"2018-11-28T09:57:51","modified_gmt":"2018-02-01T09:57:51","slug":"il-papa-incontra-in-udienza-privata-i-seminaristi-linvito-ad-essere-sempre-piu-in-ascolto","status":"publish","type":"post","link":"https:\/\/www.chiesedisicilia.org\/2018\/11\/24\/il-papa-incontra-in-udienza-privata-i-seminaristi-linvito-ad-essere-sempre-piu-in-ascolto\/","title":{"rendered":"IL PAPA INCONTRA IN UDIENZA PRIVATA I SEMINARISTI: L&#8217;INVITO AD &#8220;ESSERE SEMPRE PI\u00d9 IN ASCOLTO&#8221;"},"content":{"rendered":"<p>\u201cNella vostra vita di seminario al primo posto c\u2019\u00e8 il dialogo con il Signore fatto di ascolto reciproco: Lui ascolta me e io ascolto Lui. Nessuna finzione. Nessuna maschera. Questo ascolto del cuore nella preghiera ci educa a essere persone capaci di ascoltare gli altri, a diventare \u2013 se Dio vuole \u2013 preti che offrono il servizio dell\u2019ascolto \u2013 e come ce n\u2019\u00e8 bisogno! \u2013; e ci educa ad essere sempre pi\u00f9 Chiesa in ascolto, comunit\u00e0 che sa ascoltare\u201d. Lo ha detto Papa Francesco durante l\u2019udienza ai seminaristi dell\u2019arcidiocesi di Agrigento, ricevuti nella Sala del Concistoro del Palazzo Apostolico.<\/p>\n<figure id=\"attachment_8444\" style=\"width: 300px\" class=\"wp-caption alignleft\"><img alt=\"IL PAPA INCONTRA IN UDIENZA PRIVATA I SEMINARISTI: L'INVITO AD \"ESSERE SEMPRE PI\u00d9 IN ASCOLTO\"\" title=\"IL PAPA INCONTRA IN UDIENZA PRIVATA I SEMINARISTI: L'INVITO AD \"ESSERE SEMPRE PI\u00d9 IN ASCOLTO\"\" loading=\"lazy\" class=\"size-medium wp-image-8444\" src=\"https:\/\/www.chiesedisicilia.org\/chiesedisicilia\/news\/wp-content\/uploads\/sites\/2\/2018\/11\/seminaristi-di-Agrigento.jpg\" alt=\"\" width=\"300\" height=\"195\" srcset=\"https:\/\/euwps05.newsmemory.com\/chiesedisicilia\/news\/wp-content\/uploads\/sites\/2\/2018\/11\/seminaristi-di-Agrigento.jpg 755w, https:\/\/euwps05.newsmemory.com\/chiesedisicilia\/news\/wp-content\/uploads\/sites\/2\/2018\/11\/seminaristi-di-Agrigento-300x195.jpg 300w, https:\/\/euwps05.newsmemory.com\/chiesedisicilia\/news\/wp-content\/uploads\/sites\/2\/2018\/11\/seminaristi-di-Agrigento-750x488.jpg 750w\" sizes=\"(max-width: 300px) 100vw, 300px\" \/><figcaption class=\"wp-caption-text\">(Foto Vatican Media\/SIR)<\/figcaption><\/figure>\n<p>Nelle parole del Pontefice \u201calcuni spunti di riflessione personale e comunitaria\u201d dal recente Sinodo dei giovani. Il riferimento \u00e8 al Vangelo dei discepoli di Emmaus. \u201cGes\u00f9 Risorto ci incontra nel cammino, che nello stesso tempo \u00e8 la strada, cio\u00e8 la realt\u00e0 in cui ognuno di noi \u00e8 chiamato a vivere, ed \u00e8 il percorso interiore, la via della fede e della speranza, che conosce momenti di luce e momenti di buio. Qui, nel cammino, il Signore ci incontra, ci ascolta e ci parla\u201d. Il Papa ha poi ricordato che \u201cla Chiesa \u00e8 mandata nel mondo per ascoltare il grido dell\u2019umanit\u00e0, che spesso \u00e8 un grido silenzioso, a volte represso, soffocato\u201d.<\/p>\n<p>Dopo cammino e ascolto, una terza parola viene presentata da Francesco: discernimento. \u201cIl seminario \u00e8 luogo e tempo di discernimento. E questo richiede accompagnamento, come fa Ges\u00f9 con i due discepoli e con tutti i suoi discepoli, in particolare i Dodici. Li accompagna con pazienza e con sapienza, li educa a seguirlo nella verit\u00e0, smascherando le false attese che essi portano nel cuore\u201d. Ai seminaristi, il pontefice ha spiegato che \u201ctanti problemi che si manifestano nella vita di un prete sono dovuti a una mancanza di discernimento negli anni del seminario\u201d. \u201cNon tutti e non sempre, ma tanti. \u00c8 normale, vale lo stesso per il matrimonio: certe cose non affrontate prima possono diventare problemi dopo\u201d. Infine, la quarta parola: missione, \u201cl\u2019andare insieme incontro agli altri\u201d. \u201cLa tentazione di essere bravi missionari individuali \u00e8 sempre in agguato \u2013 ha concluso il Papa -. Troppo spesso la nostra impostazione \u00e8 stata individuale, pi\u00f9 che collegiale, fraterna. Grazie a Dio si sta crescendo in questo, anche costretti dalla scarsit\u00e0 di clero, ma la comunione non si fa per costrizione, bisogna crederci ed essere docili allo Spirito\u201d.<\/p>\n","protected":false},"excerpt":{"rendered":"<p>Papa Francesco ha accolto nella Sala del Concistoro i seminaristi di Agrigento, accompagnati dai loro formatori e dall&#8217;arcivescovo, card. Francesco Montenegro. Una udienza privata che \u00e8 stata occasione per &#8220;alcuni spunti di riflessione personale e comunitaria\u201d dal recente Sinodo dei giovani. <\/p>\n","protected":false},"author":4,"featured_media":0,"comment_status":"closed","ping_status":"closed","sticky":false,"template":"","format":"standard","meta":[],"categories":[30],"tags":[119,120,121],"news-destination":[],"news-source":[],"is_homepage":[],"ta_other":[],"_links":{"self":[{"href":"https:\/\/www.chiesedisicilia.org\/chiesedisicilia\/news\/wp-json\/wp\/v2\/posts\/8443"}],"collection":[{"href":"https:\/\/www.chiesedisicilia.org\/chiesedisicilia\/news\/wp-json\/wp\/v2\/posts"}],"about":[{"href":"https:\/\/www.chiesedisicilia.org\/chiesedisicilia\/news\/wp-json\/wp\/v2\/types\/post"}],"author":[{"embeddable":true,"href":"https:\/\/www.chiesedisicilia.org\/chiesedisicilia\/news\/wp-json\/wp\/v2\/users\/4"}],"replies":[{"embeddable":true,"href":"https:\/\/www.chiesedisicilia.org\/chiesedisicilia\/news\/wp-json\/wp\/v2\/comments?post=8443"}],"version-history":[{"count":4,"href":"https:\/\/www.chiesedisicilia.org\/chiesedisicilia\/news\/wp-json\/wp\/v2\/posts\/8443\/revisions"}],"predecessor-version":[{"id":8479,"href":"https:\/\/www.chiesedisicilia.org\/chiesedisicilia\/news\/wp-json\/wp\/v2\/posts\/8443\/revisions\/8479"}],"wp:attachment":[{"href":"https:\/\/www.chiesedisicilia.org\/chiesedisicilia\/news\/wp-json\/wp\/v2\/media?parent=8443"}],"wp:term":[{"taxonomy":"category","embeddable":true,"href":"https:\/\/www.chiesedisicilia.org\/chiesedisicilia\/news\/wp-json\/wp\/v2\/categories?post=8443"},{"taxonomy":"post_tag","embeddable":true,"href":"https:\/\/www.chiesedisicilia.org\/chiesedisicilia\/news\/wp-json\/wp\/v2\/tags?post=8443"},{"taxonomy":"news-destination","embeddable":true,"href":"https:\/\/www.chiesedisicilia.org\/chiesedisicilia\/news\/wp-json\/wp\/v2\/news-destination?post=8443"},{"taxonomy":"news-source","embeddable":true,"href":"https:\/\/www.chiesedisicilia.org\/chiesedisicilia\/news\/wp-json\/wp\/v2\/news-source?post=8443"},{"taxonomy":"is_homepage","embeddable":true,"href":"https:\/\/www.chiesedisicilia.org\/chiesedisicilia\/news\/wp-json\/wp\/v2\/is_homepage?post=8443"},{"taxonomy":"ta_other","embeddable":true,"href":"https:\/\/www.chiesedisicilia.org\/chiesedisicilia\/news\/wp-json\/wp\/v2\/ta_other?post=8443"}],"curies":[{"name":"wp","href":"https:\/\/api.w.org\/{rel}","templated":true}]}}