{"id":7298,"date":"2010-12-02T18:13:00","date_gmt":"2010-12-02T17:13:00","guid":{"rendered":"http:\/\/wptestsite.tecnavia.com\/chiesedisicilia_clientsite\/news\/2010\/12\/02\/agenda-4\/"},"modified":"2018-11-16T11:45:46","modified_gmt":"2018-01-20T11:45:46","slug":"agenda-4","status":"publish","type":"post","link":"https:\/\/www.chiesedisicilia.org\/2010\/12\/02\/agenda-4\/","title":{"rendered":"Agenda"},"content":{"rendered":"<div>\n<div style=\"text-align: center\">\u00a0<b><span style=\"font-size: 14pt\">Consulta Regionale delle Aggregazioni Laicali<\/span><\/b><\/div>\n<div style=\"text-align: center\"><b>(Organismo collegato alla Conferenza Episcopale Siciliana)<\/b><\/div>\n<div><b>\u00a0<\/b><\/div>\n<div style=\"text-align: right; margin: 0cm 0cm 0pt 147pt\">Palermo, l\u00ec 27 marzo 2011<\/div>\n<div><b>\u00a0\u00a0\u00a0\u00a0\u00a0\u00a0\u00a0\u00a0\u00a0\u00a0\u00a0\u00a0\u00a0\u00a0\u00a0\u00a0\u00a0\u00a0\u00a0\u00a0\u00a0\u00a0\u00a0\u00a0\u00a0\u00a0\u00a0\u00a0\u00a0\u00a0\u00a0\u00a0\u00a0\u00a0\u00a0\u00a0\u00a0\u00a0\u00a0\u00a0\u00a0\u00a0\u00a0\u00a0\u00a0\u00a0 <\/b><\/div>\n<div><b>\u00a0<\/b><\/div>\n<div style=\"text-align: right; text-indent: 5.4pt; margin: 0cm 0cm 0pt 141.6pt\"><b>Ai Responsabili delle Aggregazioni Laicali<\/b><\/div>\n<div style=\"text-align: right; text-indent: 5.4pt; margin: 0cm 0cm 0pt 141.6pt\"><b>Ai Responsabili delle Consulte\u00a0\u00a0\u00a0\u00a0\u00a0\u00a0\u00a0\u00a0\u00a0\u00a0\u00a0 \u00a0\u00a0\u00a0\u00a0\u00a0\u00a0\u00a0\u00a0\u00a0\u00a0\u00a0\u00a0\u00a0\u00a0\u00a0\u00a0\u00a0\u00a0\u00a0\u00a0\u00a0\u00a0\u00a0\u00a0\u00a0\u00a0\u00a0\u00a0\u00a0\u00a0\u00a0\u00a0\u00a0\u00a0\u00a0\u00a0\u00a0\u00a0\u00a0<\/b><\/div>\n<div style=\"text-align: right\"><b>\u00a0\u00a0\u00a0\u00a0\u00a0\u00a0\u00a0\u00a0\u00a0\u00a0\u00a0\u00a0\u00a0\u00a0\u00a0\u00a0\u00a0\u00a0\u00a0\u00a0\u00a0\u00a0\u00a0\u00a0\u00a0\u00a0\u00a0\u00a0\u00a0\u00a0\u00a0\u00a0\u00a0\u00a0\u00a0\u00a0\u00a0\u00a0\u00a0\u00a0\u00a0\u00a0\u00a0\u00a0\u00a0\u00a0 \u00a0Ai componenti dei Gruppi di studio e di ricerca<\/b><\/div>\n<div style=\"text-align: right\"><b>\u00a0\u00a0\u00a0\u00a0\u00a0\u00a0\u00a0\u00a0\u00a0\u00a0\u00a0\u00a0\u00a0\u00a0\u00a0\u00a0\u00a0\u00a0\u00a0\u00a0\u00a0\u00a0\u00a0\u00a0\u00a0\u00a0\u00a0\u00a0\u00a0\u00a0\u00a0\u00a0\u00a0\u00a0 <\/b><\/div>\n<div style=\"text-align: right; margin: 0cm 0cm 0pt 106.2pt\"><b>e p.c.\u00a0\u00a0\u00a0 S.E. Mons. Salvatore Gristina \u2013 Delegato CESi per il Laicato<\/b><\/div>\n<div style=\"text-align: right\"><b>\u00a0\u00a0\u00a0\u00a0\u00a0\u00a0\u00a0\u00a0\u00a0\u00a0\u00a0\u00a0\u00a0\u00a0\u00a0\u00a0\u00a0\u00a0\u00a0\u00a0\u00a0\u00a0\u00a0\u00a0\u00a0\u00a0\u00a0\u00a0\u00a0\u00a0\u00a0\u00a0\u00a0\u00a0\u00a0\u00a0\u00a0\u00a0\u00a0\u00a0\u00a0\u00a0\u00a0\u00a0\u00a0\u00a0 \u00a0Sac. Salvatore Fragapane \u2013 Assistente della CRAL\u00a0\u00a0\u00a0<\/b><\/div>\n<div style=\"text-indent: 35.4pt; margin: 0cm 0cm 0pt 106.2pt\"><b>\u00a0\u00a0\u00a0\u00a0\u00a0\u00a0\u00a0\u00a0\u00a0\u00a0\u00a0\u00a0\u00a0\u00a0\u00a0\u00a0\u00a0\u00a0\u00a0\u00a0\u00a0\u00a0\u00a0\u00a0\u00a0\u00a0\u00a0\u00a0\u00a0\u00a0\u00a0\u00a0\u00a0\u00a0\u00a0\u00a0\u00a0\u00a0\u00a0\u00a0\u00a0\u00a0\u00a0<\/b><\/div>\n<div style=\"text-align: right; text-indent: 35.4pt; margin: 0cm 0cm 0pt 318.6pt\"><b>L O R O\u00a0\u00a0S E D I<\/b><\/div>\n<div><b>\u00a0<\/b><\/div>\n<div><b>\u00a0\u00a0\u00a0\u00a0\u00a0\u00a0\u00a0\u00a0\u00a0\u00a0\u00a0\u00a0\u00a0\u00a0\u00a0\u00a0\u00a0\u00a0\u00a0\u00a0\u00a0\u00a0\u00a0\u00a0 <\/b><\/div>\n<div><b><i>Carisimi,<\/i><\/b><\/div>\n<div>\u00a0<\/div>\n<div style=\"text-align: justify; text-indent: 35.4pt\">i gruppi di studio e di ricerca, istituiti a norma dell\u2019art.15 dello Statuto della CRAL, cominciano ad avere una fisionomia. Come potrete notare esaminando i prospetti allegati, le adesioni non mancano e riflettono gi\u00e0 la variet\u00e0 della loro provenienza. Non esprimono ancora, per\u00f2, la complessiva rappresentanza delle aggregazioni laicali (ben 78!) e delle consulte diocesane (18), che compongono la Consulta regionale.\u00a0\u00a0\u00a0\u00a0\u00a0\u00a0\u00a0\u00a0\u00a0\u00a0 \u00a0<\/div>\n<div style=\"text-align: justify; text-indent: 35.4pt\">Torno ad esortare, pertanto, quanti non vi hanno ancora provveduto a rendere note le proprie indicazioni di rappresentanza nel pi\u00f9 breve tempo possibile <b><u>e comunque entro il<\/u><\/b><u> <b>9 aprile p.v.,<\/b><\/u> <b>data nella quale il Direttivo della CRAL riunir\u00e0 i gruppi per presentarne i componenti, precisarne le finalit\u00e0 e indicarne i criteri operativi.<\/b><\/div>\n<div style=\"text-align: justify; text-indent: 35.4pt\"><b>L\u2019incontro, al quale i componenti dei gruppi di studio sono fin d\u2019ora invitati, avr\u00e0 luogo a Pergusa, presso l\u2019Oasi francescana, dalle ore 9,30 alle ore 12,30.<\/b><\/div>\n<div style=\"text-align: justify; text-indent: 35.4pt\">S.E. Mons. Salvatore Gristina, Vescovo Delegato per il Laicato, nel considerare il particolare valore del servizio che ci apprestiamo a rendere alla Chiesa e alla nostra terra, ci ha preannunziato che ne riferir\u00e0 alla CESi insieme ad ogni altra attivit\u00e0 che anima la vita della CRAL,\u00a0nella sua prossima sessione di lavori, che avr\u00e0 luogo a Palermo il 5, 6 e 7 aprile p.v.<\/div>\n<div style=\"text-align: justify; margin: 0cm 0cm 0pt 35.4pt\">\u00a0<\/div>\n<div style=\"text-align: justify; margin: 0cm 0cm 0pt 35.4pt\"><b><i>Con tutto il Direttivo Vi saluto fraternamente nel Signore,\u00a0\u00a0\u00a0\u00a0 <\/i><\/b><\/div>\n<div>\u00a0<\/div>\n<div style=\"text-align: justify; margin: 0cm 0cm 0pt 318.6pt\"><b><i>\u00a0\u00a0\u00a0\u00a0 Alfio Di Pietro<\/i><\/b><\/div>\n<div>\u00a0\u00a0\u00a0\u00a0\u00a0\u00a0\u00a0\u00a0\u00a0\u00a0\u00a0\u00a0\u00a0\u00a0\u00a0\u00a0\u00a0\u00a0\u00a0\u00a0\u00a0\u00a0\u00a0\u00a0\u00a0\u00a0\u00a0\u00a0\u00a0\u00a0\u00a0\u00a0\u00a0\u00a0\u00a0\u00a0\u00a0\u00a0\u00a0\u00a0\u00a0\u00a0\u00a0\u00a0\u00a0\u00a0\u00a0\u00a0\u00a0\u00a0\u00a0\u00a0\u00a0\u00a0\u00a0\u00a0\u00a0\u00a0\u00a0\u00a0\u00a0\u00a0\u00a0\u00a0\u00a0\u00a0\u00a0\u00a0\u00a0\u00a0\u00a0\u00a0\u00a0\u00a0\u00a0\u00a0\u00a0\u00a0\u00a0\u00a0\u00a0\u00a0\u00a0\u00a0\u00a0\u00a0\u00a0\u00a0\u00a0\u00a0\u00a0\u00a0\u00a0\u00a0\u00a0\u00a0\u00a0\u00a0\u00a0\u00a0\u00a0\u00a0\u00a0\u00a0\u00a0\u00a0\u00a0\u00a0\u00a0\u00a0\u00a0\u00a0\u00a0\u00a0\u00a0\u00a0\u00a0\u00a0\u00a0\u00a0\u00a0\u00a0\u00a0\u00a0\u00a0\u00a0\u00a0\u00a0\u00a0\u00a0\u00a0\u00a0\u00a0\u00a0\u00a0\u00a0\u00a0\u00a0\u00a0\u00a0 Segretario Generale<\/div>\n<div>\u00a0\u00a0\u00a0\u00a0\u00a0\u00a0\u00a0\u00a0\u00a0\u00a0\u00a0\u00a0 \u00a0\u00a0\u00a0\u00a0\u00a0\u00a0\u00a0\u00a0\u00a0\u00a0\u00a0\u00a0\u00a0\u00a0\u00a0\u00a0\u00a0\u00a0\u00a0\u00a0\u00a0\u00a0\u00a0\u00a0\u00a0\u00a0\u00a0\u00a0\u00a0\u00a0\u00a0\u00a0\u00a0\u00a0\u00a0\u00a0\u00a0\u00a0\u00a0\u00a0\u00a0\u00a0\u00a0\u00a0\u00a0 \u00a0<\/div>\n<div><b>\u00a0<\/b><\/div>\n<div>\u00a0<\/div>\n<div>\u00a0<\/div>\n<div>P.S.<\/div>\n<div>&#8211; per comunicare le adesioni ai gruppi di studio e per confermare la partecipazione all\u2019incontro del 9 aprile, indirizzare una mai a Silvano Pintus, responsabile della Segreteria della CRAL: <b><i>silvano.pintus@virgilio.it<\/i> \u2013 Tf. 0935\/20141<\/b> \u00a0\u00a0\u00a0\u00a0\u00a0\u00a0<\/div>\n<div>&#8211; per chi lo desidera \u00e8 possibile pranzare presso l\u2019Oasi Francescana prenotandosi per tempo. Il costo \u00e8 di \u20ac 16,00.<\/div>\n<\/div>\n","protected":false},"excerpt":{"rendered":"<p>E\u2019 convocata per sabato 11 Dicembre 2010 l\u2019Assemblea generale della CRAL, Consulta regionale delle Aggregazioni laicali. L\u2019appuntamento \u00e8 a Pergusa, nell\u2019Oasi francescana. Nel corso dei lavori, sono previsti diversi gruppi di studi, suddivisi in base a differenti tematiche.<\/p>\n","protected":false},"author":1,"featured_media":0,"comment_status":"open","ping_status":"open","sticky":false,"template":"","format":"standard","meta":[],"categories":[1],"tags":[],"news-destination":[],"news-source":[],"is_homepage":[],"ta_other":[],"_links":{"self":[{"href":"https:\/\/www.chiesedisicilia.org\/chiesedisicilia\/news\/wp-json\/wp\/v2\/posts\/7298"}],"collection":[{"href":"https:\/\/www.chiesedisicilia.org\/chiesedisicilia\/news\/wp-json\/wp\/v2\/posts"}],"about":[{"href":"https:\/\/www.chiesedisicilia.org\/chiesedisicilia\/news\/wp-json\/wp\/v2\/types\/post"}],"author":[{"embeddable":true,"href":"https:\/\/www.chiesedisicilia.org\/chiesedisicilia\/news\/wp-json\/wp\/v2\/users\/1"}],"replies":[{"embeddable":true,"href":"https:\/\/www.chiesedisicilia.org\/chiesedisicilia\/news\/wp-json\/wp\/v2\/comments?post=7298"}],"version-history":[{"count":1,"href":"https:\/\/www.chiesedisicilia.org\/chiesedisicilia\/news\/wp-json\/wp\/v2\/posts\/7298\/revisions"}],"predecessor-version":[{"id":23661,"href":"https:\/\/www.chiesedisicilia.org\/chiesedisicilia\/news\/wp-json\/wp\/v2\/posts\/7298\/revisions\/23661"}],"wp:attachment":[{"href":"https:\/\/www.chiesedisicilia.org\/chiesedisicilia\/news\/wp-json\/wp\/v2\/media?parent=7298"}],"wp:term":[{"taxonomy":"category","embeddable":true,"href":"https:\/\/www.chiesedisicilia.org\/chiesedisicilia\/news\/wp-json\/wp\/v2\/categories?post=7298"},{"taxonomy":"post_tag","embeddable":true,"href":"https:\/\/www.chiesedisicilia.org\/chiesedisicilia\/news\/wp-json\/wp\/v2\/tags?post=7298"},{"taxonomy":"news-destination","embeddable":true,"href":"https:\/\/www.chiesedisicilia.org\/chiesedisicilia\/news\/wp-json\/wp\/v2\/news-destination?post=7298"},{"taxonomy":"news-source","embeddable":true,"href":"https:\/\/www.chiesedisicilia.org\/chiesedisicilia\/news\/wp-json\/wp\/v2\/news-source?post=7298"},{"taxonomy":"is_homepage","embeddable":true,"href":"https:\/\/www.chiesedisicilia.org\/chiesedisicilia\/news\/wp-json\/wp\/v2\/is_homepage?post=7298"},{"taxonomy":"ta_other","embeddable":true,"href":"https:\/\/www.chiesedisicilia.org\/chiesedisicilia\/news\/wp-json\/wp\/v2\/ta_other?post=7298"}],"curies":[{"name":"wp","href":"https:\/\/api.w.org\/{rel}","templated":true}]}}