{"id":7252,"date":"2015-01-29T22:35:00","date_gmt":"2015-01-29T21:35:00","guid":{"rendered":"http:\/\/wptestsite.tecnavia.com\/chiesedisicilia_clientsite\/news\/2015\/01\/29\/movimento-lavoratori-di-azione-cattolica-generazione-di-idee\/"},"modified":"2018-11-16T11:45:41","modified_gmt":"2018-01-20T11:45:41","slug":"movimento-lavoratori-di-azione-cattolica-generazione-di-idee","status":"publish","type":"post","link":"https:\/\/www.chiesedisicilia.org\/2015\/01\/29\/movimento-lavoratori-di-azione-cattolica-generazione-di-idee\/","title":{"rendered":"MOVIMENTO LAVORATORI DI AZIONE CATTOLICA. \u201cGenerAzione di idee\u201d"},"content":{"rendered":"<div><span style=\"font-size: medium;\"><span style=\"font-family: 'Times New Roman';\"><strong><span style=\"color: rgb(51, 51, 51); border: 1pt none windowtext; padding: 0cm; font-weight: normal;\">Sono 24 i progetti presentati all\u2019edizione 2015 del <\/span><\/strong><strong><span style=\"color: rgb(51, 51, 51); border: 1pt none windowtext; padding: 0cm;\"><a href=\"http:\/\/mlac.azionecattolica.it\/generazione-di-idee\">Concorso di idee per il lavoro e la pastorale \u201cGenerAzione di idee\u201d<\/a><\/span><\/strong><strong><span style=\"color: rgb(51, 51, 51); border: 1pt none windowtext; padding: 0cm; font-weight: normal;\">. L\u2019iniziativa \u00e8 promossa dal Movimento lavoratori di Azione Cattolica (Mlac), con Caritas Italiana (Area promozione umana) e l\u2019Ufficio nazionale per i Problemi sociali e del Lavoro con la segreteria nazionale del Progetto Policoro.<\/span><\/strong><\/span><\/span><strong><span style=\"font-size:12.0pt;color:#333333;border:none windowtext 1.0pt;mso-border-alt:\nnone windowtext 0cm;padding:0cm;font-weight:normal;mso-bidi-font-weight:bold\"><o:p><\/o:p><\/span><\/strong><\/div>\n<div><span style=\"font-size: medium;\"><span style=\"font-family: 'Times New Roman';\"><strong><span style=\"color: rgb(51, 51, 51); border: 1pt none windowtext; padding: 0cm; font-weight: normal;\">Ogni progetto \u00e8 il racconto di una comunit\u00e0 e del suo territorio, con le difficolt\u00e0 e le risorse. Sono tre i Progetti presentati dal Mlac di Sicilia, di cui \u00e8 segretario regionale Giuseppe Mazza, della Diocesi di Caltanissetta. Ed \u00e8 proprio da Caltanissetta che parte \u201cIntrecci di speranza tra l\u2019uomo e il Creato\u201d; da Catania \u201cL\u2019orto del samaritano\u201d; da Monreale \u201cWorking on the web\u201d. [01]<\/span><\/strong><\/span><\/span><strong><span style=\"font-size:12.0pt;color:#333333;\nborder:none windowtext 1.0pt;mso-border-alt:none windowtext 0cm;padding:0cm;\nfont-weight:normal;mso-bidi-font-weight:bold\"><o:p><\/o:p><\/span><\/strong><\/div>\n","protected":false},"excerpt":{"rendered":"","protected":false},"author":1,"featured_media":0,"comment_status":"open","ping_status":"open","sticky":false,"template":"","format":"standard","meta":[],"categories":[1],"tags":[],"news-destination":[],"news-source":[],"is_homepage":[],"ta_other":[],"_links":{"self":[{"href":"https:\/\/www.chiesedisicilia.org\/chiesedisicilia\/news\/wp-json\/wp\/v2\/posts\/7252"}],"collection":[{"href":"https:\/\/www.chiesedisicilia.org\/chiesedisicilia\/news\/wp-json\/wp\/v2\/posts"}],"about":[{"href":"https:\/\/www.chiesedisicilia.org\/chiesedisicilia\/news\/wp-json\/wp\/v2\/types\/post"}],"author":[{"embeddable":true,"href":"https:\/\/www.chiesedisicilia.org\/chiesedisicilia\/news\/wp-json\/wp\/v2\/users\/1"}],"replies":[{"embeddable":true,"href":"https:\/\/www.chiesedisicilia.org\/chiesedisicilia\/news\/wp-json\/wp\/v2\/comments?post=7252"}],"version-history":[{"count":1,"href":"https:\/\/www.chiesedisicilia.org\/chiesedisicilia\/news\/wp-json\/wp\/v2\/posts\/7252\/revisions"}],"predecessor-version":[{"id":23616,"href":"https:\/\/www.chiesedisicilia.org\/chiesedisicilia\/news\/wp-json\/wp\/v2\/posts\/7252\/revisions\/23616"}],"wp:attachment":[{"href":"https:\/\/www.chiesedisicilia.org\/chiesedisicilia\/news\/wp-json\/wp\/v2\/media?parent=7252"}],"wp:term":[{"taxonomy":"category","embeddable":true,"href":"https:\/\/www.chiesedisicilia.org\/chiesedisicilia\/news\/wp-json\/wp\/v2\/categories?post=7252"},{"taxonomy":"post_tag","embeddable":true,"href":"https:\/\/www.chiesedisicilia.org\/chiesedisicilia\/news\/wp-json\/wp\/v2\/tags?post=7252"},{"taxonomy":"news-destination","embeddable":true,"href":"https:\/\/www.chiesedisicilia.org\/chiesedisicilia\/news\/wp-json\/wp\/v2\/news-destination?post=7252"},{"taxonomy":"news-source","embeddable":true,"href":"https:\/\/www.chiesedisicilia.org\/chiesedisicilia\/news\/wp-json\/wp\/v2\/news-source?post=7252"},{"taxonomy":"is_homepage","embeddable":true,"href":"https:\/\/www.chiesedisicilia.org\/chiesedisicilia\/news\/wp-json\/wp\/v2\/is_homepage?post=7252"},{"taxonomy":"ta_other","embeddable":true,"href":"https:\/\/www.chiesedisicilia.org\/chiesedisicilia\/news\/wp-json\/wp\/v2\/ta_other?post=7252"}],"curies":[{"name":"wp","href":"https:\/\/api.w.org\/{rel}","templated":true}]}}