{"id":7245,"date":"2015-02-25T16:17:00","date_gmt":"2015-02-25T15:17:00","guid":{"rendered":"http:\/\/wptestsite.tecnavia.com\/chiesedisicilia_clientsite\/news\/2015\/02\/25\/aggregazioni-laicali-progetto-tavolo-della-fraternita-politica\/"},"modified":"2018-11-16T11:45:40","modified_gmt":"2018-01-20T11:45:40","slug":"aggregazioni-laicali-progetto-tavolo-della-fraternita-politica","status":"publish","type":"post","link":"https:\/\/www.chiesedisicilia.org\/2015\/02\/25\/aggregazioni-laicali-progetto-tavolo-della-fraternita-politica\/","title":{"rendered":"AGGREGAZIONI LAICALI. \u201cProgetto Tavolo della fraternit\u00e0 politica\u201d"},"content":{"rendered":"<div><span style=\"font-size:12.0pt;font-family:\" times=\"\" new=\"\"><span style=\"font-size: medium;\"><span style=\"font-family: 'Times New Roman';\">Un numero sempre maggiore di associazioni e movimenti regionali scelgono di aderire e dare attuazione al <a href=\"\/chiese_di_sicilia\/organismi_collegati\/00003968_AGGREGAZIONI_LAICALI___La_Sicilia_non_crescera_se_non_insieme_.html\">Progetto &#8220;Tavolo della Fraternit\u00e0 politica&#8221;<\/a>,\u00a0<span style=\"background-image: initial; background-attachment: initial; background-size: initial; background-origin: initial; background-clip: initial; background-position: initial; background-repeat: initial;\">stilato dalla Consulta regionale per le Aggregazioni laicali<\/span>. E non solo: sono gi\u00e0 10 su 15 le Consulte diocesane delle Chiese dell&#8217;isola per le quali &#8220;<span style=\"background-image: initial; background-attachment: initial; background-size: initial; background-origin: initial; background-clip: initial; background-position: initial; background-repeat: initial;\">La Sicilia non crescer\u00e0 se non insieme\u201d. Ad essersi riunite ed aver sposato l&#8217;idea sono state le Cdal di <\/span>\u00a0Palermo, Trapani, Mazara, Monreale, Catania, Acireale, Noto, Caltanissetta, Patti e Nicosia. Per tutte \u00e8 necessario &#8220;f<span style=\"background-image: initial; background-attachment: initial; background-size: initial; background-origin: initial; background-clip: initial; background-position: initial; background-repeat: initial;\">avorire, in tutta la realt\u00e0 del laicato delle Chiese di Sicilia, l\u2019esperienza pratica di una cultura della corresponsabilit\u00e0 e della condivisione\u201d.<\/span><\/span><\/span><span style=\"background-image: initial; background-attachment: initial; background-size: initial; background-origin: initial; background-clip: initial; background-position: initial; background-repeat: initial;\"><o:p><\/o:p><\/span><\/span><\/div>\n<div><span style=\"font-size: medium;\"><span style=\"font-family: 'Times New Roman';\"><span style=\"background-image: initial; background-attachment: initial; background-size: initial; background-origin: initial; background-clip: initial; background-position: initial; background-repeat: initial;\">Il Tavolo della Fraternit\u00e0 politica si pone come \u201cluogo laico nel quale esercitare il dialogo con le Istituzioni politiche e civili su questioni sensibili della vita politica regionale e locale e uno strumento di partecipazione democratica alle dinamiche di formazione delle decisioni\u201d.<\/span> <\/span><\/span><o:p><\/o:p><\/div>\n<div><span style=\"font-size: medium;\"><span style=\"font-family: 'Times New Roman';\">Nel declinare operativamente le fasi di organizzazione, realizzazione e articolazione del Progetto, dopo la gi\u00e0 avvenuta valutazione ed eventuale adesione al Progetto, si \u00e8 ora alla seconda fase: entro il 31 marzo 2015<\/span><\/span><span style=\"font-size:12.0pt;font-family:\" times=\"\" new=\"\"><u1:p><\/u1:p><span style=\"font-size: medium;\"><span style=\"font-family: 'Times New Roman';\"> il Direttivo della CRAL riunir\u00e0 e incontrer\u00e0 in assemblea congiunta le CDAL delle Diocesi che fanno parte della medesima Metropolia e i responsabili regionali delle aggregazioni laicali residenti nei rispettivi territori.<\/span><\/span><o:p><\/o:p><\/span><\/div>\n<div><span style=\"font-size: medium;\"><span style=\"font-family: 'Times New Roman';\">&#8220;In un momento storico di crisi dei valori e della rappresentanza politica &#8211; si legge nel Piano attuativo del Progetto, definito &#8220;esperienza di umanesimo nuovo&#8221; &#8211; attraverso il Tavolo siamo chiamati a prenderci cura dell\u2019interesse generale e dunque ad assumere un rilievo politico perch\u00e9 la cura del bene comune diventi una responsabilit\u00e0 diffusa nel corpo sociale. Nel Tavolo &#8211; prosegue il documento &#8211; si prover\u00e0 ad affrontare specifici temi invitando tecnici, confrontando documenti e incontrando i rappresentanti delle Istituzioni politiche e civili di riferimento. Ci\u00f2 che caratterizza il Tavolo \u00e8 il rispetto delle idee e dei ruoli di ognuno, ricordando che la convivialit\u00e0 delle differenze, se amata e rispettata, arricchisce i concetti di bene comune e di unit\u00e0 del corpo sociale<span style=\"background-image: initial; background-attachment: initial; background-size: initial; background-origin: initial; background-clip: initial; background-position: initial; background-repeat: initial;\"> [01]<\/span><\/span><\/span><span style=\"font-size:12.0pt;font-family:\" times=\"\" new=\"\"><o:p><\/o:p><\/span><\/div>\n","protected":false},"excerpt":{"rendered":"","protected":false},"author":1,"featured_media":0,"comment_status":"open","ping_status":"open","sticky":false,"template":"","format":"standard","meta":[],"categories":[1],"tags":[],"news-destination":[],"news-source":[],"is_homepage":[],"ta_other":[],"_links":{"self":[{"href":"https:\/\/www.chiesedisicilia.org\/chiesedisicilia\/news\/wp-json\/wp\/v2\/posts\/7245"}],"collection":[{"href":"https:\/\/www.chiesedisicilia.org\/chiesedisicilia\/news\/wp-json\/wp\/v2\/posts"}],"about":[{"href":"https:\/\/www.chiesedisicilia.org\/chiesedisicilia\/news\/wp-json\/wp\/v2\/types\/post"}],"author":[{"embeddable":true,"href":"https:\/\/www.chiesedisicilia.org\/chiesedisicilia\/news\/wp-json\/wp\/v2\/users\/1"}],"replies":[{"embeddable":true,"href":"https:\/\/www.chiesedisicilia.org\/chiesedisicilia\/news\/wp-json\/wp\/v2\/comments?post=7245"}],"version-history":[{"count":1,"href":"https:\/\/www.chiesedisicilia.org\/chiesedisicilia\/news\/wp-json\/wp\/v2\/posts\/7245\/revisions"}],"predecessor-version":[{"id":23591,"href":"https:\/\/www.chiesedisicilia.org\/chiesedisicilia\/news\/wp-json\/wp\/v2\/posts\/7245\/revisions\/23591"}],"wp:attachment":[{"href":"https:\/\/www.chiesedisicilia.org\/chiesedisicilia\/news\/wp-json\/wp\/v2\/media?parent=7245"}],"wp:term":[{"taxonomy":"category","embeddable":true,"href":"https:\/\/www.chiesedisicilia.org\/chiesedisicilia\/news\/wp-json\/wp\/v2\/categories?post=7245"},{"taxonomy":"post_tag","embeddable":true,"href":"https:\/\/www.chiesedisicilia.org\/chiesedisicilia\/news\/wp-json\/wp\/v2\/tags?post=7245"},{"taxonomy":"news-destination","embeddable":true,"href":"https:\/\/www.chiesedisicilia.org\/chiesedisicilia\/news\/wp-json\/wp\/v2\/news-destination?post=7245"},{"taxonomy":"news-source","embeddable":true,"href":"https:\/\/www.chiesedisicilia.org\/chiesedisicilia\/news\/wp-json\/wp\/v2\/news-source?post=7245"},{"taxonomy":"is_homepage","embeddable":true,"href":"https:\/\/www.chiesedisicilia.org\/chiesedisicilia\/news\/wp-json\/wp\/v2\/is_homepage?post=7245"},{"taxonomy":"ta_other","embeddable":true,"href":"https:\/\/www.chiesedisicilia.org\/chiesedisicilia\/news\/wp-json\/wp\/v2\/ta_other?post=7245"}],"curies":[{"name":"wp","href":"https:\/\/api.w.org\/{rel}","templated":true}]}}