{"id":7201,"date":"2016-05-13T10:17:00","date_gmt":"2016-05-13T08:17:00","guid":{"rendered":"http:\/\/wptestsite.tecnavia.com\/chiesedisicilia_clientsite\/news\/2016\/05\/13\/azione-cattolica-mons-mogavero-siate-chiesa-col-grembiule\/"},"modified":"2018-11-16T11:45:40","modified_gmt":"2018-01-20T11:45:40","slug":"azione-cattolica-mons-mogavero-siate-chiesa-col-grembiule","status":"publish","type":"post","link":"https:\/\/www.chiesedisicilia.org\/2016\/05\/13\/azione-cattolica-mons-mogavero-siate-chiesa-col-grembiule\/","title":{"rendered":"AZIONE CATTOLICA. MONS. MOGAVERO: &#8220;SIATE CHIESA COL GREMBIULE&#8221;"},"content":{"rendered":"<div><span style=\"font-size: 12pt; font-family: 'Times New Roman', serif; background-image: initial; background-attachment: initial; background-size: initial; background-origin: initial; background-clip: initial; background-position: initial; background-repeat: initial;\"><span style=\"font-size: medium;\"><span style=\"font-family: 'Times New Roman';\">La delegazione regionale dell&#8217;Azione Cattolica continua il suo cammino di incontro con le Chiese diocesane. A Mazara del Vallo la Presidenza regionale ha vissuto un momento di scambio e confronto con il vescovo mons. Domenico Mogavero e il Consiglio pastorale. Il presule, riprendendo\u00a0 la &#8220;lettera all&#8217;Ac&#8221; consegnata ai presidenti parrocchiali nel corso dell&#8217;evento regionale celebrato ad Agrigento lo scorso febbraio, si \u00e8 soffermato sulla necessit\u00e0 della condivisione tra pastori e laicato. &#8220;Mazara \u00e8 alla periferia dell&#8217;Isola &#8211; ha detto mons. Mogavero &#8211; ma al centro del Mediterraneo. Abbiamo un rapporto speciale con Libia, Marocco e Mauritania, nazioni di Chiese del Magreb, a cui Mazara si affaccia e alle quali guarda come Chiese vivaci, attente al territorio, Chiese &#8216;col grembiule&#8217; che annunciano il Vangelo in modo efficace\u00a0 e credibile, servendo gente che per la massima parte \u00e8 musulmana. Inserirsi in questo &#8216;clima mediterraneo&#8217;, lavorare per garantire la presenza nel territorio e lo sviluppo di un dialogo sempre pi\u00f9 aperto e fecondo\u00a0 \u00e8 quello che viene chiesto alla vostra associazione&#8221;. [01]<\/span><\/span><o:p><\/o:p><\/span><\/div>\n","protected":false},"excerpt":{"rendered":"","protected":false},"author":1,"featured_media":0,"comment_status":"open","ping_status":"open","sticky":false,"template":"","format":"standard","meta":[],"categories":[1],"tags":[],"news-destination":[],"news-source":[],"is_homepage":[],"ta_other":[],"_links":{"self":[{"href":"https:\/\/www.chiesedisicilia.org\/chiesedisicilia\/news\/wp-json\/wp\/v2\/posts\/7201"}],"collection":[{"href":"https:\/\/www.chiesedisicilia.org\/chiesedisicilia\/news\/wp-json\/wp\/v2\/posts"}],"about":[{"href":"https:\/\/www.chiesedisicilia.org\/chiesedisicilia\/news\/wp-json\/wp\/v2\/types\/post"}],"author":[{"embeddable":true,"href":"https:\/\/www.chiesedisicilia.org\/chiesedisicilia\/news\/wp-json\/wp\/v2\/users\/1"}],"replies":[{"embeddable":true,"href":"https:\/\/www.chiesedisicilia.org\/chiesedisicilia\/news\/wp-json\/wp\/v2\/comments?post=7201"}],"version-history":[{"count":1,"href":"https:\/\/www.chiesedisicilia.org\/chiesedisicilia\/news\/wp-json\/wp\/v2\/posts\/7201\/revisions"}],"predecessor-version":[{"id":23548,"href":"https:\/\/www.chiesedisicilia.org\/chiesedisicilia\/news\/wp-json\/wp\/v2\/posts\/7201\/revisions\/23548"}],"wp:attachment":[{"href":"https:\/\/www.chiesedisicilia.org\/chiesedisicilia\/news\/wp-json\/wp\/v2\/media?parent=7201"}],"wp:term":[{"taxonomy":"category","embeddable":true,"href":"https:\/\/www.chiesedisicilia.org\/chiesedisicilia\/news\/wp-json\/wp\/v2\/categories?post=7201"},{"taxonomy":"post_tag","embeddable":true,"href":"https:\/\/www.chiesedisicilia.org\/chiesedisicilia\/news\/wp-json\/wp\/v2\/tags?post=7201"},{"taxonomy":"news-destination","embeddable":true,"href":"https:\/\/www.chiesedisicilia.org\/chiesedisicilia\/news\/wp-json\/wp\/v2\/news-destination?post=7201"},{"taxonomy":"news-source","embeddable":true,"href":"https:\/\/www.chiesedisicilia.org\/chiesedisicilia\/news\/wp-json\/wp\/v2\/news-source?post=7201"},{"taxonomy":"is_homepage","embeddable":true,"href":"https:\/\/www.chiesedisicilia.org\/chiesedisicilia\/news\/wp-json\/wp\/v2\/is_homepage?post=7201"},{"taxonomy":"ta_other","embeddable":true,"href":"https:\/\/www.chiesedisicilia.org\/chiesedisicilia\/news\/wp-json\/wp\/v2\/ta_other?post=7201"}],"curies":[{"name":"wp","href":"https:\/\/api.w.org\/{rel}","templated":true}]}}