{"id":7195,"date":"2016-10-20T13:34:00","date_gmt":"2016-10-20T11:34:00","guid":{"rendered":"http:\/\/wptestsite.tecnavia.com\/chiesedisicilia_clientsite\/news\/2016\/10\/20\/fedi-e-politica-autonomia-responsabile-o-sotterranea-connivenza\/"},"modified":"2018-11-16T11:45:40","modified_gmt":"2018-01-20T11:45:40","slug":"fedi-e-politica-autonomia-responsabile-o-sotterranea-connivenza","status":"publish","type":"post","link":"https:\/\/www.chiesedisicilia.org\/2016\/10\/20\/fedi-e-politica-autonomia-responsabile-o-sotterranea-connivenza\/","title":{"rendered":"\u201cFEDI E POLITICA: AUTONOMIA RESPONSABILE O SOTTERRANEA CONNIVENZA?\u201d"},"content":{"rendered":"<div>\u00a0<\/div>\n<div><span style=\"font-size:12.0pt;font-family:\" times=\"\" new=\"\"><span style=\"font-size: medium;\"><span style=\"font-family: \" times=\"\" new=\"\">Saranno mons. Vincenzo Manzella, vescovo di Cefal\u00f9, e mons. Corrado Lorefice, arcivescovo di Palermo, a dare il via alla quattro giorni che, da gioved\u00ec 17 a domenica 20 novembre 2016, vedr\u00e0 all\u2019hotel Costa Verde di Cefal\u00f9 i lavori del 16\u00b0 Convegno delle Comunit\u00e0 Missionarie del Vangelo. Appuntamento, organizzato e realizzato da Nino Trentacoste in collaborazione con la Pro Civitate Christiana di Assisi.<\/span><\/span><o:p><\/o:p><\/span><\/div>\n<div><span style=\"font-size: medium;\"><span style=\"font-family: \" times=\"\" new=\"\">Il tema generale \u201cFEDI E POLITICA\u00a0 &#8211;\u00a0 Autonomia responsabile o sotterranea connivenza?\u201d sar\u00e0 approfondito con le riflessioni dei numerosi illustri relatori e arricchito dal dibattito delle diverse centinaia di partecipanti provenienti da tutto il Paese.<\/span><\/span><span style=\"font-size:12.0pt;font-family:\" times=\"\" new=\"\"><o:p><\/o:p><\/span><span style=\"font-size: medium;\"><span style=\"font-family: \" times=\"\" new=\"\"><span style=\"letter-spacing: -0.05pt;\">Il tema-traccia di ogni giornata sar\u00e0 dato dal tema degli interventi: &#8220;Una nuova politica\u201d; \u201cQuali logiche nella complessit\u00e0?\u201d; \u201cGiustizia, persona umana, bene comune: dove siete ?\u201d; \u201cLa seduzione del potere\u201d.<\/span><\/span><\/span><span style=\"font-size:12.0pt;font-family:\" times=\"\" new=\"\"><o:p><\/o:p><\/span><span style=\"font-size: medium;\"><span style=\"font-family: \" times=\"\" new=\"\"><span style=\"background-image: initial; background-position: initial; background-size: initial; background-repeat: initial; background-attachment: initial; background-origin: initial; background-clip: initial;\">Saranno relatori nella quattro giorni: Luigi D\u2019Andrea, Rosella De Leonibus, Tonio Dell\u2019Olio, Giuseppe Lumia, Alberto Maggi, Carlo Molari, Marco Politi, Giuseppe Savagnone, Cosimo Scordato, Domenico Spatola, Nino Trentacoste, Sergio Valzania, Giuseppe Verde, Dario Vivian. [01]<\/span><\/span><\/span><span style=\"font-size:12.0pt;font-family:\" times=\"\" new=\"\"><o:p><\/o:p><\/span><\/div>\n","protected":false},"excerpt":{"rendered":"","protected":false},"author":1,"featured_media":0,"comment_status":"open","ping_status":"open","sticky":false,"template":"","format":"standard","meta":[],"categories":[1],"tags":[],"news-destination":[],"news-source":[],"is_homepage":[],"ta_other":[],"_links":{"self":[{"href":"https:\/\/www.chiesedisicilia.org\/chiesedisicilia\/news\/wp-json\/wp\/v2\/posts\/7195"}],"collection":[{"href":"https:\/\/www.chiesedisicilia.org\/chiesedisicilia\/news\/wp-json\/wp\/v2\/posts"}],"about":[{"href":"https:\/\/www.chiesedisicilia.org\/chiesedisicilia\/news\/wp-json\/wp\/v2\/types\/post"}],"author":[{"embeddable":true,"href":"https:\/\/www.chiesedisicilia.org\/chiesedisicilia\/news\/wp-json\/wp\/v2\/users\/1"}],"replies":[{"embeddable":true,"href":"https:\/\/www.chiesedisicilia.org\/chiesedisicilia\/news\/wp-json\/wp\/v2\/comments?post=7195"}],"version-history":[{"count":1,"href":"https:\/\/www.chiesedisicilia.org\/chiesedisicilia\/news\/wp-json\/wp\/v2\/posts\/7195\/revisions"}],"predecessor-version":[{"id":23547,"href":"https:\/\/www.chiesedisicilia.org\/chiesedisicilia\/news\/wp-json\/wp\/v2\/posts\/7195\/revisions\/23547"}],"wp:attachment":[{"href":"https:\/\/www.chiesedisicilia.org\/chiesedisicilia\/news\/wp-json\/wp\/v2\/media?parent=7195"}],"wp:term":[{"taxonomy":"category","embeddable":true,"href":"https:\/\/www.chiesedisicilia.org\/chiesedisicilia\/news\/wp-json\/wp\/v2\/categories?post=7195"},{"taxonomy":"post_tag","embeddable":true,"href":"https:\/\/www.chiesedisicilia.org\/chiesedisicilia\/news\/wp-json\/wp\/v2\/tags?post=7195"},{"taxonomy":"news-destination","embeddable":true,"href":"https:\/\/www.chiesedisicilia.org\/chiesedisicilia\/news\/wp-json\/wp\/v2\/news-destination?post=7195"},{"taxonomy":"news-source","embeddable":true,"href":"https:\/\/www.chiesedisicilia.org\/chiesedisicilia\/news\/wp-json\/wp\/v2\/news-source?post=7195"},{"taxonomy":"is_homepage","embeddable":true,"href":"https:\/\/www.chiesedisicilia.org\/chiesedisicilia\/news\/wp-json\/wp\/v2\/is_homepage?post=7195"},{"taxonomy":"ta_other","embeddable":true,"href":"https:\/\/www.chiesedisicilia.org\/chiesedisicilia\/news\/wp-json\/wp\/v2\/ta_other?post=7195"}],"curies":[{"name":"wp","href":"https:\/\/api.w.org\/{rel}","templated":true}]}}