{"id":7177,"date":"2017-10-06T10:47:00","date_gmt":"2017-10-06T08:47:00","guid":{"rendered":"http:\/\/wptestsite.tecnavia.com\/chiesedisicilia_clientsite\/news\/2017\/10\/06\/forum-associazioni-familiari-elezioni-regionali-faccia-a-faccia-tra-i-candidati-governatore\/"},"modified":"2018-11-16T11:45:41","modified_gmt":"2018-01-20T11:45:41","slug":"forum-associazioni-familiari-elezioni-regionali-faccia-a-faccia-tra-i-candidati-governatore","status":"publish","type":"post","link":"https:\/\/www.chiesedisicilia.org\/2017\/10\/06\/forum-associazioni-familiari-elezioni-regionali-faccia-a-faccia-tra-i-candidati-governatore\/","title":{"rendered":"FORUM ASSOCIAZIONI FAMILIARI. ELEZIONI REGIONALI: FACCIA A FACCIA TRA I CANDIDATI GOVERNATORE"},"content":{"rendered":"<div><span style=\"font-family: \"Times New Roman\";\"><span style=\"font-size: 12pt;\" times=\"\" new=\"\"><span style=\"font-size: medium;\"><span times=\"\" new=\"\">Il Forum delle Associazioni familiari della Sicilia ha organizzato un incontro-confronto pubblico tra i candidati alla carica di Presidente della Regione Sicilia. L\u2019appuntamento si terr\u00e0 a Caltanissetta, sabato 14 ottobre 2017, alle ore 10, presso il Centro culturale polivalente \u201cMichele Abbate\u201d.<\/span><\/span><\/span><\/span><span style=\"font-size: 12pt; font-family: \" times=\"\" new=\"\"><o:p><\/o:p><\/span><\/div>\n<div><span style=\"font-family: \"Times New Roman\";\"><span style=\"font-size: medium;\"><span times=\"\" new=\"\">Il faccia a faccia in vista delle elezioni regionali del prossimo 5 novembre \u00e8 promosso allo scopo di far conoscere ai cittadini i programmi politici di ciascun aspirante governatore rispetto alle \u201cvarie problematiche che affliggono la Sicilia\u201d.<\/span><\/span><\/span><\/div>\n<div><span style=\"font-family: \"Times New Roman\";\"><span style=\"font-size: medium;\"><span times=\"\" new=\"\">Il dibattito seguir\u00e0 regole precise volte ad assicurare un confronto serio, proficuo e alla pari: saranno, ad esempio, posti a ciascuno gli stessi quesiti e saranno concessi gli stessi tempi di risposta.<\/span><\/span><\/span><span style=\"font-size: 12pt; font-family: \" times=\"\" new=\"\"><o:p><\/o:p><\/span><\/div>\n<div><span style=\"font-family: \"Times New Roman\";\"><span style=\"font-size: medium;\"><span times=\"\" new=\"\">L\u2019importanza e la necessit\u00e0 di \u201cpromuovere incontri nel territorio per offrire agli elettori luoghi di confronto con i candidati all\u2019Assemblea Regionale Siciliana e con i candidati alla Presidenza\u201d era stata al centro anche di una <\/span><\/span><\/span><span style=\"font-size: medium;\"><span style=\"font-family: \" times=\"\" new=\"\"><a href=\"\/cesi\/allegati\/6056\/CESI.%20Comunicato%20finale%20settembre%202017.pdf\"><span style=\"font-family: \"Times New Roman\";\">nota dei Vescovi di Sicilia<\/span><\/a><span style=\"font-family: \"Times New Roman\";\"> al termine della <\/span><a href=\"\/chiese_di_sicilia\/ufficio_stampa\/00006056_NUOVA_PRESIDENZA__NUOVE_DELEGHE_E_UN_APPELLO_IN_VISTA_DELLE_ELEZIONI.html\"><span style=\"font-family: \"Times New Roman\";\">Sessione autunnale di lavori della CESi<\/span><\/a><\/span><span style=\"font-family: \"Times New Roman\";\"><span times=\"\" new=\"\"> (Caltagirone, 20 \u2013 21 settembre 2017). I presuli, intervenendo sulle prossime elezioni regionali, hanno chiesto, infatti, \u201cun confronto sull\u2019istruzione e sulla formazione professionale, sull\u2019accoglienza e integrazione degli immigrati, sul patrimonio turistico e culturale dell\u2019Isola, sul sostegno alla famiglia, sull&#8217;inclusione sociale e la lotta alla povert\u00e0, sulla gestione della sanit\u00e0 regionale\u201d. L\u2019auspicio \u00e8 quello ad \u201cuna competizione elettorale corretta e leale, attenta ai problemi concreti della gente e non preoccupata del successo di parte e dell&#8217;occupazione dei posti di potere\u201d, perch\u00e9 \u201cla Sicilia non pu\u00f2 pi\u00f9 aspettare e grava su tutti la responsabilit\u00e0 di elaborare soluzioni praticabili ed efficaci nel superiore interesse dei cittadini e dei poveri e degli ultimi in modo prioritario\u201d. [01]<\/span><\/span><\/span><span style=\"font-size:12.0pt;font-family:\" times=\"\" new=\"\"><o:p><\/o:p><\/span><\/div>\n","protected":false},"excerpt":{"rendered":"","protected":false},"author":1,"featured_media":0,"comment_status":"open","ping_status":"open","sticky":false,"template":"","format":"standard","meta":[],"categories":[1],"tags":[],"news-destination":[],"news-source":[],"is_homepage":[],"ta_other":[],"_links":{"self":[{"href":"https:\/\/www.chiesedisicilia.org\/chiesedisicilia\/news\/wp-json\/wp\/v2\/posts\/7177"}],"collection":[{"href":"https:\/\/www.chiesedisicilia.org\/chiesedisicilia\/news\/wp-json\/wp\/v2\/posts"}],"about":[{"href":"https:\/\/www.chiesedisicilia.org\/chiesedisicilia\/news\/wp-json\/wp\/v2\/types\/post"}],"author":[{"embeddable":true,"href":"https:\/\/www.chiesedisicilia.org\/chiesedisicilia\/news\/wp-json\/wp\/v2\/users\/1"}],"replies":[{"embeddable":true,"href":"https:\/\/www.chiesedisicilia.org\/chiesedisicilia\/news\/wp-json\/wp\/v2\/comments?post=7177"}],"version-history":[{"count":1,"href":"https:\/\/www.chiesedisicilia.org\/chiesedisicilia\/news\/wp-json\/wp\/v2\/posts\/7177\/revisions"}],"predecessor-version":[{"id":23598,"href":"https:\/\/www.chiesedisicilia.org\/chiesedisicilia\/news\/wp-json\/wp\/v2\/posts\/7177\/revisions\/23598"}],"wp:attachment":[{"href":"https:\/\/www.chiesedisicilia.org\/chiesedisicilia\/news\/wp-json\/wp\/v2\/media?parent=7177"}],"wp:term":[{"taxonomy":"category","embeddable":true,"href":"https:\/\/www.chiesedisicilia.org\/chiesedisicilia\/news\/wp-json\/wp\/v2\/categories?post=7177"},{"taxonomy":"post_tag","embeddable":true,"href":"https:\/\/www.chiesedisicilia.org\/chiesedisicilia\/news\/wp-json\/wp\/v2\/tags?post=7177"},{"taxonomy":"news-destination","embeddable":true,"href":"https:\/\/www.chiesedisicilia.org\/chiesedisicilia\/news\/wp-json\/wp\/v2\/news-destination?post=7177"},{"taxonomy":"news-source","embeddable":true,"href":"https:\/\/www.chiesedisicilia.org\/chiesedisicilia\/news\/wp-json\/wp\/v2\/news-source?post=7177"},{"taxonomy":"is_homepage","embeddable":true,"href":"https:\/\/www.chiesedisicilia.org\/chiesedisicilia\/news\/wp-json\/wp\/v2\/is_homepage?post=7177"},{"taxonomy":"ta_other","embeddable":true,"href":"https:\/\/www.chiesedisicilia.org\/chiesedisicilia\/news\/wp-json\/wp\/v2\/ta_other?post=7177"}],"curies":[{"name":"wp","href":"https:\/\/api.w.org\/{rel}","templated":true}]}}