{"id":7176,"date":"2017-10-11T09:20:00","date_gmt":"2017-10-11T07:20:00","guid":{"rendered":"http:\/\/wptestsite.tecnavia.com\/chiesedisicilia_clientsite\/news\/2017\/10\/11\/ucid-un-patto-etico-per-salvaguardare-posti-di-lavoro-nellindustria-4-0\/"},"modified":"2018-11-16T11:45:41","modified_gmt":"2018-01-20T11:45:41","slug":"ucid-un-patto-etico-per-salvaguardare-posti-di-lavoro-nellindustria-4-0","status":"publish","type":"post","link":"https:\/\/www.chiesedisicilia.org\/2017\/10\/11\/ucid-un-patto-etico-per-salvaguardare-posti-di-lavoro-nellindustria-4-0\/","title":{"rendered":"UCID. Un patto etico per salvaguardare posti di lavoro nell\u2019industria 4.0"},"content":{"rendered":"<div>\n<div><span style=\"font-size: medium;\"><span style=\"font-family: \"Times New Roman\";\">&#8220;Possiamo ipotizzare che robot e intelligenza artificiale diventino per le prossime generazioni ci\u00f2 che i personal computer ed internet sono stati per chi \u00e8 cresciuto tra gli anni Ottanta e Novanta del Novecento? Societ\u00e0, mondo dell\u2019impresa e dell\u2019industria si trovano davanti a nuove sfide del nostro tempo. Robot e intelligenza artificiale sono opportunit\u00e0 o rappresentano dei rischi anche per l\u2019occupazione? E in che modo una classe dirigente attenta ai valori di qualit\u00e0, volont\u00e0 ed eticit\u00e0 pu\u00f2 gestire questi nuovi processi di sviluppo?&#8221;. Sono alcune delle domande sulle quale rifletteranno e si confronteranno i partecipanti alla Giornata dell\u2019Imprenditore siciliano che si terr\u00e0 a Palermo il 14 ottobre. A partire dalle ore 9.00, presso la sede di Fondazione Sicilia, a Villa Zito, l&#8217;appuntamento e l&#8217;occasione per raccontare storie ed esperienze virtuose del Paese. L&#8217;iniziativa porta la firma dell&#8217;Ucid, Unione cristiana Imprenditori dirigenti, che festeggia l\u2019anniversario dei 70 anni dalla fondazione dell\u2019associazione, coeva alla nascita della Costituzione. Per Massimo Maniscalco, presidente di UCID Gruppo Sicilia, \u201cSiamo all\u2019interno di percorso rivoluzionario, la Quarta rivoluzione industriale, che avr\u00e0 lo stesso peso storico di quelle del vapore, dell\u2019elettricit\u00e0 e dell\u2019elettronica. Di fronte a ci\u00f2 che accade occorre pensare che \u2018il fare\u2019, se non sorretto da valori, non porta alcunch\u00e9 di positivo. per questo &#8211; aggiunge &#8211; riteniamo indispensabile una Grande Rivoluzione Etica 4.0 da affiancare in modo strutturale ad Industria 4.0&#8243;. Un patto etico, insomma, &#8220;per salvaguardare i posti di lavoro e la dignit\u00e0 dei lavoratori\u201d. All\u2019incontro interverranno, tra gli altri: Riccardo Ghidella, presidente nazionale Ucid; Corrado Vergara, ordinario di Economia aziendale all\u2019Universit\u00e0 degli Studi di Palermo; Salvatore La Rosa, gi\u00e0 ordinario di Controllo e gestione della qualit\u00e0 all\u2019Universit\u00e0 di Palermo; Lucia Gazzotti, presidente di Center Gros di Argelato (Bologna); Massimo Villari, docente di Laboratorio di Informatica presso la facolt\u00e0 di Ingegneria dell\u2019Universit\u00e0 di Messina; Adriano Vincenzi , vice assistente spirituale Ucid.<\/span><\/span><\/div>\n<div><span style=\"font-size: medium;\"><span style=\"font-family: \"Times New Roman\";\">Modera l\u2019incontro Salvatore Cusimano, direttore della sede RAI di Palermo. [01]<\/span><\/span><\/div>\n<\/div>\n","protected":false},"excerpt":{"rendered":"","protected":false},"author":1,"featured_media":0,"comment_status":"open","ping_status":"open","sticky":false,"template":"","format":"standard","meta":[],"categories":[1],"tags":[],"news-destination":[],"news-source":[],"is_homepage":[],"ta_other":[],"_links":{"self":[{"href":"https:\/\/www.chiesedisicilia.org\/chiesedisicilia\/news\/wp-json\/wp\/v2\/posts\/7176"}],"collection":[{"href":"https:\/\/www.chiesedisicilia.org\/chiesedisicilia\/news\/wp-json\/wp\/v2\/posts"}],"about":[{"href":"https:\/\/www.chiesedisicilia.org\/chiesedisicilia\/news\/wp-json\/wp\/v2\/types\/post"}],"author":[{"embeddable":true,"href":"https:\/\/www.chiesedisicilia.org\/chiesedisicilia\/news\/wp-json\/wp\/v2\/users\/1"}],"replies":[{"embeddable":true,"href":"https:\/\/www.chiesedisicilia.org\/chiesedisicilia\/news\/wp-json\/wp\/v2\/comments?post=7176"}],"version-history":[{"count":1,"href":"https:\/\/www.chiesedisicilia.org\/chiesedisicilia\/news\/wp-json\/wp\/v2\/posts\/7176\/revisions"}],"predecessor-version":[{"id":23597,"href":"https:\/\/www.chiesedisicilia.org\/chiesedisicilia\/news\/wp-json\/wp\/v2\/posts\/7176\/revisions\/23597"}],"wp:attachment":[{"href":"https:\/\/www.chiesedisicilia.org\/chiesedisicilia\/news\/wp-json\/wp\/v2\/media?parent=7176"}],"wp:term":[{"taxonomy":"category","embeddable":true,"href":"https:\/\/www.chiesedisicilia.org\/chiesedisicilia\/news\/wp-json\/wp\/v2\/categories?post=7176"},{"taxonomy":"post_tag","embeddable":true,"href":"https:\/\/www.chiesedisicilia.org\/chiesedisicilia\/news\/wp-json\/wp\/v2\/tags?post=7176"},{"taxonomy":"news-destination","embeddable":true,"href":"https:\/\/www.chiesedisicilia.org\/chiesedisicilia\/news\/wp-json\/wp\/v2\/news-destination?post=7176"},{"taxonomy":"news-source","embeddable":true,"href":"https:\/\/www.chiesedisicilia.org\/chiesedisicilia\/news\/wp-json\/wp\/v2\/news-source?post=7176"},{"taxonomy":"is_homepage","embeddable":true,"href":"https:\/\/www.chiesedisicilia.org\/chiesedisicilia\/news\/wp-json\/wp\/v2\/is_homepage?post=7176"},{"taxonomy":"ta_other","embeddable":true,"href":"https:\/\/www.chiesedisicilia.org\/chiesedisicilia\/news\/wp-json\/wp\/v2\/ta_other?post=7176"}],"curies":[{"name":"wp","href":"https:\/\/api.w.org\/{rel}","templated":true}]}}