{"id":54,"date":"2018-05-07T09:33:31","date_gmt":"2018-05-07T07:33:31","guid":{"rendered":"http:\/\/euwp06.tecnavia.com\/chiesedisicilia\/news\/?p=54"},"modified":"2018-05-07T09:34:19","modified_gmt":"2017-07-11T09:34:19","slug":"caritas-e-migrantes-la-crisi-non-e-questione-di-numeri-ma-di-solidarieta-e-fiducia","status":"publish","type":"post","link":"https:\/\/www.chiesedisicilia.org\/2018\/05\/07\/caritas-e-migrantes-la-crisi-non-e-questione-di-numeri-ma-di-solidarieta-e-fiducia\/","title":{"rendered":"CARITAS E MIGRANTES. \u201cLA CRISI? NON E\u2019 QUESTIONE DI NUMERI, MA DI SOLIDARIETA\u2019 E FIDUCIA\u201d"},"content":{"rendered":"<h3>Cristina Molfetta, al netto dei dati del Rapporto sulla Protezione internazionale, denuncia le \u201cipocrisie\u201d legate al fenomeno migratorio<\/h3>\n<p>\u201cParlare di crisi legata al fenomeno migratorio e collegarla ai numeri \u00e8 una delle pi\u00f9 grosse ipocrisie proposte nei discorsi pubblici in Italia e in Europa. La difficolt\u00e0 non \u00e8 data dalle cifre, ma dall\u2019incapacit\u00e0 dei Paesi nel ripartirsi il carico sociale ed economico che tale fenomeno comporta\u201d.\u00a0<strong>Cristina Molfetta, della Migrantes Torino, antropologa culturale e redattrice del Rapporto sulla Protezione internazionale in Italia 2016 non ha avuto bisogno di anticipare alcun dato del documento di Caritas e Migrantes, Associazione nazionale comuni italiani-Anci,\u00a0Servizio Centrale del Sistema di protezione per richiedenti asilo, rifugiati e destinatari di protezione sussidiaria-Sprar,\u00a0Alto commissariato Onu per i rifugiati &#8211; UNHCR per il Sud Europa.\u00a0<\/strong>Ha proposto un quadro generale della situazione, una fotografia che aiutasse la comprensione. \u201cPer svelare questa ipocrisia, appunto .- ha detto, intervenendo al IV Convegno regionale Caritas e Migrantes della Conferenza Episcopale Siciliana \u2013 basterebbe dire che in Italia e in Europa il rapporto di chi arriva \u00e8 di due ogni mille persone. Crediamo davvero che in queste percentuali si possa parlare di crisi? Le problematicit\u00e0 sono altre: la politica si ferma al tentativo di limitare gli accessi e non a trovare accordi che possano risolvere le difficolt\u00e0 legate alla gestione concreta e pratica. La crisi \u00e8, semmai, di solidariet\u00e0 e fiducia\u201d.<strong>Il Rapporto sulla Protezione internazionale in Italia 2016<\/strong>\u00a0sar\u00e0 presentato ufficialmente il 16 novembre 2016 a Roma e poi Bruxelles, al Parlamento europeo, alla fine dello stesso mese.Fotografa la situazione europea e italiana nel 2016 e nel primo semestre 2016. [01]<\/p>\n","protected":false},"excerpt":{"rendered":"","protected":false},"author":1,"featured_media":0,"comment_status":"open","ping_status":"open","sticky":false,"template":"","format":"standard","meta":[],"categories":[7],"tags":[],"news-destination":[],"news-source":[],"is_homepage":[],"ta_other":[],"_links":{"self":[{"href":"https:\/\/www.chiesedisicilia.org\/chiesedisicilia\/news\/wp-json\/wp\/v2\/posts\/54"}],"collection":[{"href":"https:\/\/www.chiesedisicilia.org\/chiesedisicilia\/news\/wp-json\/wp\/v2\/posts"}],"about":[{"href":"https:\/\/www.chiesedisicilia.org\/chiesedisicilia\/news\/wp-json\/wp\/v2\/types\/post"}],"author":[{"embeddable":true,"href":"https:\/\/www.chiesedisicilia.org\/chiesedisicilia\/news\/wp-json\/wp\/v2\/users\/1"}],"replies":[{"embeddable":true,"href":"https:\/\/www.chiesedisicilia.org\/chiesedisicilia\/news\/wp-json\/wp\/v2\/comments?post=54"}],"version-history":[{"count":1,"href":"https:\/\/www.chiesedisicilia.org\/chiesedisicilia\/news\/wp-json\/wp\/v2\/posts\/54\/revisions"}],"predecessor-version":[{"id":55,"href":"https:\/\/www.chiesedisicilia.org\/chiesedisicilia\/news\/wp-json\/wp\/v2\/posts\/54\/revisions\/55"}],"wp:attachment":[{"href":"https:\/\/www.chiesedisicilia.org\/chiesedisicilia\/news\/wp-json\/wp\/v2\/media?parent=54"}],"wp:term":[{"taxonomy":"category","embeddable":true,"href":"https:\/\/www.chiesedisicilia.org\/chiesedisicilia\/news\/wp-json\/wp\/v2\/categories?post=54"},{"taxonomy":"post_tag","embeddable":true,"href":"https:\/\/www.chiesedisicilia.org\/chiesedisicilia\/news\/wp-json\/wp\/v2\/tags?post=54"},{"taxonomy":"news-destination","embeddable":true,"href":"https:\/\/www.chiesedisicilia.org\/chiesedisicilia\/news\/wp-json\/wp\/v2\/news-destination?post=54"},{"taxonomy":"news-source","embeddable":true,"href":"https:\/\/www.chiesedisicilia.org\/chiesedisicilia\/news\/wp-json\/wp\/v2\/news-source?post=54"},{"taxonomy":"is_homepage","embeddable":true,"href":"https:\/\/www.chiesedisicilia.org\/chiesedisicilia\/news\/wp-json\/wp\/v2\/is_homepage?post=54"},{"taxonomy":"ta_other","embeddable":true,"href":"https:\/\/www.chiesedisicilia.org\/chiesedisicilia\/news\/wp-json\/wp\/v2\/ta_other?post=54"}],"curies":[{"name":"wp","href":"https:\/\/api.w.org\/{rel}","templated":true}]}}