{"id":4941,"date":"2017-06-21T10:42:00","date_gmt":"2017-06-21T08:42:00","guid":{"rendered":"http:\/\/wptestsite.tecnavia.com\/chiesedisicilia_clientsite\/news\/2017\/06\/21\/trapani-erice-riapre-al-culto-il-santissimo-salvatore\/"},"modified":"2018-11-12T07:58:58","modified_gmt":"2018-01-16T07:58:58","slug":"trapani-erice-riapre-al-culto-il-santissimo-salvatore","status":"publish","type":"post","link":"https:\/\/www.chiesedisicilia.org\/2017\/06\/21\/trapani-erice-riapre-al-culto-il-santissimo-salvatore\/","title":{"rendered":"TRAPANI. ERICE: RIAPRE AL CULTO IL SANTISSIMO SALVATORE"},"content":{"rendered":"<div><span style=\"background-image: initial; background-position: initial; background-size: initial; background-repeat: initial; background-attachment: initial; background-origin: initial; background-clip: initial;\"><span style=\"font-family: \"Times New Roman\"; font-size: medium;\">Nel giorno del Corpus Domini, ad Erice \u00e8 stata riaperta di una delle chiese considerate tra le pi\u00f9 belle del piccolo borgo. E&#8217; la chiesa Santissimo Salvatore che dopo pi\u00f9 di 80 anni viene ridonata ai fedeli grazie a contributi sia della CEI (fondi otto per mille) sia del sistema museale del progetto \u201cErice la Montagna del Signore\u201d.<\/span><font face=\"Times New Roman, serif\"><span style=\"font-size: 16px;\">\u00a0<\/span><\/font><\/span><span style=\"font-family: \"Times New Roman\"; font-size: medium; background-image: initial; background-position: initial; background-size: initial; background-repeat: initial; background-attachment: initial; background-origin: initial; background-clip: initial;\">Luned\u00ec 19 giugno 2017, alle ore 19, il vescovo mons. Pietro Maria Fragnelli presieder\u00e0 la Santa Messa nella chiesa di San Pietro da dove muover\u00e0 la processione verso il Santissimo Salvatore: <\/span><span style=\"font-family: \"Times New Roman\"; font-size: medium;\">l<\/span><span style=\"font-family: \"Times New Roman\"; font-size: medium; background-image: initial; background-position: initial; background-size: initial; background-repeat: initial; background-attachment: initial; background-origin: initial; background-clip: initial;\">a splendida chiesa, con il suo maestoso tabernacolo marmoreo, ritorner\u00e0 cos\u00ec ad essere il centro dell\u2019adorazione al SS. Sacramento dell\u2019Altare come lo \u00e8 stata per tanti secoli. <\/span><span style=\"font-family: \"Times New Roman\"; font-size: medium;\">Nel 1935, il crollo di alcune parti della chiesa interruppe ad Erice la pratica dell\u2019adorazione eucaristica quotidiana. Da oggi, dunque la comunit\u00e0 \u00a0riprende la pratica dell\u2019Ora Santa <\/span><span class=\"textexposedshow\" style=\"font-family: \"Times New Roman\"; font-size: medium;\">con l\u2019adorazione eucaristica quotidiana, dalle ore 16 alle 17 di ogni giorno. [01]<\/span><\/div>\n","protected":false},"excerpt":{"rendered":"","protected":false},"author":1,"featured_media":0,"comment_status":"open","ping_status":"open","sticky":false,"template":"","format":"standard","meta":[],"categories":[30],"tags":[],"news-destination":[],"news-source":[],"is_homepage":[],"ta_other":[],"_links":{"self":[{"href":"https:\/\/www.chiesedisicilia.org\/chiesedisicilia\/news\/wp-json\/wp\/v2\/posts\/4941"}],"collection":[{"href":"https:\/\/www.chiesedisicilia.org\/chiesedisicilia\/news\/wp-json\/wp\/v2\/posts"}],"about":[{"href":"https:\/\/www.chiesedisicilia.org\/chiesedisicilia\/news\/wp-json\/wp\/v2\/types\/post"}],"author":[{"embeddable":true,"href":"https:\/\/www.chiesedisicilia.org\/chiesedisicilia\/news\/wp-json\/wp\/v2\/users\/1"}],"replies":[{"embeddable":true,"href":"https:\/\/www.chiesedisicilia.org\/chiesedisicilia\/news\/wp-json\/wp\/v2\/comments?post=4941"}],"version-history":[{"count":1,"href":"https:\/\/www.chiesedisicilia.org\/chiesedisicilia\/news\/wp-json\/wp\/v2\/posts\/4941\/revisions"}],"predecessor-version":[{"id":23397,"href":"https:\/\/www.chiesedisicilia.org\/chiesedisicilia\/news\/wp-json\/wp\/v2\/posts\/4941\/revisions\/23397"}],"wp:attachment":[{"href":"https:\/\/www.chiesedisicilia.org\/chiesedisicilia\/news\/wp-json\/wp\/v2\/media?parent=4941"}],"wp:term":[{"taxonomy":"category","embeddable":true,"href":"https:\/\/www.chiesedisicilia.org\/chiesedisicilia\/news\/wp-json\/wp\/v2\/categories?post=4941"},{"taxonomy":"post_tag","embeddable":true,"href":"https:\/\/www.chiesedisicilia.org\/chiesedisicilia\/news\/wp-json\/wp\/v2\/tags?post=4941"},{"taxonomy":"news-destination","embeddable":true,"href":"https:\/\/www.chiesedisicilia.org\/chiesedisicilia\/news\/wp-json\/wp\/v2\/news-destination?post=4941"},{"taxonomy":"news-source","embeddable":true,"href":"https:\/\/www.chiesedisicilia.org\/chiesedisicilia\/news\/wp-json\/wp\/v2\/news-source?post=4941"},{"taxonomy":"is_homepage","embeddable":true,"href":"https:\/\/www.chiesedisicilia.org\/chiesedisicilia\/news\/wp-json\/wp\/v2\/is_homepage?post=4941"},{"taxonomy":"ta_other","embeddable":true,"href":"https:\/\/www.chiesedisicilia.org\/chiesedisicilia\/news\/wp-json\/wp\/v2\/ta_other?post=4941"}],"curies":[{"name":"wp","href":"https:\/\/api.w.org\/{rel}","templated":true}]}}