{"id":4918,"date":"2016-12-21T12:17:00","date_gmt":"2016-12-21T11:17:00","guid":{"rendered":"http:\/\/wptestsite.tecnavia.com\/chiesedisicilia_clientsite\/news\/2016\/12\/21\/trapani-natale-imparare-a-vivere-in-mezzo-alla-gente\/"},"modified":"2018-11-12T07:58:58","modified_gmt":"2018-01-16T07:58:58","slug":"trapani-natale-imparare-a-vivere-in-mezzo-alla-gente","status":"publish","type":"post","link":"https:\/\/www.chiesedisicilia.org\/2016\/12\/21\/trapani-natale-imparare-a-vivere-in-mezzo-alla-gente\/","title":{"rendered":"TRAPANI. NATALE: IMPARARE A VIVERE \u201cIN MEZZO ALLA GENTE\u201d"},"content":{"rendered":"<div><span style=\"font-size:12.0pt;font-family:\"Times New Roman\",\"serif\"\"><span style=\"font-size: medium;\"><span style=\"font-family: \"Times New Roman\";\">Marted\u00ec 20 dicembre 2016, dalle ore 17 alle ore19, le porte del Palazzo vescovile resteranno aperte per accogliere quanti vorranno condividere uno scambio di auguri natalizi con il vescovo mons. Pietro Maria Fragnelli. Il presule in questi giorni ha partecipato a diversi momenti di festa e d\u2019incontro in preparazione al Natale: prima con gli ospiti e gli amici della comunit\u00e0 delle \u201cServe di Ges\u00f9 povero\u201d, presso il Centro \u201cBadia Grande\u201d dove, per \u00a0le tante persone del territorio che vivono in necessit\u00e0, \u00a0si sono pure esibiti in un concerto di Natale gli alunni della scuola media \u201cLivio Bassi\u201d. Poi la cena preparata dai volontari e la festa con danze e regali. Pranzo di Natale anche presso la casa famiglia \u201cDomenico Amoroso\u201d,<b> <\/b>centro diurno per persone con varie forme di disabilit\u00e0 che hanno vissuto un momento di festa con la distribuzione di piccoli manufatti realizzati dagli ospiti e dai bambini che frequentano il centro di aggregazione pomeridiano. <\/span><\/span><o:p><\/o:p><\/span><\/div>\n<div><span style=\"font-size: medium;\"><span style=\"font-family: \"Times New Roman\";\">Gioved\u00ec 22, alle ore 15, si terr\u00e0 la Santa Messa di Natale presso la Casa Circondariale con i detenuti. La celebrazione sar\u00e0 animata dal gruppo \u201cSan Martino\u201d, un gruppo giovanile che da oltre un anno svolge un servizio di volontariato presso il Carcere occupandosi non solo dell\u2019animazione liturgica ma anche della distribuzione di beni di prima necessit\u00e0 ai detenuti e di formazione spirituale. Il vescovo celebrer\u00e0 la Messa della Notte di Natale sabato 24 dicembre alle ore 23.00 presso la Cattedrale \u201cSan Lorenzo\u201d e poi la Messa di Natale, alle ore 11, di domenica 25. Quindi raggiunger\u00e0 la comunit\u00e0 di \u201cSan Giuseppe lavoratore\u201d che organizza ogni anno il pranzo di Natale presso i locali del Seminario Vescovile per tutti i bisognosi e le persone sole.<\/span><\/span><span style=\"font-size:12.0pt;font-family:\"Times New Roman\",\"serif\"\"><o:p><\/o:p><\/span><\/div>\n<div><span style=\"font-size: medium;\"><span style=\"font-family: \"Times New Roman\";\">&#8220;Natale \u2013 spiega il vescovo \u2013 significa imparare a vivere in mezzo alla gente. La nostra umanit\u00e0 si arricchisce molto se stiamo con tutti gli altri e in qualsiasi situazione essi si trovano. E\u2019 l\u2019isolamento che fa male, non la condivisione. L\u2019isolamento sviluppa paura e diffidenza e impedisce di godere della fraternit\u00e0. Bisogna proprio dirci che si corrono pi\u00f9 rischi quando ci isoliamo di quando ci apriamo all\u2019altro. Stare in mezzo alla gente\u00a0<\/span><\/span><span style=\"font-family: \"Times New Roman\"; font-size: medium;\">\u2013 continua mons. Fragnelli &#8211;<\/span><span style=\"font-family: \"Times New Roman\"; font-size: medium;\">\u00a0<\/span><span style=\"font-family: \"Times New Roman\"; font-size: medium;\">non significa solo essere aperti e incontrare gli altri, ma anche lasciarci incontrare. Siamo noi che abbiamo bisogno di essere guardati, chiamati, toccati, interpellati, siamo noi che abbiamo bisogno degli altri per poter essere resi partecipi di tutto ci\u00f2 che solo gli altri ci possono dare. La relazione chiede questo scambio tra persone: l\u2019esperienza ci dice che di solito dagli altri riceviamo di pi\u00f9 di quanto diamo. Incontrando queste persone tocchi con mano la loro grandezza e ricevi quasi una luce per cui diventa chiaro che si pu\u00f2 coltivare una speranza per il futuro; si pu\u00f2 credere che il bene \u00e8 pi\u00f9 forte del male perch\u00e9 ci sono loro\u201d.<\/span><\/div>\n","protected":false},"excerpt":{"rendered":"","protected":false},"author":1,"featured_media":0,"comment_status":"open","ping_status":"open","sticky":false,"template":"","format":"standard","meta":[],"categories":[30],"tags":[],"news-destination":[],"news-source":[],"is_homepage":[],"ta_other":[],"_links":{"self":[{"href":"https:\/\/www.chiesedisicilia.org\/chiesedisicilia\/news\/wp-json\/wp\/v2\/posts\/4918"}],"collection":[{"href":"https:\/\/www.chiesedisicilia.org\/chiesedisicilia\/news\/wp-json\/wp\/v2\/posts"}],"about":[{"href":"https:\/\/www.chiesedisicilia.org\/chiesedisicilia\/news\/wp-json\/wp\/v2\/types\/post"}],"author":[{"embeddable":true,"href":"https:\/\/www.chiesedisicilia.org\/chiesedisicilia\/news\/wp-json\/wp\/v2\/users\/1"}],"replies":[{"embeddable":true,"href":"https:\/\/www.chiesedisicilia.org\/chiesedisicilia\/news\/wp-json\/wp\/v2\/comments?post=4918"}],"version-history":[{"count":1,"href":"https:\/\/www.chiesedisicilia.org\/chiesedisicilia\/news\/wp-json\/wp\/v2\/posts\/4918\/revisions"}],"predecessor-version":[{"id":23378,"href":"https:\/\/www.chiesedisicilia.org\/chiesedisicilia\/news\/wp-json\/wp\/v2\/posts\/4918\/revisions\/23378"}],"wp:attachment":[{"href":"https:\/\/www.chiesedisicilia.org\/chiesedisicilia\/news\/wp-json\/wp\/v2\/media?parent=4918"}],"wp:term":[{"taxonomy":"category","embeddable":true,"href":"https:\/\/www.chiesedisicilia.org\/chiesedisicilia\/news\/wp-json\/wp\/v2\/categories?post=4918"},{"taxonomy":"post_tag","embeddable":true,"href":"https:\/\/www.chiesedisicilia.org\/chiesedisicilia\/news\/wp-json\/wp\/v2\/tags?post=4918"},{"taxonomy":"news-destination","embeddable":true,"href":"https:\/\/www.chiesedisicilia.org\/chiesedisicilia\/news\/wp-json\/wp\/v2\/news-destination?post=4918"},{"taxonomy":"news-source","embeddable":true,"href":"https:\/\/www.chiesedisicilia.org\/chiesedisicilia\/news\/wp-json\/wp\/v2\/news-source?post=4918"},{"taxonomy":"is_homepage","embeddable":true,"href":"https:\/\/www.chiesedisicilia.org\/chiesedisicilia\/news\/wp-json\/wp\/v2\/is_homepage?post=4918"},{"taxonomy":"ta_other","embeddable":true,"href":"https:\/\/www.chiesedisicilia.org\/chiesedisicilia\/news\/wp-json\/wp\/v2\/ta_other?post=4918"}],"curies":[{"name":"wp","href":"https:\/\/api.w.org\/{rel}","templated":true}]}}