{"id":4901,"date":"2016-06-22T19:40:00","date_gmt":"2016-06-22T17:40:00","guid":{"rendered":"http:\/\/wptestsite.tecnavia.com\/chiesedisicilia_clientsite\/news\/2016\/06\/22\/trapani-forma-l-mente-bi-personale-di-franco-lippi-e-jano-sicura\/"},"modified":"2018-11-12T07:58:57","modified_gmt":"2018-01-16T07:58:57","slug":"trapani-forma-l-mente-bi-personale-di-franco-lippi-e-jano-sicura","status":"publish","type":"post","link":"https:\/\/www.chiesedisicilia.org\/2016\/06\/22\/trapani-forma-l-mente-bi-personale-di-franco-lippi-e-jano-sicura\/","title":{"rendered":"TRAPANI. \u201cFORMA-L-MENTE\u201d : BI-PERSONALE DI  FRANCO LIPPI E JANO SICURA"},"content":{"rendered":"<div><span style=\"font-size: medium;\"><span style=\"font-family: \"Times New Roman\";\"><span style=\"line-height: 115%;\">Dopo il successo di Siracusa, approda al Museo d\u2019Arte Contemporanea \u201cSan Rocco\u201d, a Trapani, la bi-personale &#8220;Forma-l-mente&#8221; di Jano Sicura e Franco Lippi, a cura di Nino Portoghese e Annibale Vanetti, che potr\u00e0 essere visitata dal 25 giugno al 20 agosto. La mostra sar\u00e0 inaugurata sabato 25 giugno 2016, alle ore 19.00, con un un reading poetico-letterario in viaggio tra Italia e Argentina dal titolo \u201cPero de nuevo el mundo se ha salvado \/ Ma di nuovo il mondo si \u00e8 salvato \u201d a cura di Ornella Fulco, Stefania La Via e don Liborio Palmeri. <\/span><span style=\"line-height: 115%;\">\u201cL\u2019Italia oggi paese d\u2019immigrazione, \u00e8 stato anche paese di emigranti, soprattutto agli inizi del novecento anche le famiglie del nord emigravano soprattutto in Argentina. A volte, anche dopo un secolo, arrivano feedback incredibili di come i dolorosi flussi migratori producano meravigliosi frutti di dialogo interculturale. Papa Bergoglio \u00e8 uno di questi \u2013 spiega il direttore del Museo don Liborio Palmeri &#8211; E proprio del misterioso dialogo tra la cultura italiana e quella argentina \u00e8 frutto anche la mostra \u2018Forma-l-mente\u2019. Una bi-personale di un figlio di emigranti toscani in Argentina, Franco Lippi, nato a Buenos Aires, e di Iano Sicura, italiano di Siracusa anche lui tuttavia per almeno vent\u2019anni, un emigrante. Il reading che apre la mostra fa dialogare le due culture attraverso la poesia di Montale e quella di Borges che, tra l\u2019altro, proprio Bergoglio ha avuto come amico. Vedendo la bellezza di questa mostra ci si chiede: ma i flussi migratori di oggi cos\u00ec dolorosi e mortali nel mediterraneo, quali frutti meravigliosi produrranno nel nostro futuro?\u201d. Le visite sono possibili mercoled\u00ec, gioved\u00ec, venerd\u00ec e sabato, dalle ore 18.00 alle 21 .00. Ingresso libero. [01]<\/span><\/span><\/span><span style=\"font-size:12.0pt;line-height:\n115%;font-family:\"Times New Roman\",\"serif\"\"><o:p><\/o:p><\/span><\/div>\n","protected":false},"excerpt":{"rendered":"","protected":false},"author":1,"featured_media":0,"comment_status":"open","ping_status":"open","sticky":false,"template":"","format":"standard","meta":[],"categories":[30],"tags":[],"news-destination":[],"news-source":[],"is_homepage":[],"ta_other":[],"_links":{"self":[{"href":"https:\/\/www.chiesedisicilia.org\/chiesedisicilia\/news\/wp-json\/wp\/v2\/posts\/4901"}],"collection":[{"href":"https:\/\/www.chiesedisicilia.org\/chiesedisicilia\/news\/wp-json\/wp\/v2\/posts"}],"about":[{"href":"https:\/\/www.chiesedisicilia.org\/chiesedisicilia\/news\/wp-json\/wp\/v2\/types\/post"}],"author":[{"embeddable":true,"href":"https:\/\/www.chiesedisicilia.org\/chiesedisicilia\/news\/wp-json\/wp\/v2\/users\/1"}],"replies":[{"embeddable":true,"href":"https:\/\/www.chiesedisicilia.org\/chiesedisicilia\/news\/wp-json\/wp\/v2\/comments?post=4901"}],"version-history":[{"count":1,"href":"https:\/\/www.chiesedisicilia.org\/chiesedisicilia\/news\/wp-json\/wp\/v2\/posts\/4901\/revisions"}],"predecessor-version":[{"id":23357,"href":"https:\/\/www.chiesedisicilia.org\/chiesedisicilia\/news\/wp-json\/wp\/v2\/posts\/4901\/revisions\/23357"}],"wp:attachment":[{"href":"https:\/\/www.chiesedisicilia.org\/chiesedisicilia\/news\/wp-json\/wp\/v2\/media?parent=4901"}],"wp:term":[{"taxonomy":"category","embeddable":true,"href":"https:\/\/www.chiesedisicilia.org\/chiesedisicilia\/news\/wp-json\/wp\/v2\/categories?post=4901"},{"taxonomy":"post_tag","embeddable":true,"href":"https:\/\/www.chiesedisicilia.org\/chiesedisicilia\/news\/wp-json\/wp\/v2\/tags?post=4901"},{"taxonomy":"news-destination","embeddable":true,"href":"https:\/\/www.chiesedisicilia.org\/chiesedisicilia\/news\/wp-json\/wp\/v2\/news-destination?post=4901"},{"taxonomy":"news-source","embeddable":true,"href":"https:\/\/www.chiesedisicilia.org\/chiesedisicilia\/news\/wp-json\/wp\/v2\/news-source?post=4901"},{"taxonomy":"is_homepage","embeddable":true,"href":"https:\/\/www.chiesedisicilia.org\/chiesedisicilia\/news\/wp-json\/wp\/v2\/is_homepage?post=4901"},{"taxonomy":"ta_other","embeddable":true,"href":"https:\/\/www.chiesedisicilia.org\/chiesedisicilia\/news\/wp-json\/wp\/v2\/ta_other?post=4901"}],"curies":[{"name":"wp","href":"https:\/\/api.w.org\/{rel}","templated":true}]}}