{"id":4900,"date":"2016-06-14T07:57:00","date_gmt":"2016-06-14T05:57:00","guid":{"rendered":"http:\/\/wptestsite.tecnavia.com\/chiesedisicilia_clientsite\/news\/2016\/06\/14\/trapani-amoris-laetitia-la-presentazione-agli-operatori-di-pastorale-familiare\/"},"modified":"2018-11-12T07:58:57","modified_gmt":"2018-01-16T07:58:57","slug":"trapani-amoris-laetitia-la-presentazione-agli-operatori-di-pastorale-familiare","status":"publish","type":"post","link":"https:\/\/www.chiesedisicilia.org\/2016\/06\/14\/trapani-amoris-laetitia-la-presentazione-agli-operatori-di-pastorale-familiare\/","title":{"rendered":"TRAPANI. &#8220;AMORIS LAETITIA&#8221;: LA PRESENTAZIONE AGLI OPERATORI DI PASTORALE FAMILIARE"},"content":{"rendered":"<div><span style=\"font-size: medium;\"><span style=\"font-family: \"Times New Roman\";\"><strong><span style=\"font-weight: normal;\">Dopo la presentazione immediata alla citt\u00e0 e alla Diocesi dopo la pubblicazione del documento, continuano gli incontri di approfondimento dell\u2019esortazione post-sinodale di Papa Francesco. \u00a0L\u2019Ufficio diocesano di Pastorale familiare, in particolare, \u00a0propone un approfondimento di \u201cAmoris Laetitia\u201d con un taglio pastorale per tutti gli operatori delle parrocchie e delle associazioni ecclesiali. \u00a0L\u2019incontro si terr\u00e0 <\/span><\/strong><strong><span style=\"font-weight: normal;\">domenica 19 giugno 2016,<\/span><\/strong><strong><span style=\"font-weight: normal;\"> presso la sala \u201cG.B. Amico\u201d del <\/span><\/strong><strong><span style=\"font-weight: normal;\">Seminario vescovile,<\/span><\/strong><strong><span style=\"font-weight: normal;\"> con inizio alle <\/span><\/strong><strong><span style=\"font-weight: normal;\">ore 16.30.<\/span><\/strong><strong><span style=\"font-weight: normal;\"> Introducono Adriana e Piero Basiric\u00f2 e don Antonino Vilardi della Pastorale familiare diocesana con l\u2019intervento di don Alessandro Damiano, vicario generale.<\/span><\/strong><\/span><\/span><strong><span style=\"font-size:12.0pt\"><o:p><\/o:p><\/span><\/strong><\/div>\n<div><span style=\"font-size: medium;\"><span style=\"font-family: \"Times New Roman\";\"><strong><span style=\"font-weight: normal;\">\u201cDesideriamo accogliere l&#8217;invito del\u00a0Papa ad incontrarsi e confrontarsi\u00a0per\u00a0trovare insieme nuove forme per annunciare il vangelo del matrimonio e della famiglia, con nuove prospettive pastorali perch\u00e9 siamo certi che stiamo vivendo un vero tempo di grazia, di misericordia in cui l\u2019accompagnamento della famiglia ha lo sguardo di tutta la Chiesa \u2013 spiegano i direttori della pastorale familiare, i coniugi Adriana e Piero Basiric\u00f2 \u2013 \u00a0Come operatori di pastorale familiare siamo chiamati ad\u00a0\u00a0incoraggiare le altre famiglie a prendere sempre pi\u00f9 consapevolezza dell\u2019importanza del ruolo che hanno nella Chiesa e nella societ\u00e0. Rendere pi\u00f9 forte la famiglia \u00e8 un guadagno per tutta la societ\u00e0 e per tutta la Chiesa, rispettando le possibili tappe di crescita delle persone, lasciando spazio alla misericordia del Signore. Il nostro compito \u00e8 di cooperare nella semina: il resto \u00e8 opera di Dio\u201d.\u00a0 <\/span><\/strong><\/span><\/span><strong><span style=\"font-size: 12pt; font-weight: normal;\"><o:p><\/o:p><\/span><\/strong><\/div>\n<div><span style=\"font-size: medium;\"><span style=\"font-family: \"Times New Roman\";\"><strong><span style=\"font-weight: normal;\">All\u2019incontro partecipano gli operatori pastorali della pastorale familiare e le coppie che hanno partecipato ai percorsi formativi &#8220;Laboratori di comunit\u00e0&#8221;. [01]<\/span><\/strong><\/span><\/span><span style=\"font-size:\n12.0pt;font-family:\"Times New Roman\",\"serif\"\"><o:p><\/o:p><\/span><\/div>\n","protected":false},"excerpt":{"rendered":"","protected":false},"author":1,"featured_media":0,"comment_status":"open","ping_status":"open","sticky":false,"template":"","format":"standard","meta":[],"categories":[30],"tags":[],"news-destination":[],"news-source":[],"is_homepage":[],"ta_other":[],"_links":{"self":[{"href":"https:\/\/www.chiesedisicilia.org\/chiesedisicilia\/news\/wp-json\/wp\/v2\/posts\/4900"}],"collection":[{"href":"https:\/\/www.chiesedisicilia.org\/chiesedisicilia\/news\/wp-json\/wp\/v2\/posts"}],"about":[{"href":"https:\/\/www.chiesedisicilia.org\/chiesedisicilia\/news\/wp-json\/wp\/v2\/types\/post"}],"author":[{"embeddable":true,"href":"https:\/\/www.chiesedisicilia.org\/chiesedisicilia\/news\/wp-json\/wp\/v2\/users\/1"}],"replies":[{"embeddable":true,"href":"https:\/\/www.chiesedisicilia.org\/chiesedisicilia\/news\/wp-json\/wp\/v2\/comments?post=4900"}],"version-history":[{"count":1,"href":"https:\/\/www.chiesedisicilia.org\/chiesedisicilia\/news\/wp-json\/wp\/v2\/posts\/4900\/revisions"}],"predecessor-version":[{"id":23356,"href":"https:\/\/www.chiesedisicilia.org\/chiesedisicilia\/news\/wp-json\/wp\/v2\/posts\/4900\/revisions\/23356"}],"wp:attachment":[{"href":"https:\/\/www.chiesedisicilia.org\/chiesedisicilia\/news\/wp-json\/wp\/v2\/media?parent=4900"}],"wp:term":[{"taxonomy":"category","embeddable":true,"href":"https:\/\/www.chiesedisicilia.org\/chiesedisicilia\/news\/wp-json\/wp\/v2\/categories?post=4900"},{"taxonomy":"post_tag","embeddable":true,"href":"https:\/\/www.chiesedisicilia.org\/chiesedisicilia\/news\/wp-json\/wp\/v2\/tags?post=4900"},{"taxonomy":"news-destination","embeddable":true,"href":"https:\/\/www.chiesedisicilia.org\/chiesedisicilia\/news\/wp-json\/wp\/v2\/news-destination?post=4900"},{"taxonomy":"news-source","embeddable":true,"href":"https:\/\/www.chiesedisicilia.org\/chiesedisicilia\/news\/wp-json\/wp\/v2\/news-source?post=4900"},{"taxonomy":"is_homepage","embeddable":true,"href":"https:\/\/www.chiesedisicilia.org\/chiesedisicilia\/news\/wp-json\/wp\/v2\/is_homepage?post=4900"},{"taxonomy":"ta_other","embeddable":true,"href":"https:\/\/www.chiesedisicilia.org\/chiesedisicilia\/news\/wp-json\/wp\/v2\/ta_other?post=4900"}],"curies":[{"name":"wp","href":"https:\/\/api.w.org\/{rel}","templated":true}]}}