{"id":4894,"date":"2016-04-28T14:47:00","date_gmt":"2016-04-28T12:47:00","guid":{"rendered":"http:\/\/wptestsite.tecnavia.com\/chiesedisicilia_clientsite\/news\/2016\/04\/28\/trapani-alleniamoci-alla-solidarieta-2-edizione\/"},"modified":"2018-11-12T07:58:57","modified_gmt":"2018-01-16T07:58:57","slug":"trapani-alleniamoci-alla-solidarieta-2-edizione","status":"publish","type":"post","link":"https:\/\/www.chiesedisicilia.org\/2016\/04\/28\/trapani-alleniamoci-alla-solidarieta-2-edizione\/","title":{"rendered":"TRAPANI. &#8220;ALLENIAMOCI ALLA SOLIDARIET\u00c0&#8221;:  2\u00b0 EDIZIONE"},"content":{"rendered":"<div><span style=\"font-size:12.0pt;font-family:\"Times New Roman\",\"serif\"\"><span style=\"font-size: medium;\"><span style=\"font-family: 'Times New Roman';\">L&#8217;allenamento del Trapani Calcio di mercoled\u00ec 27 aprile 2016 sar\u00e0 anche una occasione per un gesto di solidariet\u00e0 e condivisione. Prima di entrare in campo, infatti, la squadra del mister Cosmi accoglier\u00e0 pi\u00f9 di 60 bambini e ragazzi che frequentano i Centri di aggregazione della Caritas diocesana di Trapani. L&#8217;iniziativa organizzata per la prima volta lo scorso anno grazie al \u00a0Comitato delle Donne, \u00e8 ormai al suo secondo appuntamento.<\/span><\/span><o:p><\/o:p><\/span><\/div>\n<div><span style=\"font-size: medium;\"><span style=\"font-family: 'Times New Roman';\">L&#8217;incontro tra i piccoli e i loro campioni per un momento all&#8217;insegna \u00a0dello sport, della solidariet\u00e0 e dell&#8217;inclusione sociale, \u00e8 organizzato quest&#8217;anno nell\u2019ambito del progetto \u00a0\u201cArca di No\u00e8\u201d finanziato con fondi dell\u20198permille. [01]<\/span><\/span><span style=\"font-size:12.0pt;font-family:\"Times New Roman\",\"serif\"\"><o:p><\/o:p><\/span><\/div>\n","protected":false},"excerpt":{"rendered":"","protected":false},"author":1,"featured_media":0,"comment_status":"open","ping_status":"open","sticky":false,"template":"","format":"standard","meta":[],"categories":[30],"tags":[],"news-destination":[],"news-source":[],"is_homepage":[],"ta_other":[],"_links":{"self":[{"href":"https:\/\/www.chiesedisicilia.org\/chiesedisicilia\/news\/wp-json\/wp\/v2\/posts\/4894"}],"collection":[{"href":"https:\/\/www.chiesedisicilia.org\/chiesedisicilia\/news\/wp-json\/wp\/v2\/posts"}],"about":[{"href":"https:\/\/www.chiesedisicilia.org\/chiesedisicilia\/news\/wp-json\/wp\/v2\/types\/post"}],"author":[{"embeddable":true,"href":"https:\/\/www.chiesedisicilia.org\/chiesedisicilia\/news\/wp-json\/wp\/v2\/users\/1"}],"replies":[{"embeddable":true,"href":"https:\/\/www.chiesedisicilia.org\/chiesedisicilia\/news\/wp-json\/wp\/v2\/comments?post=4894"}],"version-history":[{"count":1,"href":"https:\/\/www.chiesedisicilia.org\/chiesedisicilia\/news\/wp-json\/wp\/v2\/posts\/4894\/revisions"}],"predecessor-version":[{"id":23354,"href":"https:\/\/www.chiesedisicilia.org\/chiesedisicilia\/news\/wp-json\/wp\/v2\/posts\/4894\/revisions\/23354"}],"wp:attachment":[{"href":"https:\/\/www.chiesedisicilia.org\/chiesedisicilia\/news\/wp-json\/wp\/v2\/media?parent=4894"}],"wp:term":[{"taxonomy":"category","embeddable":true,"href":"https:\/\/www.chiesedisicilia.org\/chiesedisicilia\/news\/wp-json\/wp\/v2\/categories?post=4894"},{"taxonomy":"post_tag","embeddable":true,"href":"https:\/\/www.chiesedisicilia.org\/chiesedisicilia\/news\/wp-json\/wp\/v2\/tags?post=4894"},{"taxonomy":"news-destination","embeddable":true,"href":"https:\/\/www.chiesedisicilia.org\/chiesedisicilia\/news\/wp-json\/wp\/v2\/news-destination?post=4894"},{"taxonomy":"news-source","embeddable":true,"href":"https:\/\/www.chiesedisicilia.org\/chiesedisicilia\/news\/wp-json\/wp\/v2\/news-source?post=4894"},{"taxonomy":"is_homepage","embeddable":true,"href":"https:\/\/www.chiesedisicilia.org\/chiesedisicilia\/news\/wp-json\/wp\/v2\/is_homepage?post=4894"},{"taxonomy":"ta_other","embeddable":true,"href":"https:\/\/www.chiesedisicilia.org\/chiesedisicilia\/news\/wp-json\/wp\/v2\/ta_other?post=4894"}],"curies":[{"name":"wp","href":"https:\/\/api.w.org\/{rel}","templated":true}]}}