{"id":4887,"date":"2016-04-06T10:17:00","date_gmt":"2016-04-06T08:17:00","guid":{"rendered":"http:\/\/wptestsite.tecnavia.com\/chiesedisicilia_clientsite\/news\/2016\/04\/06\/trapani-sogni-nel-cassetto-e-scheletri-nellarmadio\/"},"modified":"2018-11-12T07:58:57","modified_gmt":"2018-01-16T07:58:57","slug":"trapani-sogni-nel-cassetto-e-scheletri-nellarmadio","status":"publish","type":"post","link":"https:\/\/www.chiesedisicilia.org\/2016\/04\/06\/trapani-sogni-nel-cassetto-e-scheletri-nellarmadio\/","title":{"rendered":"TRAPANI. &#8220;SOGNI NEL CASSETTO E SCHELETRI NELL&#8217;ARMADIO&#8221;"},"content":{"rendered":"<div><span style=\"font-size: medium;\"><span style=\"font-family: 'Times New Roman';\">Mercoled\u00ec 6 aprile e venerd\u00ec 8 aprile 2016 si terranno i prossimi appuntamenti con i laboratori di lettura ad alta voce per i pi\u00f9 piccoli presso la sezione \u201cIl piccolo principe\u201d della Biblioteca diocesana di Trapani. Il tema scelto per i laboratori di lettura ad alta voce del mese di aprile \u00e8 &#8220;Sogni nel cassetto e scheletri nell&#8217;armadio&#8221;, per condividere con i piccoli l&#8217;emozione di raccontare sogni e segreti nascosti nel cuore. Ai bambini dai 3 ai 5 anni sar\u00e0 letta la favola \u201cL&#8217;omino dei sogni\u201d, mentre i bambini dai 6 agli 8 anni ascolteranno la storia &#8220;Nel mondo dei sogni&#8221;. Entrame le storie sono di Gianni Rodari.<\/span><\/span><span style=\"font-size:12.0pt;font-family:\"Times New Roman\",\"serif\"\"><o:p><\/o:p><\/span><\/div>\n<div><span style=\"font-size: medium;\"><span style=\"font-family: 'Times New Roman';\">Per i bambini dai 3 ai 5 anni il laboratorio si terr\u00e0 dalle ore 16.00 alle ore 17.00 nei giorni di mercoled\u00ec 6 e venerd\u00ec 8; per i bambini dai 6 agli 8 anni, invece, il laboratorio si terr\u00e0 mercoled\u00ec 6 dalle ore 18.00 alle ore 19.00. <\/span><\/span><span style=\"font-size:12.0pt;font-family:\"Times New Roman\",\"serif\"\"><o:p><\/o:p><\/span><\/div>\n<div><span style=\"font-size: medium;\"><span style=\"font-family: 'Times New Roman';\">Tutti gli appuntamenti sono completamente gratuiti e condotti dal personale della Biblioteca diocesana. [01]<\/span><\/span><span style=\"font-size:12.0pt;font-family:\"Times New Roman\",\"serif\"\"><o:p><\/o:p><\/span><\/div>\n","protected":false},"excerpt":{"rendered":"","protected":false},"author":1,"featured_media":0,"comment_status":"open","ping_status":"open","sticky":false,"template":"","format":"standard","meta":[],"categories":[30],"tags":[],"news-destination":[],"news-source":[],"is_homepage":[],"ta_other":[],"_links":{"self":[{"href":"https:\/\/www.chiesedisicilia.org\/chiesedisicilia\/news\/wp-json\/wp\/v2\/posts\/4887"}],"collection":[{"href":"https:\/\/www.chiesedisicilia.org\/chiesedisicilia\/news\/wp-json\/wp\/v2\/posts"}],"about":[{"href":"https:\/\/www.chiesedisicilia.org\/chiesedisicilia\/news\/wp-json\/wp\/v2\/types\/post"}],"author":[{"embeddable":true,"href":"https:\/\/www.chiesedisicilia.org\/chiesedisicilia\/news\/wp-json\/wp\/v2\/users\/1"}],"replies":[{"embeddable":true,"href":"https:\/\/www.chiesedisicilia.org\/chiesedisicilia\/news\/wp-json\/wp\/v2\/comments?post=4887"}],"version-history":[{"count":1,"href":"https:\/\/www.chiesedisicilia.org\/chiesedisicilia\/news\/wp-json\/wp\/v2\/posts\/4887\/revisions"}],"predecessor-version":[{"id":23348,"href":"https:\/\/www.chiesedisicilia.org\/chiesedisicilia\/news\/wp-json\/wp\/v2\/posts\/4887\/revisions\/23348"}],"wp:attachment":[{"href":"https:\/\/www.chiesedisicilia.org\/chiesedisicilia\/news\/wp-json\/wp\/v2\/media?parent=4887"}],"wp:term":[{"taxonomy":"category","embeddable":true,"href":"https:\/\/www.chiesedisicilia.org\/chiesedisicilia\/news\/wp-json\/wp\/v2\/categories?post=4887"},{"taxonomy":"post_tag","embeddable":true,"href":"https:\/\/www.chiesedisicilia.org\/chiesedisicilia\/news\/wp-json\/wp\/v2\/tags?post=4887"},{"taxonomy":"news-destination","embeddable":true,"href":"https:\/\/www.chiesedisicilia.org\/chiesedisicilia\/news\/wp-json\/wp\/v2\/news-destination?post=4887"},{"taxonomy":"news-source","embeddable":true,"href":"https:\/\/www.chiesedisicilia.org\/chiesedisicilia\/news\/wp-json\/wp\/v2\/news-source?post=4887"},{"taxonomy":"is_homepage","embeddable":true,"href":"https:\/\/www.chiesedisicilia.org\/chiesedisicilia\/news\/wp-json\/wp\/v2\/is_homepage?post=4887"},{"taxonomy":"ta_other","embeddable":true,"href":"https:\/\/www.chiesedisicilia.org\/chiesedisicilia\/news\/wp-json\/wp\/v2\/ta_other?post=4887"}],"curies":[{"name":"wp","href":"https:\/\/api.w.org\/{rel}","templated":true}]}}