{"id":4841,"date":"2015-03-19T18:05:00","date_gmt":"2015-03-19T17:05:00","guid":{"rendered":"http:\/\/wptestsite.tecnavia.com\/chiesedisicilia_clientsite\/news\/2015\/03\/19\/trapani-la-quaresima-in-ascolto-dentro-le-case\/"},"modified":"2018-11-12T07:58:52","modified_gmt":"2018-01-16T07:58:52","slug":"trapani-la-quaresima-in-ascolto-dentro-le-case","status":"publish","type":"post","link":"https:\/\/www.chiesedisicilia.org\/2015\/03\/19\/trapani-la-quaresima-in-ascolto-dentro-le-case\/","title":{"rendered":"TRAPANI. LA QUARESIMA, IN ASCOLTO, DENTRO LE CASE"},"content":{"rendered":"<div><span style=\"font-size: medium;\"><span style=\"font-family: 'Times New Roman';\">Ascolto della Parola e ascolto del territorio con le sue fragilit\u00e0. In questo tempo di Quaresima, oltre agli appuntamenti del marted\u00ec sera con la lectio divina sul tema \u201ctempo di naufragi, tempo di approdi\u201d, il vescovo mons. Pietro Maria Fragnelli insieme ad alcuni parroci e al delegato vescovile per la caritas Girolamo Marcantonio, ha vissuto un tempo di ascolto presso le famiglie di alcuni bambini che frequentano i centri di aggregazione della Caritas, in particolare quelli che per particolari problematiche vengono seguiti personalmente a casa.<\/span><\/span><span style=\"font-size:12.0pt;font-family:\"Times New Roman\",\"serif\"\"><o:p><\/o:p><\/span><\/div>\n<div><span style=\"font-size: medium;\"><span style=\"font-family: 'Times New Roman';\">Una volta alla settimana il vescovo si reca in visita presso alcune famiglie dei quartieri periferici della citt\u00e0 di Trapani dove la perdita del lavoro, una malattia improvvisa, difficolt\u00e0 d\u2019inserimento sociale e culturale hanno creato una particolare fragilit\u00e0 non solo economica, condividendo bisogni, aspettative, desideri e un momento di preghiera.<\/span><\/span><span style=\"font-size:12.0pt;font-family:\"Times New Roman\",\"serif\"\"><o:p><\/o:p><\/span><\/div>\n<div><span style=\"font-size: medium; font-family: 'Times New Roman';\">\u201cCi avviciniamo alla Pasqua e il \u00a0racconto della Passione di Cristo ci richiama al valore della vita e della dignit\u00e0 umana \u2013 spiega mons. Fragnelli &#8211; In Ges\u00f9 \u00e8 l\u2019uomo stesso, creato a immagine e somiglianza di Dio, a essere spogliato della sua dignit\u00e0. I diritti umani sono calpestati in molti Paesi del mondo, anzi possiamo dire in tutti i paesi, anche nel nostro, anche nella nostra regione, nella nostra citt\u00e0. Ges\u00f9 \u00e8 esposto al pubblico scherno. Lo contempliamo e ci impegniamo a respingere e combattere tutto ci\u00f2 che \u2013 qui da noi &#8211; offende la dignit\u00e0 dei bambini e dei giovani, degli uomini e delle donne, degli adulti e degli anziani. Con mezzi spesso umili, senza avarizia, dobbiamo manifestare la carit\u00e0 di Cristo tra i pi\u00f9 poveri, i malati, le persone anziane, le donne nel bisogno, i detenuti. Li incoraggiamo a riconoscere la loro dignit\u00e0 umana e a lavorare per risvegliare le coscienze di fronte a tanti drammi umani. Insieme vogliamo mostrare l\u2019amore che Dio nutre per ognuno di loro\u201d.<\/span><font face=\"Times New Roman, serif\"><span style=\"font-size: 16px;\">[01]<\/span><\/font><\/div>\n","protected":false},"excerpt":{"rendered":"","protected":false},"author":1,"featured_media":0,"comment_status":"open","ping_status":"open","sticky":false,"template":"","format":"standard","meta":[],"categories":[30],"tags":[],"news-destination":[],"news-source":[],"is_homepage":[],"ta_other":[],"_links":{"self":[{"href":"https:\/\/www.chiesedisicilia.org\/chiesedisicilia\/news\/wp-json\/wp\/v2\/posts\/4841"}],"collection":[{"href":"https:\/\/www.chiesedisicilia.org\/chiesedisicilia\/news\/wp-json\/wp\/v2\/posts"}],"about":[{"href":"https:\/\/www.chiesedisicilia.org\/chiesedisicilia\/news\/wp-json\/wp\/v2\/types\/post"}],"author":[{"embeddable":true,"href":"https:\/\/www.chiesedisicilia.org\/chiesedisicilia\/news\/wp-json\/wp\/v2\/users\/1"}],"replies":[{"embeddable":true,"href":"https:\/\/www.chiesedisicilia.org\/chiesedisicilia\/news\/wp-json\/wp\/v2\/comments?post=4841"}],"version-history":[{"count":1,"href":"https:\/\/www.chiesedisicilia.org\/chiesedisicilia\/news\/wp-json\/wp\/v2\/posts\/4841\/revisions"}],"predecessor-version":[{"id":23298,"href":"https:\/\/www.chiesedisicilia.org\/chiesedisicilia\/news\/wp-json\/wp\/v2\/posts\/4841\/revisions\/23298"}],"wp:attachment":[{"href":"https:\/\/www.chiesedisicilia.org\/chiesedisicilia\/news\/wp-json\/wp\/v2\/media?parent=4841"}],"wp:term":[{"taxonomy":"category","embeddable":true,"href":"https:\/\/www.chiesedisicilia.org\/chiesedisicilia\/news\/wp-json\/wp\/v2\/categories?post=4841"},{"taxonomy":"post_tag","embeddable":true,"href":"https:\/\/www.chiesedisicilia.org\/chiesedisicilia\/news\/wp-json\/wp\/v2\/tags?post=4841"},{"taxonomy":"news-destination","embeddable":true,"href":"https:\/\/www.chiesedisicilia.org\/chiesedisicilia\/news\/wp-json\/wp\/v2\/news-destination?post=4841"},{"taxonomy":"news-source","embeddable":true,"href":"https:\/\/www.chiesedisicilia.org\/chiesedisicilia\/news\/wp-json\/wp\/v2\/news-source?post=4841"},{"taxonomy":"is_homepage","embeddable":true,"href":"https:\/\/www.chiesedisicilia.org\/chiesedisicilia\/news\/wp-json\/wp\/v2\/is_homepage?post=4841"},{"taxonomy":"ta_other","embeddable":true,"href":"https:\/\/www.chiesedisicilia.org\/chiesedisicilia\/news\/wp-json\/wp\/v2\/ta_other?post=4841"}],"curies":[{"name":"wp","href":"https:\/\/api.w.org\/{rel}","templated":true}]}}