{"id":4840,"date":"2015-03-19T18:00:00","date_gmt":"2015-03-19T17:00:00","guid":{"rendered":"http:\/\/wptestsite.tecnavia.com\/chiesedisicilia_clientsite\/news\/2015\/03\/19\/trapani-il-futuro-della-memoria-larchivio-diocesano-incontra-le-scuole\/"},"modified":"2018-11-12T07:58:52","modified_gmt":"2018-01-16T07:58:52","slug":"trapani-il-futuro-della-memoria-larchivio-diocesano-incontra-le-scuole","status":"publish","type":"post","link":"https:\/\/www.chiesedisicilia.org\/2015\/03\/19\/trapani-il-futuro-della-memoria-larchivio-diocesano-incontra-le-scuole\/","title":{"rendered":"TRAPANI. IL FUTURO DELLA MEMORIA: L\u2019ARCHIVIO DIOCESANO INCONTRA LE SCUOLE"},"content":{"rendered":"<div><span style=\"font-size: medium;\"><span style=\"font-family: 'Times New Roman';\">L\u2019Archivio diocesano di Trapani incontra le scuole. Fino al prossimo mese di maggio \u00e8 possibile prenotare la visita della nuova sede al secondo piano del Palazzo vescovile dove il personale specializzato proporr\u00e0 agli studenti un vero e proprio viaggio nella storia, grazie ad un patrimonio documentario costituito da circa 2500 unit\u00e0 tra pergamene, buste, registri, rolli, mazzi, pacchi legati, volumi, risalenti ad un\u2019epoca di molto anteriore alla effettiva fondazione della Diocesi.<\/span><\/span><span style=\"font-size:12.0pt;font-family:\"Times New Roman\",\"serif\"\"><o:p><\/o:p><\/span><\/div>\n<div><span style=\"font-size: medium;\"><span style=\"font-family: 'Times New Roman';\">In particolar modo, agli studenti saranno mostrati documenti che illustrano la storia delle famiglie, della societ\u00e0 e della fede nella citt\u00e0 e nel suo territorio sin dalla fine del XV secolo, con la proiezione di immagini in cui sar\u00e0 mostrato anche l\u2019affascinante lavoro di riordino condotto \u00a0negli ultimi anni.<\/span><\/span><span style=\"font-size:12.0pt;font-family:\"Times New Roman\",\"serif\"\"><o:p><\/o:p><\/span><\/div>\n<div><span style=\"font-size: medium;\"><span style=\"font-family: 'Times New Roman';\">L&#8217;iniziativa dell&#8217;Archivio diocesano di Trapani nasce dal desiderio di fare dell&#8217;archivio non solo un luogo per gli studiosi e gli addetti ai lavori, ma un centro aperto alla citt\u00e0 in un\u2019ideale restituzione della memoria.\u00a0All\u2019iniziativa hanno gi\u00e0 partecipato diverse classi dell\u2019Istituto comprensivo \u201cEugenio Pertini\u201d di Trapani.<\/span><\/span><span style=\"font-size:12.0pt;font-family:\"Times New Roman\",\"serif\"\"><o:p><\/o:p><\/span><\/div>\n<div><span style=\"font-size: medium;\"><span style=\"font-family: 'Times New Roman';\">Per prenotare una visita \u00e8 necessario chiamare il numero 0923\/432418 nei giorni di luned\u00ec, mercoled\u00ec e venerd\u00ec dalle ore 9.00 alle ore 12.00. [01]<\/span><\/span><span style=\"font-size:12.0pt;font-family:\"Times New Roman\",\"serif\"\"><o:p><\/o:p><\/span><\/div>\n","protected":false},"excerpt":{"rendered":"","protected":false},"author":1,"featured_media":0,"comment_status":"open","ping_status":"open","sticky":false,"template":"","format":"standard","meta":[],"categories":[30],"tags":[],"news-destination":[],"news-source":[],"is_homepage":[],"ta_other":[],"_links":{"self":[{"href":"https:\/\/www.chiesedisicilia.org\/chiesedisicilia\/news\/wp-json\/wp\/v2\/posts\/4840"}],"collection":[{"href":"https:\/\/www.chiesedisicilia.org\/chiesedisicilia\/news\/wp-json\/wp\/v2\/posts"}],"about":[{"href":"https:\/\/www.chiesedisicilia.org\/chiesedisicilia\/news\/wp-json\/wp\/v2\/types\/post"}],"author":[{"embeddable":true,"href":"https:\/\/www.chiesedisicilia.org\/chiesedisicilia\/news\/wp-json\/wp\/v2\/users\/1"}],"replies":[{"embeddable":true,"href":"https:\/\/www.chiesedisicilia.org\/chiesedisicilia\/news\/wp-json\/wp\/v2\/comments?post=4840"}],"version-history":[{"count":1,"href":"https:\/\/www.chiesedisicilia.org\/chiesedisicilia\/news\/wp-json\/wp\/v2\/posts\/4840\/revisions"}],"predecessor-version":[{"id":23297,"href":"https:\/\/www.chiesedisicilia.org\/chiesedisicilia\/news\/wp-json\/wp\/v2\/posts\/4840\/revisions\/23297"}],"wp:attachment":[{"href":"https:\/\/www.chiesedisicilia.org\/chiesedisicilia\/news\/wp-json\/wp\/v2\/media?parent=4840"}],"wp:term":[{"taxonomy":"category","embeddable":true,"href":"https:\/\/www.chiesedisicilia.org\/chiesedisicilia\/news\/wp-json\/wp\/v2\/categories?post=4840"},{"taxonomy":"post_tag","embeddable":true,"href":"https:\/\/www.chiesedisicilia.org\/chiesedisicilia\/news\/wp-json\/wp\/v2\/tags?post=4840"},{"taxonomy":"news-destination","embeddable":true,"href":"https:\/\/www.chiesedisicilia.org\/chiesedisicilia\/news\/wp-json\/wp\/v2\/news-destination?post=4840"},{"taxonomy":"news-source","embeddable":true,"href":"https:\/\/www.chiesedisicilia.org\/chiesedisicilia\/news\/wp-json\/wp\/v2\/news-source?post=4840"},{"taxonomy":"is_homepage","embeddable":true,"href":"https:\/\/www.chiesedisicilia.org\/chiesedisicilia\/news\/wp-json\/wp\/v2\/is_homepage?post=4840"},{"taxonomy":"ta_other","embeddable":true,"href":"https:\/\/www.chiesedisicilia.org\/chiesedisicilia\/news\/wp-json\/wp\/v2\/ta_other?post=4840"}],"curies":[{"name":"wp","href":"https:\/\/api.w.org\/{rel}","templated":true}]}}