{"id":4834,"date":"2015-02-19T17:12:00","date_gmt":"2015-02-19T16:12:00","guid":{"rendered":"http:\/\/wptestsite.tecnavia.com\/chiesedisicilia_clientsite\/news\/2015\/02\/19\/trapani-le-ali-della-convivenza-civile-si-aprano-ad-una-maggiore-responsabilita-verso-la-vita\/"},"modified":"2018-11-12T07:58:52","modified_gmt":"2018-01-16T07:58:52","slug":"trapani-le-ali-della-convivenza-civile-si-aprano-ad-una-maggiore-responsabilita-verso-la-vita","status":"publish","type":"post","link":"https:\/\/www.chiesedisicilia.org\/2015\/02\/19\/trapani-le-ali-della-convivenza-civile-si-aprano-ad-una-maggiore-responsabilita-verso-la-vita\/","title":{"rendered":"TRAPANI. &#8220;LE ALI DELLA CONVIVENZA CIVILE SI APRANO AD UNA MAGGIORE RESPONSABILIT\u00c0 VERSO LA VITA&#8221;"},"content":{"rendered":"<div><span style=\"font-size: medium;\"><span style=\"font-family: 'Times New Roman';\">Si sono svolti questo pomeriggio a Trapani nella parrocchia \u201cNostra Signora di Loreto\u201d i funerali del piccolo Daniel Casanello, il bimbo di 23 mesi deceduto in ospedale, a Trapani<span style=\"color: rgb(31, 73, 125);\">,<\/span> per cause ancora non chiarite. La celebrazione eucaristica \u00e8 stata presieduta dal vescovo Pietro Maria Fragnelli che ha voluto testimoniare cos\u00ec la vicinanza di tutta la chiesa trapanese alla famiglia del piccolo. <\/span><\/span><span style=\"font-size:12.0pt;font-family:\"Times New Roman\",\"serif\";color:#1F497D\"><o:p><\/o:p><\/span><\/div>\n<div><span style=\"font-size: medium;\"><span style=\"font-family: 'Times New Roman';\">\u201cQuesta chiesa di Nostra Signora di Loreto \u2013 ha detto mons. Fragnelli &#8211; ha aperto le braccia per accogliere tutti noi, desiderosi di fare corona al piccolo Daniel. \u00a0Noi insieme, ora, siamo chiamati a pregare per lui, affinch\u00e9 il suo volo eterno sia lieve e sorridente, ma anche provocatorio e fecondo per tutti noi. La nostra preghiera ci invita ad aprire le nostre ali per continuare ad accogliere questo bambino e il suo messaggio. Le ali aperte di Daniel \u2013 ha continuato il vescovo &#8211; sono un messaggio chiaro e forte verso la nostra citt\u00e0 e tutte le sue strutture, affinch\u00e9 le ali della nostra convivenza civile si aprano ad una maggiore responsabilit\u00e0 verso la vita, \u00a0per accogliere, abbracciare, tutelare ogni vita, ogni persona. Un abbraccio da tutta la comunit\u00e0 della Chiesa di Dio che \u00e8 in Trapani ai familiari di Daniel: il Signore della vita vi dia la consolazione che solo Lui pu\u00f2 donare\u201d. <\/span><\/span><span style=\"font-size:12.0pt;font-family:\"Times New Roman\",\"serif\";color:#1F497D\"><o:p><\/o:p><\/span><\/div>\n<div><span style=\"font-size: medium;\"><span style=\"font-family: 'Times New Roman';\">Alla comunit\u00e0 cristiana il vescovo ha chiesto di \u00a0mostrare le sue braccia aperte per sostenere i pi\u00f9 bisognosi: \u201cApri le tue braccia, comunit\u00e0 cristiana, ed accogli ogni dolore, ogni miseria. Fatti ala che sostiene le ali dei piccoli e dei poveri nel loro difficile volo\u201d. [01]<\/span><\/span><span style=\"font-size: 12pt; font-family: 'Times New Roman', serif;\"><o:p><\/o:p><\/span><\/div>\n","protected":false},"excerpt":{"rendered":"","protected":false},"author":1,"featured_media":0,"comment_status":"open","ping_status":"open","sticky":false,"template":"","format":"standard","meta":[],"categories":[30],"tags":[],"news-destination":[],"news-source":[],"is_homepage":[],"ta_other":[],"_links":{"self":[{"href":"https:\/\/www.chiesedisicilia.org\/chiesedisicilia\/news\/wp-json\/wp\/v2\/posts\/4834"}],"collection":[{"href":"https:\/\/www.chiesedisicilia.org\/chiesedisicilia\/news\/wp-json\/wp\/v2\/posts"}],"about":[{"href":"https:\/\/www.chiesedisicilia.org\/chiesedisicilia\/news\/wp-json\/wp\/v2\/types\/post"}],"author":[{"embeddable":true,"href":"https:\/\/www.chiesedisicilia.org\/chiesedisicilia\/news\/wp-json\/wp\/v2\/users\/1"}],"replies":[{"embeddable":true,"href":"https:\/\/www.chiesedisicilia.org\/chiesedisicilia\/news\/wp-json\/wp\/v2\/comments?post=4834"}],"version-history":[{"count":1,"href":"https:\/\/www.chiesedisicilia.org\/chiesedisicilia\/news\/wp-json\/wp\/v2\/posts\/4834\/revisions"}],"predecessor-version":[{"id":23295,"href":"https:\/\/www.chiesedisicilia.org\/chiesedisicilia\/news\/wp-json\/wp\/v2\/posts\/4834\/revisions\/23295"}],"wp:attachment":[{"href":"https:\/\/www.chiesedisicilia.org\/chiesedisicilia\/news\/wp-json\/wp\/v2\/media?parent=4834"}],"wp:term":[{"taxonomy":"category","embeddable":true,"href":"https:\/\/www.chiesedisicilia.org\/chiesedisicilia\/news\/wp-json\/wp\/v2\/categories?post=4834"},{"taxonomy":"post_tag","embeddable":true,"href":"https:\/\/www.chiesedisicilia.org\/chiesedisicilia\/news\/wp-json\/wp\/v2\/tags?post=4834"},{"taxonomy":"news-destination","embeddable":true,"href":"https:\/\/www.chiesedisicilia.org\/chiesedisicilia\/news\/wp-json\/wp\/v2\/news-destination?post=4834"},{"taxonomy":"news-source","embeddable":true,"href":"https:\/\/www.chiesedisicilia.org\/chiesedisicilia\/news\/wp-json\/wp\/v2\/news-source?post=4834"},{"taxonomy":"is_homepage","embeddable":true,"href":"https:\/\/www.chiesedisicilia.org\/chiesedisicilia\/news\/wp-json\/wp\/v2\/is_homepage?post=4834"},{"taxonomy":"ta_other","embeddable":true,"href":"https:\/\/www.chiesedisicilia.org\/chiesedisicilia\/news\/wp-json\/wp\/v2\/ta_other?post=4834"}],"curies":[{"name":"wp","href":"https:\/\/api.w.org\/{rel}","templated":true}]}}