{"id":4827,"date":"2015-02-12T11:24:00","date_gmt":"2015-02-12T10:24:00","guid":{"rendered":"http:\/\/wptestsite.tecnavia.com\/chiesedisicilia_clientsite\/news\/2015\/02\/12\/trapani-festa-di-carnevale-leggendo-ad-alta-voce\/"},"modified":"2018-11-12T07:58:52","modified_gmt":"2018-01-16T07:58:52","slug":"trapani-festa-di-carnevale-leggendo-ad-alta-voce","status":"publish","type":"post","link":"https:\/\/www.chiesedisicilia.org\/2015\/02\/12\/trapani-festa-di-carnevale-leggendo-ad-alta-voce\/","title":{"rendered":"TRAPANI. FESTA DI CARNEVALE&#8230; LEGGENDO AD ALTA VOCE"},"content":{"rendered":"<p class=\"MsoPlainText\" style=\"text-align:justify;text-justify:inter-ideograph\"><span style=\"font-size: medium;\"><span style=\"font-family: 'Times New Roman';\">Mercoled\u00ec 11 e gioved\u00ec 12 febbraio 2015 si terranno i prossimi appuntamenti con i laboratori di lettura ad alta voce per i pi\u00f9 piccoli presso la sezione \u201cIl piccolo principe\u201d della Biblioteca diocesana di Trapani. Il tema scelto per le letture sar\u00e0 la festa di Carnevale e, per l&#8217;occasione, i bambini parteciperanno ai laboratori in maschera<span style=\"color: rgb(31, 73, 125);\">. <\/span>La storia che verr\u00e0 letta \u00e8 \u201cIl topo dalla coda verde\u201d di Leo Lionni. A seguire una \u201cdolce merenda\u201d. Per i bambini dai 3 ai 5 anni il laboratorio si terr\u00e0 mercoled\u00ec e gioved\u00ec dalle ore 16.00 alle ore 17.00; per i bambini dai 6 agli 8 anni il laboratorio si terr\u00e0 invece solo gioved\u00ec 12 febbraio, dalle ore 18 alle ore 19. [01]<\/span><\/span><span style=\"font-size: 12pt; font-family: 'Times New Roman', serif;\"><o:p><\/o:p><\/span><\/p>\n","protected":false},"excerpt":{"rendered":"","protected":false},"author":1,"featured_media":0,"comment_status":"open","ping_status":"open","sticky":false,"template":"","format":"standard","meta":[],"categories":[30],"tags":[],"news-destination":[],"news-source":[],"is_homepage":[],"ta_other":[],"_links":{"self":[{"href":"https:\/\/www.chiesedisicilia.org\/chiesedisicilia\/news\/wp-json\/wp\/v2\/posts\/4827"}],"collection":[{"href":"https:\/\/www.chiesedisicilia.org\/chiesedisicilia\/news\/wp-json\/wp\/v2\/posts"}],"about":[{"href":"https:\/\/www.chiesedisicilia.org\/chiesedisicilia\/news\/wp-json\/wp\/v2\/types\/post"}],"author":[{"embeddable":true,"href":"https:\/\/www.chiesedisicilia.org\/chiesedisicilia\/news\/wp-json\/wp\/v2\/users\/1"}],"replies":[{"embeddable":true,"href":"https:\/\/www.chiesedisicilia.org\/chiesedisicilia\/news\/wp-json\/wp\/v2\/comments?post=4827"}],"version-history":[{"count":1,"href":"https:\/\/www.chiesedisicilia.org\/chiesedisicilia\/news\/wp-json\/wp\/v2\/posts\/4827\/revisions"}],"predecessor-version":[{"id":23288,"href":"https:\/\/www.chiesedisicilia.org\/chiesedisicilia\/news\/wp-json\/wp\/v2\/posts\/4827\/revisions\/23288"}],"wp:attachment":[{"href":"https:\/\/www.chiesedisicilia.org\/chiesedisicilia\/news\/wp-json\/wp\/v2\/media?parent=4827"}],"wp:term":[{"taxonomy":"category","embeddable":true,"href":"https:\/\/www.chiesedisicilia.org\/chiesedisicilia\/news\/wp-json\/wp\/v2\/categories?post=4827"},{"taxonomy":"post_tag","embeddable":true,"href":"https:\/\/www.chiesedisicilia.org\/chiesedisicilia\/news\/wp-json\/wp\/v2\/tags?post=4827"},{"taxonomy":"news-destination","embeddable":true,"href":"https:\/\/www.chiesedisicilia.org\/chiesedisicilia\/news\/wp-json\/wp\/v2\/news-destination?post=4827"},{"taxonomy":"news-source","embeddable":true,"href":"https:\/\/www.chiesedisicilia.org\/chiesedisicilia\/news\/wp-json\/wp\/v2\/news-source?post=4827"},{"taxonomy":"is_homepage","embeddable":true,"href":"https:\/\/www.chiesedisicilia.org\/chiesedisicilia\/news\/wp-json\/wp\/v2\/is_homepage?post=4827"},{"taxonomy":"ta_other","embeddable":true,"href":"https:\/\/www.chiesedisicilia.org\/chiesedisicilia\/news\/wp-json\/wp\/v2\/ta_other?post=4827"}],"curies":[{"name":"wp","href":"https:\/\/api.w.org\/{rel}","templated":true}]}}