{"id":4816,"date":"2014-12-29T22:27:00","date_gmt":"2014-12-29T21:27:00","guid":{"rendered":"http:\/\/wptestsite.tecnavia.com\/chiesedisicilia_clientsite\/news\/2014\/12\/29\/trapani-il-cantico-dei-cantici-per-celebrare-la-famiglia\/"},"modified":"2018-11-12T07:58:52","modified_gmt":"2018-01-16T07:58:52","slug":"trapani-il-cantico-dei-cantici-per-celebrare-la-famiglia","status":"publish","type":"post","link":"https:\/\/www.chiesedisicilia.org\/2014\/12\/29\/trapani-il-cantico-dei-cantici-per-celebrare-la-famiglia\/","title":{"rendered":"TRAPANI. IL CANTICO DEI CANTICI PER CELEBRARE LA FAMIGLIA"},"content":{"rendered":"<p class=\"MsoNoSpacing\"><span style=\"font-size: medium;\"><span style=\"font-family: 'Times New Roman';\">\u201cNon c\u2019\u00e8 poema d&#8217;amore pi\u00f9 conosciuto, pi\u00f9 commentato, pi\u00f9 tradotto nella Storia: il \u201cCantico dei cantici\u201d. Celebra l&#8217;amore umano in tutte le sue infinite sfaccettature, alle quali si pu\u00f2 alludere solo in chiave poetica: la lontananza, il cercarsi, il rincorrersi, il ritrovarsi, l&#8217;amplesso&#8230; ma il suo significato letterario, teologico e mistico \u00e8 anche molto oltre\u201d. Cos\u00ec una nota stampa annuncia che, per celebrare la domenica che la Chiesa dedica alla Sacra Famiglia,\u00a0domenica 28 dicembre 2014, l\u2019Ufficio diocesano di Pastorale familiare ha organizzato una\u00a0lettura commentata del \u201cCantico dei cantici\u201d cui daranno voce\u00a0Giancarlo Cara ed Erika Malato\u00a0con introduzione a cura del biblista\u00a0don Alberto Genovese. L\u2019incontro si terr\u00e0 a partire dalle ore 16.30 presso il\u00a0Seminario Vescovile di Erice Casa-Santa. [01]<\/span><\/span><span style=\"font-size:12.0pt;font-family:\"Times New Roman\",\"serif\";\nmso-fareast-font-family:\"Times New Roman\"\"><o:p><\/o:p><\/span><\/p>\n","protected":false},"excerpt":{"rendered":"","protected":false},"author":1,"featured_media":0,"comment_status":"open","ping_status":"open","sticky":false,"template":"","format":"standard","meta":[],"categories":[30],"tags":[],"news-destination":[],"news-source":[],"is_homepage":[],"ta_other":[],"_links":{"self":[{"href":"https:\/\/www.chiesedisicilia.org\/chiesedisicilia\/news\/wp-json\/wp\/v2\/posts\/4816"}],"collection":[{"href":"https:\/\/www.chiesedisicilia.org\/chiesedisicilia\/news\/wp-json\/wp\/v2\/posts"}],"about":[{"href":"https:\/\/www.chiesedisicilia.org\/chiesedisicilia\/news\/wp-json\/wp\/v2\/types\/post"}],"author":[{"embeddable":true,"href":"https:\/\/www.chiesedisicilia.org\/chiesedisicilia\/news\/wp-json\/wp\/v2\/users\/1"}],"replies":[{"embeddable":true,"href":"https:\/\/www.chiesedisicilia.org\/chiesedisicilia\/news\/wp-json\/wp\/v2\/comments?post=4816"}],"version-history":[{"count":1,"href":"https:\/\/www.chiesedisicilia.org\/chiesedisicilia\/news\/wp-json\/wp\/v2\/posts\/4816\/revisions"}],"predecessor-version":[{"id":23273,"href":"https:\/\/www.chiesedisicilia.org\/chiesedisicilia\/news\/wp-json\/wp\/v2\/posts\/4816\/revisions\/23273"}],"wp:attachment":[{"href":"https:\/\/www.chiesedisicilia.org\/chiesedisicilia\/news\/wp-json\/wp\/v2\/media?parent=4816"}],"wp:term":[{"taxonomy":"category","embeddable":true,"href":"https:\/\/www.chiesedisicilia.org\/chiesedisicilia\/news\/wp-json\/wp\/v2\/categories?post=4816"},{"taxonomy":"post_tag","embeddable":true,"href":"https:\/\/www.chiesedisicilia.org\/chiesedisicilia\/news\/wp-json\/wp\/v2\/tags?post=4816"},{"taxonomy":"news-destination","embeddable":true,"href":"https:\/\/www.chiesedisicilia.org\/chiesedisicilia\/news\/wp-json\/wp\/v2\/news-destination?post=4816"},{"taxonomy":"news-source","embeddable":true,"href":"https:\/\/www.chiesedisicilia.org\/chiesedisicilia\/news\/wp-json\/wp\/v2\/news-source?post=4816"},{"taxonomy":"is_homepage","embeddable":true,"href":"https:\/\/www.chiesedisicilia.org\/chiesedisicilia\/news\/wp-json\/wp\/v2\/is_homepage?post=4816"},{"taxonomy":"ta_other","embeddable":true,"href":"https:\/\/www.chiesedisicilia.org\/chiesedisicilia\/news\/wp-json\/wp\/v2\/ta_other?post=4816"}],"curies":[{"name":"wp","href":"https:\/\/api.w.org\/{rel}","templated":true}]}}