{"id":4815,"date":"2014-12-29T21:23:00","date_gmt":"2014-12-29T20:23:00","guid":{"rendered":"http:\/\/wptestsite.tecnavia.com\/chiesedisicilia_clientsite\/news\/2014\/12\/29\/trapani-il-bene-comune-tra-declino-e-riscoperta\/"},"modified":"2018-11-12T07:58:52","modified_gmt":"2018-01-16T07:58:52","slug":"trapani-il-bene-comune-tra-declino-e-riscoperta","status":"publish","type":"post","link":"https:\/\/www.chiesedisicilia.org\/2014\/12\/29\/trapani-il-bene-comune-tra-declino-e-riscoperta\/","title":{"rendered":"TRAPANI. \u201cIL BENE COMUNE: TRA DECLINO E RISCOPERTA\u201d"},"content":{"rendered":"<p class=\"MsoNormal\" style=\"margin-bottom: 0.0001pt; background-image: initial; background-attachment: initial; background-size: initial; background-origin: initial; background-clip: initial; background-position: initial; background-repeat: initial;\"><span style=\"font-size: medium;\"><span style=\"font-family: 'Times New Roman';\">\u201cOggi non abbiamo voluto vivere un incontro convenzionale ma un\u2019opportunit\u00e0. Opportunit\u00e0 per ascoltare una riflessione ma soprattutto per ascoltarci. La casa del vescovo \u00e8 una casa aperta a tutti, anche a chi non ha una fede o professa un\u2019altra religione, aperta per rendere \u00a0le istituzioni pi\u00f9 vicine tra loro avendo come fine non un bene \u201cparziale\u201d ma il \u201cbene comune\u201d. E\u2019 il commento del Vescovo Pietro Maria Fragnelli dopo il momento di riflessione vissuto nella Sala dei Vescovi con i rappresentanti delle autorit\u00e0 civili e militari in vista del Natale. L\u2019incontro \u00e8 iniziato con una meditazione sul senso del bene comune alla luce del discorso di Papa Francesco al parlamento europeo e dell\u2019invito di Luigi Sturzo: \u201cTutti devono concorrere al bene, ciascuno nel suo posto e con le sue piccole forze e tutti devono assumere la responsabilit\u00e0 dei fatti storici per quelli che hanno fatto e per quello che hanno omesso\u201d.<\/span><\/span><span style=\"font-size: 12pt; font-family: 'Times New Roman', serif;\"><o:p><\/o:p><\/span><\/p>\n<p class=\"MsoNormal\" style=\"margin-bottom: 0.0001pt; background-image: initial; background-attachment: initial; background-size: initial; background-origin: initial; background-clip: initial; background-position: initial; background-repeat: initial;\"><span style=\"font-size: medium;\"><span style=\"font-family: 'Times New Roman';\">Una riflessione declinata poi in vari interventi in un clima di grande informalit\u00e0 in cui ciascuno ha declinato una parola manifestando un\u2019esigenza e un impegno.<\/span><\/span><span style=\"font-size: 12pt; font-family: 'Times New Roman', serif;\"><o:p><\/o:p><\/span><\/p>\n<p class=\"MsoNormal\" style=\"margin-bottom: 0.0001pt; background-image: initial; background-attachment: initial; background-size: initial; background-origin: initial; background-clip: initial; background-position: initial; background-repeat: initial;\"><span style=\"font-size: medium;\"><span style=\"font-family: 'Times New Roman';\"><i><u>Dialogo\u00a0<\/u><\/i>\u00e8 stata la parola del prefetto Leopoldo Falco che ha sottolineato l\u2019importanza di parlare (la societ\u00e0 oggi ha bisogno moltissimo di parlare) ma parlare semplice, con parole vere intensificando il dialogo ed \u00a0evitando l\u2019arroganza, il male del nostro secolo, ha detto il prefetto;\u00a0<i><u>testimonianza<\/u><\/i>\u00a0la parola dell\u2019on. Mimmo Fazio secondo cui per raggiungere il bene comune bisogna essere testimoni di quello che si dice, dando l\u2019esempio con la coerenza tra parole e fatti.\u00a0<i><u>Comunicazione<\/u><\/i>\u00a0invece la parola su cui ha posto l\u2019accento il sindaco di Custonaci Giuseppe Bica che si \u00e8 soffermato sul ruolo della corretta informazione per il bene comune chiamando in causa gli operatori dei media ma anche la politica.\u00a0<i><u>Responsabilit\u00e0<\/u>\u00a0<\/i>la parola sintetizzata dal senatore Antonio D\u2019Al\u00ec: c\u2019\u00e8 una mancanza quella dell\u2019educazione alla responsabilit\u00e0, una mancanza nell\u2019individuazione dei centri di responsabilit\u00e0 che rischia di far omettere dal bene comune.\u00a0<i><u>Ascolto<\/u>\u00a0<\/i>la parola evocata da Fabio Bertolazzi di Confagricoltura: la cultura dell\u2019apparenza dell\u2019ultimo ventennio, ha detto l\u2019imprenditore, ci ha fatto dimenticare il senso del bene comune che spesso si \u00e8 confuso col bene personale e quindi l\u2019ascolto, in mezzo alla gente , della realt\u00e0 pu\u00f2 sostenere l\u2019impegno di imprenditori e istituzioni.<\/span><\/span><span style=\"font-size: 12pt; font-family: 'Times New Roman', serif;\"><o:p><\/o:p><\/span><\/p>\n<p class=\"MsoNormal\" style=\"margin-bottom: 0.0001pt; background-image: initial; background-attachment: initial; background-size: initial; background-origin: initial; background-clip: initial; background-position: initial; background-repeat: initial;\"><span style=\"font-size: medium;\"><span style=\"font-family: 'Times New Roman';\">\u201cCosa portiamo con noi in questo Natale? \u2013 \u00a0ha provato a sintetizzare, unificando, il Vescovo Fragnelli &#8211; \u00a0L\u2019importanza di perseverare nella logica dei piccoli passi, della testimonianza personale, della lealt\u00e0 istituzionale, della capacit\u00e0 di ascolto vincendo l\u2019arroganza di una certa autoreferenzialit\u00e0, stimolando la responsabilit\u00e0 personale perch\u00e9 tutti siamo corresponsabili di un percorso veramente costruttivo. Il vescovo ha citato l\u2019ultimo volume che ha letto, una storia siciliana, quella del giornalista Franco Viviano \u201cIo killer mancato\u201d in cui la scelta per il bene si \u00e8 trasformata in bene per la persona e in bene collettivo e professionale. Spezziamo la logica del \u201cmale comune\u201d \u2013 ha detto il Vescovo \u2013 partendo da noi stessi. Restiamo gente con i piedi per terra che portano avanti le proprie istituzioni e le fanno funzionare bene e per il bene ma non fermiamoci ad una logica efficientista: viviamo attraversati da una dimensione \u201cmistica\u201d che vivifica il nostro lavoro e la pu\u00f2 sempre orientare al bene comune e non ai beni parziali che finiscono per strumentalizzare le potenzialit\u00e0 di bene sociale e morale del nostro territorio\u201d.<\/span><\/span><span style=\"font-size: 12pt; font-family: 'Times New Roman', serif;\"><o:p><\/o:p><\/span><\/p>\n<p class=\"MsoNormal\" style=\"margin-bottom: 0.0001pt; background-image: initial; background-attachment: initial; background-size: initial; background-origin: initial; background-clip: initial; background-position: initial; background-repeat: initial;\"><span style=\"font-size: medium;\"><span style=\"font-family: 'Times New Roman';\">L\u2019incontro si \u00e8 \u00a0concluso con un momento di preghiera: un minuto di silenzio in piedi per rispettare la sensibilit\u00e0 culturale e religiosa di ciascuno; quindi \u00a0il vescovo ha letto la preghiera semplice di San Francesco. [01]<\/span><\/span><span style=\"font-size: 12pt; font-family: 'Times New Roman', serif;\"><o:p><\/o:p><\/span><\/p>\n","protected":false},"excerpt":{"rendered":"","protected":false},"author":1,"featured_media":0,"comment_status":"open","ping_status":"open","sticky":false,"template":"","format":"standard","meta":[],"categories":[30],"tags":[],"news-destination":[],"news-source":[],"is_homepage":[],"ta_other":[],"_links":{"self":[{"href":"https:\/\/www.chiesedisicilia.org\/chiesedisicilia\/news\/wp-json\/wp\/v2\/posts\/4815"}],"collection":[{"href":"https:\/\/www.chiesedisicilia.org\/chiesedisicilia\/news\/wp-json\/wp\/v2\/posts"}],"about":[{"href":"https:\/\/www.chiesedisicilia.org\/chiesedisicilia\/news\/wp-json\/wp\/v2\/types\/post"}],"author":[{"embeddable":true,"href":"https:\/\/www.chiesedisicilia.org\/chiesedisicilia\/news\/wp-json\/wp\/v2\/users\/1"}],"replies":[{"embeddable":true,"href":"https:\/\/www.chiesedisicilia.org\/chiesedisicilia\/news\/wp-json\/wp\/v2\/comments?post=4815"}],"version-history":[{"count":1,"href":"https:\/\/www.chiesedisicilia.org\/chiesedisicilia\/news\/wp-json\/wp\/v2\/posts\/4815\/revisions"}],"predecessor-version":[{"id":23272,"href":"https:\/\/www.chiesedisicilia.org\/chiesedisicilia\/news\/wp-json\/wp\/v2\/posts\/4815\/revisions\/23272"}],"wp:attachment":[{"href":"https:\/\/www.chiesedisicilia.org\/chiesedisicilia\/news\/wp-json\/wp\/v2\/media?parent=4815"}],"wp:term":[{"taxonomy":"category","embeddable":true,"href":"https:\/\/www.chiesedisicilia.org\/chiesedisicilia\/news\/wp-json\/wp\/v2\/categories?post=4815"},{"taxonomy":"post_tag","embeddable":true,"href":"https:\/\/www.chiesedisicilia.org\/chiesedisicilia\/news\/wp-json\/wp\/v2\/tags?post=4815"},{"taxonomy":"news-destination","embeddable":true,"href":"https:\/\/www.chiesedisicilia.org\/chiesedisicilia\/news\/wp-json\/wp\/v2\/news-destination?post=4815"},{"taxonomy":"news-source","embeddable":true,"href":"https:\/\/www.chiesedisicilia.org\/chiesedisicilia\/news\/wp-json\/wp\/v2\/news-source?post=4815"},{"taxonomy":"is_homepage","embeddable":true,"href":"https:\/\/www.chiesedisicilia.org\/chiesedisicilia\/news\/wp-json\/wp\/v2\/is_homepage?post=4815"},{"taxonomy":"ta_other","embeddable":true,"href":"https:\/\/www.chiesedisicilia.org\/chiesedisicilia\/news\/wp-json\/wp\/v2\/ta_other?post=4815"}],"curies":[{"name":"wp","href":"https:\/\/api.w.org\/{rel}","templated":true}]}}