{"id":48,"date":"2018-05-07T09:22:12","date_gmt":"2018-05-07T07:22:12","guid":{"rendered":"http:\/\/euwp06.tecnavia.com\/chiesedisicilia\/news\/?p=48"},"modified":"2018-05-07T09:22:52","modified_gmt":"2017-07-11T09:22:52","slug":"caritas-e-migrantes-dati-ragioni-del-fenomeno-problematiche-dellaccoglienza","status":"publish","type":"post","link":"https:\/\/www.chiesedisicilia.org\/2018\/05\/07\/caritas-e-migrantes-dati-ragioni-del-fenomeno-problematiche-dellaccoglienza\/","title":{"rendered":"CARITAS E MIGRANTES. \u201cDATI, RAGIONI DEL FENOMENO, PROBLEMATICHE DELL\u2019ACCOGLIENZA\u201d"},"content":{"rendered":"<h3>Don Francesco Soddu sulle difficolt\u00e0 e le risposte straordinarie al fenomeno immigrazione<\/h3>\n<p>\u201cGuerre, conflitti e persecuzioni, ma anche cambiamenti climatici e quella povert\u00e0 che deriva dalla disparit\u00e0 nell\u2019accesso alle risorse naturali ed economiche costringono un numero elevatissimo di persone, oggi pi\u00f9 che in ogni altro periodo storico, a lasciare le proprie case e a rifugiarsi altrove\u201d. Cause ed effetti del fenomeno migratorio sono stati al centro dell\u2019intervento di don Francesco Soddu, direttore di Caritas Italiana, al IV Convegno regionale \u201cCaritas e Migrantes: insieme per la Promozione della dignit\u00e0 dei migranti\u201d (Cefal\u00f9, 14 \u2013 15 ottobre 2016).\u201cIn questo quadro migratorio si inserisce la cosiddetta macchina dell\u2019accoglienza italiana che ha richiesto un crescente sforzo da parte delle istituzioni e del privato sociale \u2013 ha detto il direttore di Caritas Italiana &#8211; affinch\u00e9 si adeguasse il sistema esistente, assolutamente sottodimensionato rispetto ad una realt\u00e0 che, in pochi anni, ha visto aumentare esponenzialmente il numero di richiedenti la protezione internazionale sbarcati sulle nostre coste. I Comuni \u2013 ha aggiunto -, circa il 75%, sono reticenti ad accogliere: su 8mila solo 2.026, uno su quattro, accolgono e quelli che lo fanno vanno spesso oltre la loro capacit\u00e0\u201d.Parlando di minori stranieri accompagnati, Soddu ha evidenziato che \u201cil sistema non c\u2019\u00e8\u201d.E\u2019 stato analizzato il ruolo delle strutture ecclesiali nel percorso di accoglienza dei migranti. Particolare attenzione \u00e8 stata posta sull\u2019appello alle parrocchie lanciato da Papa Francesco e al Progetto Caritas \u201cRifugiato in casa mia\u201d.\u201cLa risposta delle Chiese locali \u00e8 stata\u00a0 e continua ad essere straordinaria: pi\u00f9 di un quinto del sistema di accoglienza italiano \u00e8 garantito dalle diocesi \u2013 ha detto don Francesco Soddu &#8211; che, in collaborazione con le istituzioni nazionali e locali, svolgono un ruolo strategico nella gestione dei flussi migratori. Le difficolt\u00e0 ci sono, ma la volont\u00e0 e la capacit\u00e0 che la Chiesa sta dimostrando \u00e8 senza precedenti\u201d. [01]<\/p>\n","protected":false},"excerpt":{"rendered":"","protected":false},"author":1,"featured_media":0,"comment_status":"open","ping_status":"open","sticky":false,"template":"","format":"standard","meta":[],"categories":[7],"tags":[],"news-destination":[],"news-source":[],"is_homepage":[],"ta_other":[],"_links":{"self":[{"href":"https:\/\/www.chiesedisicilia.org\/chiesedisicilia\/news\/wp-json\/wp\/v2\/posts\/48"}],"collection":[{"href":"https:\/\/www.chiesedisicilia.org\/chiesedisicilia\/news\/wp-json\/wp\/v2\/posts"}],"about":[{"href":"https:\/\/www.chiesedisicilia.org\/chiesedisicilia\/news\/wp-json\/wp\/v2\/types\/post"}],"author":[{"embeddable":true,"href":"https:\/\/www.chiesedisicilia.org\/chiesedisicilia\/news\/wp-json\/wp\/v2\/users\/1"}],"replies":[{"embeddable":true,"href":"https:\/\/www.chiesedisicilia.org\/chiesedisicilia\/news\/wp-json\/wp\/v2\/comments?post=48"}],"version-history":[{"count":2,"href":"https:\/\/www.chiesedisicilia.org\/chiesedisicilia\/news\/wp-json\/wp\/v2\/posts\/48\/revisions"}],"predecessor-version":[{"id":50,"href":"https:\/\/www.chiesedisicilia.org\/chiesedisicilia\/news\/wp-json\/wp\/v2\/posts\/48\/revisions\/50"}],"wp:attachment":[{"href":"https:\/\/www.chiesedisicilia.org\/chiesedisicilia\/news\/wp-json\/wp\/v2\/media?parent=48"}],"wp:term":[{"taxonomy":"category","embeddable":true,"href":"https:\/\/www.chiesedisicilia.org\/chiesedisicilia\/news\/wp-json\/wp\/v2\/categories?post=48"},{"taxonomy":"post_tag","embeddable":true,"href":"https:\/\/www.chiesedisicilia.org\/chiesedisicilia\/news\/wp-json\/wp\/v2\/tags?post=48"},{"taxonomy":"news-destination","embeddable":true,"href":"https:\/\/www.chiesedisicilia.org\/chiesedisicilia\/news\/wp-json\/wp\/v2\/news-destination?post=48"},{"taxonomy":"news-source","embeddable":true,"href":"https:\/\/www.chiesedisicilia.org\/chiesedisicilia\/news\/wp-json\/wp\/v2\/news-source?post=48"},{"taxonomy":"is_homepage","embeddable":true,"href":"https:\/\/www.chiesedisicilia.org\/chiesedisicilia\/news\/wp-json\/wp\/v2\/is_homepage?post=48"},{"taxonomy":"ta_other","embeddable":true,"href":"https:\/\/www.chiesedisicilia.org\/chiesedisicilia\/news\/wp-json\/wp\/v2\/ta_other?post=48"}],"curies":[{"name":"wp","href":"https:\/\/api.w.org\/{rel}","templated":true}]}}