{"id":4779,"date":"2014-05-27T12:54:00","date_gmt":"2014-05-27T10:54:00","guid":{"rendered":"http:\/\/wptestsite.tecnavia.com\/chiesedisicilia_clientsite\/news\/2014\/05\/27\/trapani-fly-with-me-follow-me-sport-e-condivisione\/"},"modified":"2018-11-12T07:58:52","modified_gmt":"2018-01-16T07:58:52","slug":"trapani-fly-with-me-follow-me-sport-e-condivisione","status":"publish","type":"post","link":"https:\/\/www.chiesedisicilia.org\/2014\/05\/27\/trapani-fly-with-me-follow-me-sport-e-condivisione\/","title":{"rendered":"TRAPANI. &#8220;FLY WITH ME&#8230;FOLLOW ME&#8221;: &#8220;SPORT E CONDIVISIONE&#8221;"},"content":{"rendered":"<p class=\"MsoNoSpacing\"><span style=\"font-size: medium;\"><span style=\"font-family: 'Times New Roman';\">Si tiene marted\u00ec 27 maggio, alle ore 18.30, presso l\u2019Oratorio salesiano di Trapanila terza tappa del ciclo d\u2019incontri \u201cFly with me&#8230;Follow me \u2013 I giovani incontrano le istituzioni\u201d promosso dalla Diocesi di Trapani per favorire la conoscenza e uno scambio di buone pratiche tra i giovani delle comunit\u00e0 ecclesiali e le istituzioni.<\/span><\/span><span style=\"font-size: 12pt; font-family: 'Times New Roman', serif;\"><o:p><\/o:p><\/span><\/p>\n<p class=\"MsoNoSpacing\"><span style=\"font-size: medium;\"><span style=\"font-family: 'Times New Roman';\">Dopo gli incontri con il prefetto e con gli imprenditori, l\u2019appuntamento tanto atteso dai giovani su \u201cSport e condivisione\u201d con i giocatori del Trapani Calcio guidati dalla direttrice generale Anne Marie Collart Morace.<\/span><\/span><span style=\"font-size: 12pt; font-family: 'Times New Roman', serif;\"><o:p><\/o:p><\/span><\/p>\n<p class=\"MsoNoSpacing\"><span style=\"font-size: medium;\"><span style=\"font-family: 'Times New Roman';\">L\u2019incontro si apre nel campetto dell\u2019oratorio con la preghiera dello sportivo presieduta dal Vescovo, mons. Pietro Maria Fragnelli. Segue \u00a0la presentazione delle squadre a cura della speaker del Trapani Calcio Claudia Parrinello e la proiezione di un video sull\u2019esperienza sportiva vissuta dagli oratori dei salesiani, quello \u201cSan Giovanni XXIII\u201d di Rilievo, dal Centro Sportivo Italiano e dall\u2019Azione Cattolica ragazzi a cura di Francesco Siro.<\/span><\/span><span style=\"font-size: 12pt; font-family: 'Times New Roman', serif;\"><o:p><\/o:p><\/span><\/p>\n<p class=\"MsoNoSpacing\"><span style=\"font-size: medium;\"><span style=\"font-family: 'Times New Roman';\">Quindi l\u2019incontro si sposta all\u2019interno, presso il Teatro don Bosco ,con il faccia a faccia tra i giovani della Diocesi, alcuni giocatori e la direttrice generale Anne Marie Morace. L\u2019incontro \u00e8 moderato dal giornalista Enzo Biondo.<\/span><\/span><span style=\"font-size: 12pt; font-family: 'Times New Roman', serif;\"><o:p><\/o:p><\/span><\/p>\n<p class=\"MsoNoSpacing\"><span style=\"font-size: medium;\"><span style=\"font-family: 'Times New Roman';\">Per concludere giovani e giocatori tornano a giocare insieme nel campo dell\u2019oratorio dove si esibir\u00e0 tra l\u2019altro Nino Lisotta, campione italiano di Tiro con l\u2019Arco nel 2010 che con la sua presenza e la sua abilit\u00e0, testimonier\u00e0 ai ragazzi che lo sport \u00e8 per tutti e non esistono barriere<span style=\"background-color: rgb(244, 244, 244);\">.<\/span><\/span><\/span><span style=\"font-size: 12pt; font-family: 'Times New Roman', serif;\"><span style=\"background:#F4F4F4\"><o:p><\/o:p><\/span><\/span><\/p>\n<p class=\"MsoNoSpacing\"><span style=\"font-size: medium;\"><span style=\"font-family: 'Times New Roman';\">Lo scambio delle maglie tra i giocatori del Trapani Calcio e le associazioni ecclesiali che si occupano di educare i giovani con lo sport, sancir\u00e0 l\u2019alleanza educativa al servizio della condivisione anche nell\u2019attivit\u00e0 sportiva. [01]<\/span><\/span><span style=\"font-size: 12pt; font-family: 'Times New Roman', serif;\"><o:p><\/o:p><\/span><\/p>\n","protected":false},"excerpt":{"rendered":"","protected":false},"author":1,"featured_media":0,"comment_status":"open","ping_status":"open","sticky":false,"template":"","format":"standard","meta":[],"categories":[30],"tags":[],"news-destination":[],"news-source":[],"is_homepage":[],"ta_other":[],"_links":{"self":[{"href":"https:\/\/www.chiesedisicilia.org\/chiesedisicilia\/news\/wp-json\/wp\/v2\/posts\/4779"}],"collection":[{"href":"https:\/\/www.chiesedisicilia.org\/chiesedisicilia\/news\/wp-json\/wp\/v2\/posts"}],"about":[{"href":"https:\/\/www.chiesedisicilia.org\/chiesedisicilia\/news\/wp-json\/wp\/v2\/types\/post"}],"author":[{"embeddable":true,"href":"https:\/\/www.chiesedisicilia.org\/chiesedisicilia\/news\/wp-json\/wp\/v2\/users\/1"}],"replies":[{"embeddable":true,"href":"https:\/\/www.chiesedisicilia.org\/chiesedisicilia\/news\/wp-json\/wp\/v2\/comments?post=4779"}],"version-history":[{"count":1,"href":"https:\/\/www.chiesedisicilia.org\/chiesedisicilia\/news\/wp-json\/wp\/v2\/posts\/4779\/revisions"}],"predecessor-version":[{"id":23236,"href":"https:\/\/www.chiesedisicilia.org\/chiesedisicilia\/news\/wp-json\/wp\/v2\/posts\/4779\/revisions\/23236"}],"wp:attachment":[{"href":"https:\/\/www.chiesedisicilia.org\/chiesedisicilia\/news\/wp-json\/wp\/v2\/media?parent=4779"}],"wp:term":[{"taxonomy":"category","embeddable":true,"href":"https:\/\/www.chiesedisicilia.org\/chiesedisicilia\/news\/wp-json\/wp\/v2\/categories?post=4779"},{"taxonomy":"post_tag","embeddable":true,"href":"https:\/\/www.chiesedisicilia.org\/chiesedisicilia\/news\/wp-json\/wp\/v2\/tags?post=4779"},{"taxonomy":"news-destination","embeddable":true,"href":"https:\/\/www.chiesedisicilia.org\/chiesedisicilia\/news\/wp-json\/wp\/v2\/news-destination?post=4779"},{"taxonomy":"news-source","embeddable":true,"href":"https:\/\/www.chiesedisicilia.org\/chiesedisicilia\/news\/wp-json\/wp\/v2\/news-source?post=4779"},{"taxonomy":"is_homepage","embeddable":true,"href":"https:\/\/www.chiesedisicilia.org\/chiesedisicilia\/news\/wp-json\/wp\/v2\/is_homepage?post=4779"},{"taxonomy":"ta_other","embeddable":true,"href":"https:\/\/www.chiesedisicilia.org\/chiesedisicilia\/news\/wp-json\/wp\/v2\/ta_other?post=4779"}],"curies":[{"name":"wp","href":"https:\/\/api.w.org\/{rel}","templated":true}]}}