{"id":4772,"date":"2014-05-08T09:42:00","date_gmt":"2014-05-08T07:42:00","guid":{"rendered":"http:\/\/wptestsite.tecnavia.com\/chiesedisicilia_clientsite\/news\/2014\/05\/08\/trapani-il-vescovo-ai-giovani-custodi-dei-beni-piu-cari\/"},"modified":"2018-11-12T07:58:52","modified_gmt":"2018-01-16T07:58:52","slug":"trapani-il-vescovo-ai-giovani-custodi-dei-beni-piu-cari","status":"publish","type":"post","link":"https:\/\/www.chiesedisicilia.org\/2014\/05\/08\/trapani-il-vescovo-ai-giovani-custodi-dei-beni-piu-cari\/","title":{"rendered":"TRAPANI. IL VESCOVO AI GIOVANI: &#8220;CUSTODI DEI BENI PI\u00d9 CARI&#8221;"},"content":{"rendered":"<p class=\"MsoNoSpacing\"><span style=\"font-size: medium;\"><span style=\"font-family: 'Times New Roman';\">In occasione della 51\u00b0 giornata mondiale delle vocazioni che si celebra domenica 11 maggio, nelle parrocchie della Diocesi si terranno veglie e momenti di preghiera vocazionali,il Vescovo mons. Pietro Maria Fragnelli ha scritto un messaggio ai giovani con un accorato appello a \u201cmettere a disposizione di Ges\u00f9 non solo qualche ora o qualche battito del cuore\u201d ma tutta la vita \u201cfatta non solo di fragilit\u00e0 ma anche di sorprendente creativit\u00e0\u201d. <\/span><\/span><span style=\"font-size:12.0pt;font-family:\"Times New Roman\",\"serif\"\"><o:p><\/o:p><\/span><\/p>\n<p class=\"MsoNoSpacing\"><span style=\"font-size: medium;\"><span style=\"font-family: 'Times New Roman';\">\u201cSo bene che nel vostro cuore ci sono anzitutto preoccupazioni per il lavoro che vi manca o sogni affettivi che spesso deludono \u2013 scrive il Vescovo &#8211; So che la situazione di crisi e la comunicazione di massa spesso vi spingono a investire troppo su eventi collettivi (musica, sport, turismo) che non sempre ripagano, a rinviare continuamente scelte importanti della vita. Come vorrei accompagnare ciascuno di voi! Come vorrei poter chiedere a ciascuno di voi di darmi una mano ad accompagnare altri giovani in difficolt\u00e0! I sacerdoti non ce la fanno da soli, le suore domandano aiuto per aiutare! Noi tutti battezzati sappiamo che ci sono risorse straordinarie poste da Dio nel cuore dei giovani, ma scarseggiano uomini e donne disponibili a tempo pieno per farle riconoscere e fiorire. Il vescovo afferma che i giovani sono \u201ci beni a lui pi\u00f9 cari\u201d e che ai giovani desidera affidare \u201ci beni pi\u00f9 cari\u201d.<\/span><\/span><span style=\"font-size:12.0pt;font-family:\"Times New Roman\",\"serif\"\"><o:p><\/o:p><\/span><\/p>\n<p class=\"MsoNoSpacing\"><span style=\"font-size: medium;\"><span style=\"font-family: 'Times New Roman';\">\u201cCon voi mi rivolgo al cuore di Dio, gli chiedo di indicarmi quali ragazzi e ragazze intende scegliere oggi per continuare ad affidare loro i beni pi\u00f9 cari. Mi direte: di quali beni si tratta? Non beni materiali, terre o palazzi, conti in banca o imprese, e cose di questo genere. I beni pi\u00f9 cari di Dio sono la speranza e la felicit\u00e0, l\u2019amore e la verit\u00e0, la giustizia e la libert\u00e0. Beni che hanno un nome: Ges\u00f9 e Maria, i bambini e le donne, i poveri e l\u2019umanit\u00e0 intera.<\/span><\/span><span style=\"font-size:12.0pt;font-family:\"Times New Roman\",\"serif\"\"><o:p><\/o:p><\/span><\/p>\n<p class=\"MsoNoSpacing\"><span style=\"font-size: medium;\"><span style=\"font-family: 'Times New Roman';\">Dal cuore della nostra Chiesa diocesana vi giunge un appello accorato. Sono certo che anche voi mi ascolterete. Molti di voi metterete a disposizione di Ges\u00f9 non solo qualche ora o qualche battito del vostro cuore, ma tutta la vostra storia, fatta non solo di fragilit\u00e0, ma anche di sorprendente creativit\u00e0. Domenica 11 maggio, invocheremo insieme Ges\u00f9 Buon Pastore perch\u00e9 mandi giovani generosi e coraggiosi in questa straordinaria avventura di amore e servizio che \u00e8 la vocazione sacerdotale!\u201d. [01]<\/span><\/span><span style=\"font-size:12.0pt;font-family:\"Times New Roman\",\"serif\"\"><o:p><\/o:p><\/span><\/p>\n","protected":false},"excerpt":{"rendered":"","protected":false},"author":1,"featured_media":0,"comment_status":"open","ping_status":"open","sticky":false,"template":"","format":"standard","meta":[],"categories":[30],"tags":[],"news-destination":[],"news-source":[],"is_homepage":[],"ta_other":[],"_links":{"self":[{"href":"https:\/\/www.chiesedisicilia.org\/chiesedisicilia\/news\/wp-json\/wp\/v2\/posts\/4772"}],"collection":[{"href":"https:\/\/www.chiesedisicilia.org\/chiesedisicilia\/news\/wp-json\/wp\/v2\/posts"}],"about":[{"href":"https:\/\/www.chiesedisicilia.org\/chiesedisicilia\/news\/wp-json\/wp\/v2\/types\/post"}],"author":[{"embeddable":true,"href":"https:\/\/www.chiesedisicilia.org\/chiesedisicilia\/news\/wp-json\/wp\/v2\/users\/1"}],"replies":[{"embeddable":true,"href":"https:\/\/www.chiesedisicilia.org\/chiesedisicilia\/news\/wp-json\/wp\/v2\/comments?post=4772"}],"version-history":[{"count":1,"href":"https:\/\/www.chiesedisicilia.org\/chiesedisicilia\/news\/wp-json\/wp\/v2\/posts\/4772\/revisions"}],"predecessor-version":[{"id":23233,"href":"https:\/\/www.chiesedisicilia.org\/chiesedisicilia\/news\/wp-json\/wp\/v2\/posts\/4772\/revisions\/23233"}],"wp:attachment":[{"href":"https:\/\/www.chiesedisicilia.org\/chiesedisicilia\/news\/wp-json\/wp\/v2\/media?parent=4772"}],"wp:term":[{"taxonomy":"category","embeddable":true,"href":"https:\/\/www.chiesedisicilia.org\/chiesedisicilia\/news\/wp-json\/wp\/v2\/categories?post=4772"},{"taxonomy":"post_tag","embeddable":true,"href":"https:\/\/www.chiesedisicilia.org\/chiesedisicilia\/news\/wp-json\/wp\/v2\/tags?post=4772"},{"taxonomy":"news-destination","embeddable":true,"href":"https:\/\/www.chiesedisicilia.org\/chiesedisicilia\/news\/wp-json\/wp\/v2\/news-destination?post=4772"},{"taxonomy":"news-source","embeddable":true,"href":"https:\/\/www.chiesedisicilia.org\/chiesedisicilia\/news\/wp-json\/wp\/v2\/news-source?post=4772"},{"taxonomy":"is_homepage","embeddable":true,"href":"https:\/\/www.chiesedisicilia.org\/chiesedisicilia\/news\/wp-json\/wp\/v2\/is_homepage?post=4772"},{"taxonomy":"ta_other","embeddable":true,"href":"https:\/\/www.chiesedisicilia.org\/chiesedisicilia\/news\/wp-json\/wp\/v2\/ta_other?post=4772"}],"curies":[{"name":"wp","href":"https:\/\/api.w.org\/{rel}","templated":true}]}}