{"id":4742,"date":"2014-01-23T13:08:00","date_gmt":"2014-01-23T12:08:00","guid":{"rendered":"http:\/\/wptestsite.tecnavia.com\/chiesedisicilia_clientsite\/news\/2014\/01\/23\/trapani-parole-e-sobrieta-la-fatica-di-essere-giornalisti-oggi\/"},"modified":"2018-11-12T07:58:51","modified_gmt":"2018-01-16T07:58:51","slug":"trapani-parole-e-sobrieta-la-fatica-di-essere-giornalisti-oggi","status":"publish","type":"post","link":"https:\/\/www.chiesedisicilia.org\/2014\/01\/23\/trapani-parole-e-sobrieta-la-fatica-di-essere-giornalisti-oggi\/","title":{"rendered":"TRAPANI. \u201cPAROLE E SOBRIET\u00c0: LA FATICA DI ESSERE GIORNALISTI OGGI\u201d"},"content":{"rendered":"<p class=\"MsoNormal\"><span style=\"font-size: medium;\"><span style=\"font-family: 'Times New Roman';\"><span class=\"MsoSubtleEmphasis\"><span style=\"color: windowtext;\">\u201cParole e sobriet\u00e0: la fatica di essere giornalisti oggi\u201d \u00e8 il tema dell\u2019incontro tra il vescovo di Trapani, monsignor Pietro Maria Fragnelli, e i giornalisti, in occasione della Festa del santo patrono della categoria, san Francesco di Sales. L\u2019incontro si terr\u00e0 venerd\u00ec 24 gennaio con inizio alle ore 10, presso il salone dei vescovi, nel palazzo vescovile di Trapani. Dal Bollettino ecclesiastico della diocesi si evince che il primo incontro, con la celebrazione di una Messa per i giornalisti, si sia tenuto in episcopio nel 1954. \u201cSan Francesco di Sales &#8211; ricorda una nota della diocesi &#8211; fu il vescovo di Ginevra che nel XVI secolo, per diffondere la dottrina cattolica, cominci\u00f2 a stampare dei foglietti che distribuiva casa per casa; per questo motivo nel 1923 Papa XI lo proclam\u00f2 patrono dei giornalisti. Per la sua mansuetudine fu un modello di sacerdote per San Giovanni Bosco che chiam\u00f2 il suo istituto dei salesiani. \u00c8 detto anche il santo dell\u2019amabilit\u00e0 e dell\u2019ottimismo\u201d. [01]\u00a0<\/span><\/span><\/span><\/span><span class=\"MsoSubtleEmphasis\"><span style=\"font-size: 12pt; color: windowtext;\"><o:p><\/o:p><\/span><\/span><\/p>\n","protected":false},"excerpt":{"rendered":"","protected":false},"author":1,"featured_media":0,"comment_status":"open","ping_status":"open","sticky":false,"template":"","format":"standard","meta":[],"categories":[30],"tags":[],"news-destination":[],"news-source":[],"is_homepage":[],"ta_other":[],"_links":{"self":[{"href":"https:\/\/www.chiesedisicilia.org\/chiesedisicilia\/news\/wp-json\/wp\/v2\/posts\/4742"}],"collection":[{"href":"https:\/\/www.chiesedisicilia.org\/chiesedisicilia\/news\/wp-json\/wp\/v2\/posts"}],"about":[{"href":"https:\/\/www.chiesedisicilia.org\/chiesedisicilia\/news\/wp-json\/wp\/v2\/types\/post"}],"author":[{"embeddable":true,"href":"https:\/\/www.chiesedisicilia.org\/chiesedisicilia\/news\/wp-json\/wp\/v2\/users\/1"}],"replies":[{"embeddable":true,"href":"https:\/\/www.chiesedisicilia.org\/chiesedisicilia\/news\/wp-json\/wp\/v2\/comments?post=4742"}],"version-history":[{"count":1,"href":"https:\/\/www.chiesedisicilia.org\/chiesedisicilia\/news\/wp-json\/wp\/v2\/posts\/4742\/revisions"}],"predecessor-version":[{"id":23203,"href":"https:\/\/www.chiesedisicilia.org\/chiesedisicilia\/news\/wp-json\/wp\/v2\/posts\/4742\/revisions\/23203"}],"wp:attachment":[{"href":"https:\/\/www.chiesedisicilia.org\/chiesedisicilia\/news\/wp-json\/wp\/v2\/media?parent=4742"}],"wp:term":[{"taxonomy":"category","embeddable":true,"href":"https:\/\/www.chiesedisicilia.org\/chiesedisicilia\/news\/wp-json\/wp\/v2\/categories?post=4742"},{"taxonomy":"post_tag","embeddable":true,"href":"https:\/\/www.chiesedisicilia.org\/chiesedisicilia\/news\/wp-json\/wp\/v2\/tags?post=4742"},{"taxonomy":"news-destination","embeddable":true,"href":"https:\/\/www.chiesedisicilia.org\/chiesedisicilia\/news\/wp-json\/wp\/v2\/news-destination?post=4742"},{"taxonomy":"news-source","embeddable":true,"href":"https:\/\/www.chiesedisicilia.org\/chiesedisicilia\/news\/wp-json\/wp\/v2\/news-source?post=4742"},{"taxonomy":"is_homepage","embeddable":true,"href":"https:\/\/www.chiesedisicilia.org\/chiesedisicilia\/news\/wp-json\/wp\/v2\/is_homepage?post=4742"},{"taxonomy":"ta_other","embeddable":true,"href":"https:\/\/www.chiesedisicilia.org\/chiesedisicilia\/news\/wp-json\/wp\/v2\/ta_other?post=4742"}],"curies":[{"name":"wp","href":"https:\/\/api.w.org\/{rel}","templated":true}]}}