{"id":4722,"date":"2013-11-18T16:50:00","date_gmt":"2013-11-18T15:50:00","guid":{"rendered":"http:\/\/wptestsite.tecnavia.com\/chiesedisicilia_clientsite\/news\/2013\/11\/18\/trapani-biblioteca-diocesana-diritti-alle-storie\/"},"modified":"2018-11-12T07:58:51","modified_gmt":"2018-01-16T07:58:51","slug":"trapani-biblioteca-diocesana-diritti-alle-storie","status":"publish","type":"post","link":"https:\/\/www.chiesedisicilia.org\/2013\/11\/18\/trapani-biblioteca-diocesana-diritti-alle-storie\/","title":{"rendered":"TRAPANI. BIBLIOTECA DIOCESANA: \u201cDIRITTI ALLE STORIE!\u201d"},"content":{"rendered":"<p class=\"MsoNoSpacing\"><span style=\"font-size: medium;\"><span style=\"font-family: 'Times New Roman';\">In occasione della Settimana nazionale di Nati per leggere \u201cDiritti alle storie!\u201d, che si svolge dal 16 al 24 novembre, la Sezione per bambini e ragazzi \u201cIl piccolo principe\u201d della Biblioteca diocesana di Trapani propone appuntamenti rivolti non solo a bambini e ragazzi, ma anche a scuole ed adulti interessati all\u2019argomento.<\/span><\/span><span style=\"font-size: 12pt; font-family: 'Times New Roman', serif;\"><o:p><\/o:p><\/span><\/p>\n<p class=\"MsoNoSpacing\"><span style=\"font-size: medium;\"><span style=\"font-family: 'Times New Roman';\">Pi\u00f9 nello specifico <strong>luned\u00ec 18 novembre<\/strong>, alle ore 11. \u00c8 in programma un Laboratorio di lettura per le Scuole materne e la prima classe delle primarie, che sar\u00e0 ripetuto <strong>venerd\u00ec 22 novembre<\/strong>, alle ore 10. Tema dell\u2019appuntamento \u00e8 \u201cUn sacco \u2026 di storie!\u201d.<\/span><\/span><span style=\"font-size: 12pt; font-family: 'Times New Roman', serif;\"><span style=\"text-transform:uppercase;mso-bidi-font-style:italic\"><o:p><\/o:p><\/span><\/span><\/p>\n<p class=\"MsoNoSpacing\"><strong><span style=\"font-size: medium;\"><span style=\"font-family: 'Times New Roman';\">Mercoled\u00ec 20<\/span><\/span><\/strong><span style=\"font-size: medium;\"><span style=\"font-family: 'Times New Roman';\">, alle ore 16.30, si svolge <a href=\"\/chiese_di_sicilia\/diocesi_di_sicilia\/00002517_TRAPANI._NATI_PER_LEGGERE___I_DIRITTI_DEI_BAMBINI_.html\">\u201cI diritti dei bambini\u201d<\/a>: una tavola rotonda nella Giornata Internazionale dei Diritti del Bambino. <\/span><\/span><span style=\"font-size: 12pt; font-family: 'Times New Roman', serif;\"><o:p><\/o:p><\/span><\/p>\n<p class=\"MsoNoSpacing\"><strong><span style=\"font-size: medium;\"><span style=\"font-family: 'Times New Roman';\">Sabato 23 novembre<\/span><\/span><\/strong><span style=\"font-size: medium;\"><span style=\"font-family: 'Times New Roman';\">, alle ore 16, arriver\u00e0 \u201cIl treno delle storie\u201d: inaugurazione dei Laboratori di lettura ad alta voce del Piccolo Principe, edizione 2013-2014. [01]<\/span><\/span><span style=\"font-size: 12pt; font-family: 'Times New Roman', serif;\"><o:p><\/o:p><\/span><\/p>\n","protected":false},"excerpt":{"rendered":"","protected":false},"author":1,"featured_media":0,"comment_status":"open","ping_status":"open","sticky":false,"template":"","format":"standard","meta":[],"categories":[30],"tags":[],"news-destination":[],"news-source":[],"is_homepage":[],"ta_other":[],"_links":{"self":[{"href":"https:\/\/www.chiesedisicilia.org\/chiesedisicilia\/news\/wp-json\/wp\/v2\/posts\/4722"}],"collection":[{"href":"https:\/\/www.chiesedisicilia.org\/chiesedisicilia\/news\/wp-json\/wp\/v2\/posts"}],"about":[{"href":"https:\/\/www.chiesedisicilia.org\/chiesedisicilia\/news\/wp-json\/wp\/v2\/types\/post"}],"author":[{"embeddable":true,"href":"https:\/\/www.chiesedisicilia.org\/chiesedisicilia\/news\/wp-json\/wp\/v2\/users\/1"}],"replies":[{"embeddable":true,"href":"https:\/\/www.chiesedisicilia.org\/chiesedisicilia\/news\/wp-json\/wp\/v2\/comments?post=4722"}],"version-history":[{"count":1,"href":"https:\/\/www.chiesedisicilia.org\/chiesedisicilia\/news\/wp-json\/wp\/v2\/posts\/4722\/revisions"}],"predecessor-version":[{"id":23180,"href":"https:\/\/www.chiesedisicilia.org\/chiesedisicilia\/news\/wp-json\/wp\/v2\/posts\/4722\/revisions\/23180"}],"wp:attachment":[{"href":"https:\/\/www.chiesedisicilia.org\/chiesedisicilia\/news\/wp-json\/wp\/v2\/media?parent=4722"}],"wp:term":[{"taxonomy":"category","embeddable":true,"href":"https:\/\/www.chiesedisicilia.org\/chiesedisicilia\/news\/wp-json\/wp\/v2\/categories?post=4722"},{"taxonomy":"post_tag","embeddable":true,"href":"https:\/\/www.chiesedisicilia.org\/chiesedisicilia\/news\/wp-json\/wp\/v2\/tags?post=4722"},{"taxonomy":"news-destination","embeddable":true,"href":"https:\/\/www.chiesedisicilia.org\/chiesedisicilia\/news\/wp-json\/wp\/v2\/news-destination?post=4722"},{"taxonomy":"news-source","embeddable":true,"href":"https:\/\/www.chiesedisicilia.org\/chiesedisicilia\/news\/wp-json\/wp\/v2\/news-source?post=4722"},{"taxonomy":"is_homepage","embeddable":true,"href":"https:\/\/www.chiesedisicilia.org\/chiesedisicilia\/news\/wp-json\/wp\/v2\/is_homepage?post=4722"},{"taxonomy":"ta_other","embeddable":true,"href":"https:\/\/www.chiesedisicilia.org\/chiesedisicilia\/news\/wp-json\/wp\/v2\/ta_other?post=4722"}],"curies":[{"name":"wp","href":"https:\/\/api.w.org\/{rel}","templated":true}]}}