{"id":4707,"date":"2013-07-16T12:22:00","date_gmt":"2013-07-16T10:22:00","guid":{"rendered":"http:\/\/wptestsite.tecnavia.com\/chiesedisicilia_clientsite\/news\/2013\/07\/16\/trapani-santuario-santanna-ad-erice-estate-in-silenzio\/"},"modified":"2018-11-12T07:58:51","modified_gmt":"2018-01-16T07:58:51","slug":"trapani-santuario-santanna-ad-erice-estate-in-silenzio","status":"publish","type":"post","link":"https:\/\/www.chiesedisicilia.org\/2013\/07\/16\/trapani-santuario-santanna-ad-erice-estate-in-silenzio\/","title":{"rendered":"TRAPANI. SANTUARIO SANT&#8217;ANNA AD ERICE: ESTATE &#8220;IN SILENZIO&#8221;"},"content":{"rendered":"<p class=\"MsoNormal\"><span style=\"font-family: 'Times New Roman';\"><span style=\"font-size: 12pt;\">Gli amici del Santuario \u201cSant\u2019Anna\u201d, il vecchio monastero che sorge sull\u2019omonimo pizzo Sant\u2019Anna sulla vecchia strada per Erice, propongono per l\u2019estate dei momenti di spiritualit\u00e0, con giornate e campi di lavoro per quanti durante la pausa estiva vogliono \u201cricostruire nel silenzio il benessere spirituale, in un luogo in cui vivere a contatto con la natura e nell\u2019essenzialit\u00e0 di una vita frugale\u201d. Quella proposta \u00e8 un\u2019esperienza di nicchia, ma sempre richiesta negli ultimi anni in Diocesi e in cui il Santuario, gestito grazie alla disponibilit\u00e0 di volontari che se ne prendono cura, \u00e8 diventato nel tempo un punto di riferimento: il luogo, infatti, si presta al silenzio, alla preghiera e alla fraternit\u00e0, nella semplicit\u00e0 e nella essenzialit\u00e0. Diverse le possibilit\u00e0 offerte: i\u00a0<\/span><\/span><span style=\"font-family: 'Times New Roman';\"><span style=\"font-size: 12pt;\">Campi di lavoro &#8220;<\/span><i><span style=\"font-size: 12pt;\">La preghiera del Padre Nostro<\/span><\/i><span style=\"font-size: 12pt;\">&#8220;,<\/span><span style=\"font-size: 9px;\">\u00a0<\/span><\/span><span style=\"font-family: 'Times New Roman';\"><span style=\"font-size: 12pt;\">da luned\u00ec 15 a venerd\u00ec 19 Luglio e\u00a0<\/span><\/span><span style=\"font-family: 'Times New Roman'; text-indent: -18pt; font-size: 12pt;\">da sabato 20 a sabato 27 Luglio; le\u00a0<\/span><span style=\"font-family: 'Times New Roman';\"><span style=\"font-size: 12pt;\">Giornate di spiritualit\u00e0 &#8220;<\/span><i><span style=\"font-size: 12pt;\">Meditiamo con Il Piccolo Principe\u201d,\u00a0<\/span><\/i><\/span><span style=\"font-family: 'Times New Roman'; text-indent: -18pt; font-size: 12pt;\">da venerd\u00ec 2 a domenica 4 Agosto;\u00a0<\/span><span style=\"font-family: 'Times New Roman';\"><span style=\"font-size: 12pt;\">Esercizi spirituali &#8220;<\/span><i><span style=\"font-size: 12pt;\">Il discorso del monte&#8221;<\/span><\/i><\/span><span style=\"font-family: 'Times New Roman';\"><span style=\"font-size: 12pt;\"><span style=\"font-size: 7pt;\">\u00a0\u00a0<\/span><\/span><!--[endif]--><span style=\"font-size: 12pt;\">da sabato 17 a gioved\u00ec 22 Agosto. [01]<\/span><\/span><span style=\"font-size:12.0pt;font-family:\"Times New Roman\",\"serif\"\"><o:p><\/o:p><\/span><\/p>\n","protected":false},"excerpt":{"rendered":"","protected":false},"author":1,"featured_media":0,"comment_status":"open","ping_status":"open","sticky":false,"template":"","format":"standard","meta":[],"categories":[30],"tags":[],"news-destination":[],"news-source":[],"is_homepage":[],"ta_other":[],"_links":{"self":[{"href":"https:\/\/www.chiesedisicilia.org\/chiesedisicilia\/news\/wp-json\/wp\/v2\/posts\/4707"}],"collection":[{"href":"https:\/\/www.chiesedisicilia.org\/chiesedisicilia\/news\/wp-json\/wp\/v2\/posts"}],"about":[{"href":"https:\/\/www.chiesedisicilia.org\/chiesedisicilia\/news\/wp-json\/wp\/v2\/types\/post"}],"author":[{"embeddable":true,"href":"https:\/\/www.chiesedisicilia.org\/chiesedisicilia\/news\/wp-json\/wp\/v2\/users\/1"}],"replies":[{"embeddable":true,"href":"https:\/\/www.chiesedisicilia.org\/chiesedisicilia\/news\/wp-json\/wp\/v2\/comments?post=4707"}],"version-history":[{"count":1,"href":"https:\/\/www.chiesedisicilia.org\/chiesedisicilia\/news\/wp-json\/wp\/v2\/posts\/4707\/revisions"}],"predecessor-version":[{"id":23165,"href":"https:\/\/www.chiesedisicilia.org\/chiesedisicilia\/news\/wp-json\/wp\/v2\/posts\/4707\/revisions\/23165"}],"wp:attachment":[{"href":"https:\/\/www.chiesedisicilia.org\/chiesedisicilia\/news\/wp-json\/wp\/v2\/media?parent=4707"}],"wp:term":[{"taxonomy":"category","embeddable":true,"href":"https:\/\/www.chiesedisicilia.org\/chiesedisicilia\/news\/wp-json\/wp\/v2\/categories?post=4707"},{"taxonomy":"post_tag","embeddable":true,"href":"https:\/\/www.chiesedisicilia.org\/chiesedisicilia\/news\/wp-json\/wp\/v2\/tags?post=4707"},{"taxonomy":"news-destination","embeddable":true,"href":"https:\/\/www.chiesedisicilia.org\/chiesedisicilia\/news\/wp-json\/wp\/v2\/news-destination?post=4707"},{"taxonomy":"news-source","embeddable":true,"href":"https:\/\/www.chiesedisicilia.org\/chiesedisicilia\/news\/wp-json\/wp\/v2\/news-source?post=4707"},{"taxonomy":"is_homepage","embeddable":true,"href":"https:\/\/www.chiesedisicilia.org\/chiesedisicilia\/news\/wp-json\/wp\/v2\/is_homepage?post=4707"},{"taxonomy":"ta_other","embeddable":true,"href":"https:\/\/www.chiesedisicilia.org\/chiesedisicilia\/news\/wp-json\/wp\/v2\/ta_other?post=4707"}],"curies":[{"name":"wp","href":"https:\/\/api.w.org\/{rel}","templated":true}]}}